{"id":10316,"date":"2026-04-20T15:18:48","date_gmt":"2026-04-20T13:18:48","guid":{"rendered":"http:\/\/max-emden.de\/wordpress\/?p=10316"},"modified":"2026-04-29T10:04:38","modified_gmt":"2026-04-29T08:04:38","slug":"franzoesisch-2","status":"publish","type":"post","link":"https:\/\/max-emden.de\/wordpress\/franzoesisch-2\/","title":{"rendered":"Die Fachgruppe Franz\u00f6sisch stellt sich vor"},"content":{"rendered":"\t\t<div data-elementor-type=\"wp-post\" data-elementor-id=\"10316\" class=\"elementor elementor-10316\" data-elementor-post-type=\"post\">\n\t\t\t\t\t\t<section class=\"elementor-section elementor-top-section elementor-element elementor-element-a822ce7 elementor-section-boxed elementor-section-height-default elementor-section-height-default\" data-id=\"a822ce7\" data-element_type=\"section\" data-e-type=\"section\">\n\t\t\t\t\t\t<div class=\"elementor-container elementor-column-gap-default\">\n\t\t\t\t\t<div class=\"elementor-column elementor-col-100 elementor-top-column elementor-element elementor-element-15efe92\" data-id=\"15efe92\" data-element_type=\"column\" data-e-type=\"column\">\n\t\t\t<div class=\"elementor-widget-wrap elementor-element-populated\">\n\t\t\t\t\t\t<div class=\"elementor-element elementor-element-56aa5bf elementor-widget elementor-widget-image\" data-id=\"56aa5bf\" data-element_type=\"widget\" data-e-type=\"widget\" data-widget_type=\"image.default\">\n\t\t\t\t<div class=\"elementor-widget-container\">\n\t\t\t\t\t\t\t\t\t\t\t\t\t\t\t<img fetchpriority=\"high\" decoding=\"async\" width=\"599\" height=\"863\" src=\"https:\/\/max-emden.de\/wordpress\/wp-content\/uploads\/2020\/10\/Bildschirmfoto-2020-10-21-um-12.15.11.png\" class=\"attachment-large size-large wp-image-10317\" alt=\"\" srcset=\"https:\/\/max-emden.de\/wordpress\/wp-content\/uploads\/2020\/10\/Bildschirmfoto-2020-10-21-um-12.15.11.png 599w, https:\/\/max-emden.de\/wordpress\/wp-content\/uploads\/2020\/10\/Bildschirmfoto-2020-10-21-um-12.15.11-208x300.png 208w\" sizes=\"(max-width: 599px) 100vw, 599px\" \/>\t\t\t\t\t\t\t\t\t\t\t\t\t\t\t<\/div>\n\t\t\t\t<\/div>\n\t\t\t\t\t<\/div>\n\t\t<\/div>\n\t\t\t\t\t<\/div>\n\t\t<\/section>\n\t\t\t\t<section class=\"elementor-section elementor-top-section elementor-element elementor-element-0881342 elementor-section-boxed elementor-section-height-default elementor-section-height-default\" data-id=\"0881342\" data-element_type=\"section\" data-e-type=\"section\">\n\t\t\t\t\t\t<div class=\"elementor-container elementor-column-gap-default\">\n\t\t\t\t\t<div class=\"elementor-column elementor-col-100 elementor-top-column elementor-element elementor-element-3a9c9d9\" data-id=\"3a9c9d9\" data-element_type=\"column\" data-e-type=\"column\">\n\t\t\t<div class=\"elementor-widget-wrap elementor-element-populated\">\n\t\t\t\t\t\t<div class=\"elementor-element elementor-element-4ecb43b elementor-widget elementor-widget-text-editor\" data-id=\"4ecb43b\" data-element_type=\"widget\" data-e-type=\"widget\" data-widget_type=\"text-editor.default\">\n\t\t\t\t<div class=\"elementor-widget-container\">\n\t\t\t\t\t\t\t\t\t<p align=\"JUSTIFY\"><span style=\"font-family: Arial, sans-serif;\">Wer Franz\u00f6sisch sprechen kann, dem er\u00f6ffnen sich vielf\u00e4ltige Kommunikationsm\u00f6glichkeiten auf der ganzen Welt! Mehr als 300 Millionen Menschen sprechen Franz\u00f6sisch, in 32 Staaten ist sie Amts- und Verkehrssprache! Franz\u00f6sisch ist 2. Arbeitssprache in der EU, UNO, NATO, UNESCO und OECD. Nicht zuletzt ist Frankreich der wichtigste Handelspartner Deutschlands.<\/span><\/p><p align=\"JUSTIFY\"><span style=\"font-family: Arial, sans-serif;\">(<\/span><span style=\"font-family: Arial, sans-serif;\">Vgl. <\/span><span style=\"font-family: Arial, sans-serif;\"><a href=\"https:\/\/bit.ly\/35h3jKY\">https:\/\/bit.ly\/35h3jKY<\/a>, letzter Zugriff <\/span><span style=\"font-family: Arial, sans-serif;\">20.10.20)<\/span><\/p><p align=\"JUSTIFY\"><span style=\"font-family: Arial, sans-serif;\">Kulturell sind Frankreich und Deutschland bis heute eng vernetzt, sei es in der Kunst, Literatur, Politik, Musik oder auch der Architektur. Seit mehr als 50 Jahren wird die deutsch-franz\u00f6sische Freundschaft gepflegt, Jugendlichen beider L\u00e4nder erm\u00f6glicht das Deutsch-franz\u00f6sische Jugendwerk binationale Begegnungen.<\/span><\/p><p align=\"JUSTIFY\"><span style=\"font-family: Arial, sans-serif;\">Die Fachschaft Franz\u00f6sisch setzt sich wie folgt zusammen:<\/span><\/p><p align=\"JUSTIFY\"><i>Christine Cerff<\/i><\/p><p align=\"JUSTIFY\"><span style=\"font-family: Arial, sans-serif;\"><i>Victoria Frers<\/i><\/span><\/p><p align=\"JUSTIFY\"><span style=\"font-family: Arial, sans-serif;\"><i>Frauke Friedrich <\/i><\/span><\/p><p align=\"JUSTIFY\"><span style=\"font-family: Arial, sans-serif;\"><i>Stefanie Martin<\/i><\/span><\/p><p align=\"JUSTIFY\"><span style=\"font-family: Arial, sans-serif;\"><i>Severin Tillmann <\/i><\/span><\/p><p align=\"JUSTIFY\"><span style=\"font-family: Arial, sans-serif;\"><i>Dr. Susanne van Hove<\/i> (Fachobfrau)<\/span><\/p>\t\t\t\t\t\t\t\t<\/div>\n\t\t\t\t<\/div>\n\t\t\t\t\t<\/div>\n\t\t<\/div>\n\t\t\t\t\t<\/div>\n\t\t<\/section>\n\t\t\t\t<section class=\"elementor-section elementor-top-section elementor-element elementor-element-011a1a4 elementor-section-boxed elementor-section-height-default elementor-section-height-default\" data-id=\"011a1a4\" data-element_type=\"section\" data-e-type=\"section\">\n\t\t\t\t\t\t<div class=\"elementor-container elementor-column-gap-default\">\n\t\t\t\t\t<div class=\"elementor-column elementor-col-100 elementor-top-column elementor-element elementor-element-dc3fec8\" data-id=\"dc3fec8\" data-element_type=\"column\" data-e-type=\"column\">\n\t\t\t<div class=\"elementor-widget-wrap elementor-element-populated\">\n\t\t\t\t\t\t<div class=\"elementor-element elementor-element-0f675d2 elementor-widget elementor-widget-heading\" data-id=\"0f675d2\" data-element_type=\"widget\" data-e-type=\"widget\" data-widget_type=\"heading.default\">\n\t\t\t\t<div class=\"elementor-widget-container\">\n\t\t\t\t\t<h2 class=\"elementor-heading-title elementor-size-default\">Franz\u00f6sisch am Max<\/h2>\t\t\t\t<\/div>\n\t\t\t\t<\/div>\n\t\t\t\t\t<\/div>\n\t\t<\/div>\n\t\t\t\t\t<\/div>\n\t\t<\/section>\n\t\t\t\t<section class=\"elementor-section elementor-top-section elementor-element elementor-element-3742f75 elementor-section-boxed elementor-section-height-default elementor-section-height-default\" data-id=\"3742f75\" data-element_type=\"section\" data-e-type=\"section\">\n\t\t\t\t\t\t<div class=\"elementor-container elementor-column-gap-default\">\n\t\t\t\t\t<div class=\"elementor-column elementor-col-100 elementor-top-column elementor-element elementor-element-7fc4a81\" data-id=\"7fc4a81\" data-element_type=\"column\" data-e-type=\"column\">\n\t\t\t<div class=\"elementor-widget-wrap elementor-element-populated\">\n\t\t\t\t\t\t<div class=\"elementor-element elementor-element-06afe1e elementor-widget elementor-widget-text-editor\" data-id=\"06afe1e\" data-element_type=\"widget\" data-e-type=\"widget\" data-widget_type=\"text-editor.default\">\n\t\t\t\t<div class=\"elementor-widget-container\">\n\t\t\t\t\t\t\t\t\t<p align=\"JUSTIFY\"><span style=\"font-family: Arial, sans-serif;\">Am Max-Windm\u00fcller-Gymnasium wird Franz\u00f6sisch als zweite Fremdsprache beginnend in Jahrgangsstufe 6 vierst\u00fcndig angeboten, in Jahrgangsstufe 10 und 11 dreist\u00fcndig.<\/span><\/p><p align=\"JUSTIFY\"><span style=\"font-family: Arial, sans-serif;\">Im Mittelpunkt des Franz\u00f6sischunterrichts stehen die Fertigkeiten dialogisches und monologisches Sprechen, H\u00f6r- und Leseverstehen, Sprachmittlung sowie das Schreiben von eigenen Texten, die in jeder Lektion des entsprechenden Lehrwerkes angewendet und vertieft werden. Alle Kompetenzen werden regelm\u00e4\u00dfig in Form von Tests, Klassenarbeiten bzw. in Form von Sprechpr\u00fcfungen \u00fcberpr\u00fcft.<\/span><\/p><p align=\"JUSTIFY\"><span style=\"font-family: Arial, sans-serif;\">In den Jahrgangsstufen 6 und 7 findet jedes Fr\u00fchjahr ein Vorlesewettbewerb in franz\u00f6sischer Sprache statt. Die Jury setzt sich u.a. aus VertreterInnen der Sch\u00fcler-\/ Elternschaft, einer Muttersprachlerin und der Fachobfrau Franz\u00f6sisch zusammen.<\/span><\/p><p align=\"JUSTIFY\"><span style=\"font-family: Arial, sans-serif;\">Im ersten Halbjahr findet zudem eine Cin\u00e9f\u00eate in Zusammenarbeit mit der VHS Emden statt, in der ausgew\u00e4hlten Jahrg\u00e4ngen franz\u00f6sischsprachige Filme pr\u00e4sentiert werden. <\/span><\/p><p><span style=\"font-family: Arial, sans-serif;\">Einen ersten Einblick zu den Anforderungen im Fach Franz\u00f6sisch ab Klasse 6 gibt es <a href=\"https:\/\/www.youtube.com\/watch?v=AMFdffGAmJc&amp;embeds_widget_referrer=https%3A%2F%2Fmax-emden.de%2Fwordpress%2Fwp-admin%2Fpost.php%3Fpost%3D10316%26action%3Delementor&amp;embeds_referring_euri=https%3A%2F%2Fmax-emden.de%2F&amp;embeds_referring_origin=https%3A%2F%2Fmax-emden.de\">im folgenden Video<\/a> <\/span><\/p>\t\t\t\t\t\t\t\t<\/div>\n\t\t\t\t<\/div>\n\t\t\t\t\t<\/div>\n\t\t<\/div>\n\t\t\t\t\t<\/div>\n\t\t<\/section>\n\t\t\t\t<section class=\"elementor-section elementor-top-section elementor-element elementor-element-8501c51 elementor-section-boxed elementor-section-height-default elementor-section-height-default\" data-id=\"8501c51\" data-element_type=\"section\" data-e-type=\"section\">\n\t\t\t\t\t\t<div class=\"elementor-container elementor-column-gap-default\">\n\t\t\t\t\t<div class=\"elementor-column elementor-col-100 elementor-top-column elementor-element elementor-element-28f53ad\" data-id=\"28f53ad\" data-element_type=\"column\" data-e-type=\"column\">\n\t\t\t<div class=\"elementor-widget-wrap elementor-element-populated\">\n\t\t\t\t\t\t<div class=\"elementor-element elementor-element-6720648 elementor-widget elementor-widget-video\" data-id=\"6720648\" data-element_type=\"widget\" data-e-type=\"widget\" data-settings=\"{&quot;youtube_url&quot;:&quot;https:\\\/\\\/www.youtube.com\\\/watch?v=AMFdffGAmJc&amp;feature=youtu.be&quot;,&quot;yt_privacy&quot;:&quot;yes&quot;,&quot;video_type&quot;:&quot;youtube&quot;,&quot;controls&quot;:&quot;yes&quot;}\" data-widget_type=\"video.default\">\n\t\t\t\t<div class=\"elementor-widget-container\">\n\t\t\t\t\t\t\t<div class=\"elementor-wrapper elementor-open-inline\">\n\t\t\t<div class=\"elementor-video\"><\/div>\t\t<\/div>\n\t\t\t\t\t\t<\/div>\n\t\t\t\t<\/div>\n\t\t\t\t\t<\/div>\n\t\t<\/div>\n\t\t\t\t\t<\/div>\n\t\t<\/section>\n\t\t\t\t<section class=\"elementor-section elementor-top-section elementor-element elementor-element-b554dc8 elementor-section-boxed elementor-section-height-default elementor-section-height-default\" data-id=\"b554dc8\" data-element_type=\"section\" data-e-type=\"section\">\n\t\t\t\t\t\t<div class=\"elementor-container elementor-column-gap-default\">\n\t\t\t\t\t<div class=\"elementor-column elementor-col-100 elementor-top-column elementor-element elementor-element-8875678\" data-id=\"8875678\" data-element_type=\"column\" data-e-type=\"column\">\n\t\t\t<div class=\"elementor-widget-wrap elementor-element-populated\">\n\t\t\t\t\t\t<div class=\"elementor-element elementor-element-973a2a0 elementor-widget elementor-widget-text-editor\" data-id=\"973a2a0\" data-element_type=\"widget\" data-e-type=\"widget\" data-widget_type=\"text-editor.default\">\n\t\t\t\t<div class=\"elementor-widget-container\">\n\t\t\t\t\t\t\t\t\t<p align=\"JUSTIFY\"><span style=\"font-family: Arial, sans-serif;\">In den Jahrgangsstufen 6 und 7 wird im Fach Franz\u00f6sisch nachmittags in der 7. Stunde zus\u00e4tzlich ein einst\u00fcndiger F\u00f6rderunterricht angeboten.<\/span><\/p><h6><a href=\"https:\/\/max-emden.de\/wordpress\/wp-content\/uploads\/2020\/10\/fr_gym_si_kc_druck_2017.pdf\"><span style=\"font-family: Arial, sans-serif;\"><span style=\"font-size: small;\">Lehrplan (Kerncurriculum) der Sekundarstufe I<\/span><\/span><\/a><\/h6><p><span style=\"font-family: Arial, sans-serif;\"><span style=\"font-size: small;\">Schulinterne Lehrpl\u00e4ne:<\/span><\/span><\/p><p><a href=\"https:\/\/max-emden.de\/wordpress\/wp-content\/uploads\/2020\/10\/Schulinternes-KC-Jg.6-A-plus-Bd.1-U1-5.pdf\"><span style=\"font-family: Arial, sans-serif; font-size: small;\">Jahrgang 6<\/span><\/a><\/p><p><a href=\"https:\/\/max-emden.de\/wordpress\/wp-content\/uploads\/2020\/10\/Schulinternes-KC-Jg.7-A-plus-Bd.1-U5-8-Bd.2-U1-3-1.pdf\"><span style=\"font-family: Arial, sans-serif; font-size: small;\">Jahrgang 7<\/span><\/a><\/p><p><a href=\"https:\/\/max-emden.de\/wordpress\/wp-content\/uploads\/2020\/10\/Schulinternes-KC-Jg.8-A-plus-Bd.2-U4-6-Bd.3-U1-2.pdf\"><span style=\"font-family: Arial, sans-serif; font-size: small;\">Jahrgang 8<\/span><\/a><\/p><p><a href=\"https:\/\/max-emden.de\/wordpress\/wp-content\/uploads\/2020\/10\/Schulinternes-KC-Jg.9-A-plus-Bd.3-U3-5-Bd.4-U1.pdf\"><span style=\"font-family: Arial, sans-serif; font-size: small;\">Jahrgang 9<\/span><\/a><\/p><p><a href=\"https:\/\/max-emden.de\/wordpress\/wp-content\/uploads\/2020\/10\/Schulinternes-KC-Jg.10-A-plus-Bd.4-U2-3-1.pdf\"><span style=\"font-family: Arial, sans-serif; font-size: small;\">Jahrgang 10<\/span><\/a><\/p><p>\u00a0<\/p>\t\t\t\t\t\t\t\t<\/div>\n\t\t\t\t<\/div>\n\t\t\t\t\t<\/div>\n\t\t<\/div>\n\t\t\t\t\t<\/div>\n\t\t<\/section>\n\t\t\t\t<section class=\"elementor-section elementor-top-section elementor-element elementor-element-4abcc9a elementor-section-boxed elementor-section-height-default elementor-section-height-default\" data-id=\"4abcc9a\" data-element_type=\"section\" data-e-type=\"section\">\n\t\t\t\t\t\t<div class=\"elementor-container elementor-column-gap-default\">\n\t\t\t\t\t<div class=\"elementor-column elementor-col-100 elementor-top-column elementor-element elementor-element-f90051a\" data-id=\"f90051a\" data-element_type=\"column\" data-e-type=\"column\">\n\t\t\t<div class=\"elementor-widget-wrap elementor-element-populated\">\n\t\t\t\t\t\t<div class=\"elementor-element elementor-element-fde2f5f elementor-widget elementor-widget-text-editor\" data-id=\"fde2f5f\" data-element_type=\"widget\" data-e-type=\"widget\" data-widget_type=\"text-editor.default\">\n\t\t\t\t<div class=\"elementor-widget-container\">\n\t\t\t\t\t\t\t\t\t<p align=\"JUSTIFY\"><span style=\"font-family: Arial, sans-serif;\"><b>Sekundarstufe II <\/b><\/span><\/p><p align=\"JUSTIFY\"><span style=\"font-family: Arial, sans-serif;\">Der Jahrgang 11 (Sprachniveau B1+) ist Bindeglied zwischen Sek I und Qualifikationsphase. Inhaltliche Vorgaben sind die Lekt\u00fcre und Analyse einer authentischen Ganzschrift (z.B. ein Roman, ein Theaterst\u00fcck, etc.), eine Filmanalyse sowie Projektarbeit. Grunds\u00e4tzlich gilt es in Jahrgangsstufe 11 Wortschatz und Grammatik zu wiederholen, zu festigen und zu vertiefen.<\/span><\/p><p align=\"JUSTIFY\"><span style=\"font-family: Arial, sans-serif;\">Die Oberstufenkurse finden in Kooperation mit dem Johannes-Althusius-Gymnasium als auch mit der Integrierten Gesamtschule Emden statt.<\/span><\/p><p align=\"JUSTIFY\"><span style=\"font-family: Arial, sans-serif;\">Hinweise zu den Abiturpr\u00fcfungen 2021, 2022, 2023 im Fach Franz\u00f6sisch:<\/span><\/p><p><a href=\"https:\/\/max-emden.de\/wordpress\/wp-content\/uploads\/2025\/02\/03FranzoesischHinweise2025_202307.pdf\">Fachbezogene Hinweise Zentralabitur 2025<\/a><\/p><p><a href=\"https:\/\/max-emden.de\/wordpress\/wp-content\/uploads\/2025\/02\/03_FranzoesischHinweise2026_x.pdf\">Fachbezogene Hinweise Zentralabitur 2026<\/a>\u00a0<\/p><p><a href=\"https:\/\/max-emden.de\/wordpress\/wp-content\/uploads\/2025\/02\/03_Franzoesisch_Hinweise_2027.pdf\">Fachbezogene Hinweise Zentralabitur 2027<\/a><\/p><h6><strong><a href=\"https:\/\/www.kmk.org\/fileadmin\/veroeffentlichungen_beschluesse\/1989\/1989_12_01-EPA-Franzoesisch.pdf\"><span style=\"font-family: Arial, sans-serif;\"><span style=\"font-size: small;\">Einheitliche Pr\u00fcfungsanforderungen (EPA)<\/span><\/span><\/a><\/strong><\/h6><p align=\"JUSTIFY\"><span style=\"font-family: Arial, sans-serif;\"><b>Bewertung (Sek I)<\/b><\/span><\/p><p align=\"JUSTIFY\"><span style=\"font-family: Arial, sans-serif;\">Die Leistungsbewertung im Fach Franz\u00f6sisch setzt sich folgenderma\u00dfen zusammen:<\/span><\/p><p align=\"JUSTIFY\"><span style=\"font-family: Arial, sans-serif;\">M\u00fcndliche Leistungen: 60%<\/span><\/p><p align=\"JUSTIFY\"><span style=\"font-family: Arial, sans-serif;\">Schriftliche Leistungen: 40%<\/span><\/p><p align=\"JUSTIFY\"><span style=\"font-family: Arial, sans-serif;\">In jedem Halbjahr erfolgen in der Regel zwei Klassenarbeiten; in den Jahrg\u00e4ngen 8 und 10 wird eine Klassenarbeit durch eine Sprechpr\u00fcfung ersetzt, in der jeweils zwei bis drei Sch\u00fclerInnen in Kleingruppen ihre Fertigkeiten in den Bereichen Interview, Monolog und Dialog unter Beweis stellen m\u00fcssen.<\/span><\/p><p align=\"JUSTIFY\"><span style=\"font-family: Arial, sans-serif;\"><b>Bewertung (Sek II)<\/b><\/span><\/p><p align=\"JUSTIFY\"><a href=\"https:\/\/max-emden.de\/wordpress\/wp-content\/uploads\/2015\/07\/max-einfuehrungsphase.pdf https:\/\/max-emden.de\/wordpress\/wp-content\/uploads\/2015\/07\/max-qualifikationsphase.pdf\" data-wplink-url-error=\"true\"><span style=\"font-family: Arial, sans-serif;\">Informationen hinsichtlich der Einf\u00fchrungsphase (Jahrgang 11)<\/span><\/a><\/p><p align=\"JUSTIFY\"><a href=\"https:\/\/max-emden.de\/wordpress\/wp-content\/uploads\/2015\/07\/max-qualifikationsphase.pdf\">Informationen hinsichtlich der Qualifikationsphase (Jahrg\u00e4nge 12\/13)<\/a><\/p><p align=\"JUSTIFY\">\u00a0<\/p>\t\t\t\t\t\t\t\t<\/div>\n\t\t\t\t<\/div>\n\t\t\t\t\t<\/div>\n\t\t<\/div>\n\t\t\t\t\t<\/div>\n\t\t<\/section>\n\t\t\t\t<\/div>\n\t\t","protected":false},"excerpt":{"rendered":"<p>Wer Franz\u00f6sisch sprechen kann, dem er\u00f6ffnen sich vielf\u00e4ltige Kommunikationsm\u00f6glichkeiten auf der ganzen Welt! Mehr als 300 Millionen Menschen sprechen Franz\u00f6sisch, in 32 Staaten ist sie<a class=\"moretag\" href=\"https:\/\/max-emden.de\/wordpress\/franzoesisch-2\/\"> [&#8230;]<\/a><\/p>\n","protected":false},"author":1,"featured_media":4755,"comment_status":"closed","ping_status":"closed","sticky":false,"template":"","format":"standard","meta":{"footnotes":""},"categories":[31],"tags":[],"class_list":["post-10316","post","type-post","status-publish","format-standard","has-post-thumbnail","hentry","category-franzoesisch"],"_links":{"self":[{"href":"https:\/\/max-emden.de\/wordpress\/wp-json\/wp\/v2\/posts\/10316","targetHints":{"allow":["GET"]}}],"collection":[{"href":"https:\/\/max-emden.de\/wordpress\/wp-json\/wp\/v2\/posts"}],"about":[{"href":"https:\/\/max-emden.de\/wordpress\/wp-json\/wp\/v2\/types\/post"}],"author":[{"embeddable":true,"href":"https:\/\/max-emden.de\/wordpress\/wp-json\/wp\/v2\/users\/1"}],"replies":[{"embeddable":true,"href":"https:\/\/max-emden.de\/wordpress\/wp-json\/wp\/v2\/comments?post=10316"}],"version-history":[{"count":21,"href":"https:\/\/max-emden.de\/wordpress\/wp-json\/wp\/v2\/posts\/10316\/revisions"}],"predecessor-version":[{"id":21611,"href":"https:\/\/max-emden.de\/wordpress\/wp-json\/wp\/v2\/posts\/10316\/revisions\/21611"}],"wp:featuredmedia":[{"embeddable":true,"href":"https:\/\/max-emden.de\/wordpress\/wp-json\/wp\/v2\/media\/4755"}],"wp:attachment":[{"href":"https:\/\/max-emden.de\/wordpress\/wp-json\/wp\/v2\/media?parent=10316"}],"wp:term":[{"taxonomy":"category","embeddable":true,"href":"https:\/\/max-emden.de\/wordpress\/wp-json\/wp\/v2\/categories?post=10316"},{"taxonomy":"post_tag","embeddable":true,"href":"https:\/\/max-emden.de\/wordpress\/wp-json\/wp\/v2\/tags?post=10316"}],"curies":[{"name":"wp","href":"https:\/\/api.w.org\/{rel}","templated":true}]}}