{"id":10677,"date":"2020-11-07T14:11:00","date_gmt":"2020-11-07T13:11:00","guid":{"rendered":"http:\/\/max-emden.de\/wordpress\/?p=10677"},"modified":"2020-11-13T16:19:36","modified_gmt":"2020-11-13T15:19:36","slug":"unterricht-im-szenario-b-gilt-ab-9-november-2020","status":"publish","type":"post","link":"https:\/\/max-emden.de\/wordpress\/unterricht-im-szenario-b-gilt-ab-9-november-2020\/","title":{"rendered":"Unterricht im Szenario B gilt ab 9. November 2020"},"content":{"rendered":"<p>Liebe Sch\u00fclerinnen und Sch\u00fcler, sehr geehrte Eltern, liebe Kolleginnen und Kollegen,<\/p>\n<p>wie schon angek\u00fcndigt, wechselt das Max mit Wirkung vom 09.11.2020 in das Szenario B! Der Unterricht\u00a0in der Woche vom 09. &#8211; 13.11.2020 findet f\u00fcr die B-Gruppen als Pr\u00e4senzunterricht und die A-Gruppen als\u00a0&#8222;Lernen zuhause&#8220; statt.\u00a0\u00dcber die bereits bekannt gegebenen Regelungen hinaus, hat die Stadt Emden die folgenden, z.T. weitergehenden\u00a0Regelungen getroffen:<\/p>\n<p>&#8211; Auch im Szenario B bleibt die Tragepflicht eines Mund-Nasenschutzes in den R\u00e4umlichkeiten der Schulen\u00a0auch f\u00fcr Lehr- und sonstiges Personal bestehen.<\/p>\n<p>&#8211; Des Weiteren gilt ein Verbot f\u00fcr den Unterricht im Fach Sport mit Ausnahme der Sportpr\u00fcfungskurse in\u00a0der Qualifikationsphase der gymnasialen Oberstufe.<\/p>\n<p>Bitte beachten Sie die <a href=\"https:\/\/max-emden.de\/wordpress\/wp-content\/uploads\/2020\/11\/Elternbrief-Szenario-B-06.11.2020.pdf\">Hinweise in meiner Mail vom 06.11.2020<\/a> und auf dem Vertretungsplan. Die Klassenlehrkr\u00e4fte\u00a0und Tutoren teilen ihren Lerngruppen die Gruppeneinteilungen mit.<\/p>\n<p>Ich w\u00fcnsche allen gute Gesundheit und einen guten Start ins Szenario B!<\/p>\n<p>Mit freundlichen Gr\u00fc\u00dfen<\/p>\n<p>Frank Tapper, Schulleiter<\/p>\n","protected":false},"excerpt":{"rendered":"<p>Liebe Sch\u00fclerinnen und Sch\u00fcler, sehr geehrte Eltern, liebe Kolleginnen und Kollegen, wie schon angek\u00fcndigt, wechselt das Max mit Wirkung vom 09.11.2020 in das Szenario B!<a class=\"moretag\" href=\"https:\/\/max-emden.de\/wordpress\/unterricht-im-szenario-b-gilt-ab-9-november-2020\/\"> [&#8230;]<\/a><\/p>\n","protected":false},"author":1,"featured_media":833,"comment_status":"closed","ping_status":"closed","sticky":false,"template":"","format":"standard","meta":{"footnotes":""},"categories":[2],"tags":[],"class_list":["post-10677","post","type-post","status-publish","format-standard","has-post-thumbnail","hentry","category-allgemein"],"_links":{"self":[{"href":"https:\/\/max-emden.de\/wordpress\/wp-json\/wp\/v2\/posts\/10677","targetHints":{"allow":["GET"]}}],"collection":[{"href":"https:\/\/max-emden.de\/wordpress\/wp-json\/wp\/v2\/posts"}],"about":[{"href":"https:\/\/max-emden.de\/wordpress\/wp-json\/wp\/v2\/types\/post"}],"author":[{"embeddable":true,"href":"https:\/\/max-emden.de\/wordpress\/wp-json\/wp\/v2\/users\/1"}],"replies":[{"embeddable":true,"href":"https:\/\/max-emden.de\/wordpress\/wp-json\/wp\/v2\/comments?post=10677"}],"version-history":[{"count":2,"href":"https:\/\/max-emden.de\/wordpress\/wp-json\/wp\/v2\/posts\/10677\/revisions"}],"predecessor-version":[{"id":10712,"href":"https:\/\/max-emden.de\/wordpress\/wp-json\/wp\/v2\/posts\/10677\/revisions\/10712"}],"wp:featuredmedia":[{"embeddable":true,"href":"https:\/\/max-emden.de\/wordpress\/wp-json\/wp\/v2\/media\/833"}],"wp:attachment":[{"href":"https:\/\/max-emden.de\/wordpress\/wp-json\/wp\/v2\/media?parent=10677"}],"wp:term":[{"taxonomy":"category","embeddable":true,"href":"https:\/\/max-emden.de\/wordpress\/wp-json\/wp\/v2\/categories?post=10677"},{"taxonomy":"post_tag","embeddable":true,"href":"https:\/\/max-emden.de\/wordpress\/wp-json\/wp\/v2\/tags?post=10677"}],"curies":[{"name":"wp","href":"https:\/\/api.w.org\/{rel}","templated":true}]}}