{"id":11,"date":"2014-12-30T16:24:46","date_gmt":"2014-12-30T16:24:46","guid":{"rendered":"http:\/\/cms06169.apps-1and1.net\/?p=11"},"modified":"2015-07-24T11:33:56","modified_gmt":"2015-07-24T11:33:56","slug":"letztes-treffen-der-alten-schule","status":"publish","type":"post","link":"https:\/\/max-emden.de\/wordpress\/letztes-treffen-der-alten-schule\/","title":{"rendered":"Letztes Treffen in der alten Schule"},"content":{"rendered":"<p>Ein letzter Besuch in der alten Schule, ein letzter Gang durch die alten R\u00e4ume und noch ein Blick auf den alten Lieblingsplatz: Der bevorstehende Umzug des Gymnasiums am Treckfahrtstief lockte eine Rekordzahl an ehemaligen Sch\u00fclerinnen und Sch\u00fclern noch einmal an ihre alte Wirkungsst\u00e4tte.<\/p>\n<p><!--more-->\u00dcber 600 Ehemalige fanden sich am Vorweihnachtsabend ein, um Erinnerungen an die Schulzeit auszutauschen und zu sehen, dass sich eine Menge in den vergangenen Jahren getan hat: Bei einem Gang durch das Geb\u00e4ude mit Schulleiter Frank Tapper konnten die Abiturienten der vergangen Jahrzehnte unter anderem die neue Bibliothek, die Aula und nat\u00fcrlich die Mensa bestaunen.<\/p>\n<p>Zum zw\u00f6lften Mal fand das Ehemaligentreffen des Gymnasiums am Treckfahrtstief in diesem Jahr statt und zum letzten Mal am alten Standort der Schule. Doch trotz der bevorstehenden \u00c4nderungen wird es das GaT-Together auch zuk\u00fcnftig geben, wie Barbara de Boer, Vorsitzende des veranstaltenden F\u00f6rdervereins des GaT, zu Beginn der Veranstaltung erkl\u00e4rte. Ebenso wie sie erwartet auch Tapper im kommenden Jahr einen gro\u00dfen Zulauf, gibt es dann doch noch mehr Neues zu sehen. Dass das auch alte GaTler interessieren wird, dessen ist sich Tapper sicher: \u201eDie Tradition der Schule lebt fort, denn sie wird von ihren alten und neuen Sch\u00fclern getragen.\u201c Ebenso wie de Boer lud er deshalb alle Anwesenden schon f\u00fcr das 13. Ehemaligentreffen, das dann am Steinweg stattfinden wird, ein.<\/p>\n<p>&nbsp;<\/p>\n<p>&#8230;\u00a0<a href=\"http:\/\/www.gat-emden.de\/presse\/2014\/oz30122014GaTtogether.jpg\" target=\"_blank\">Bericht der OZ<\/a>\u00a0\u00a0\u00a0\u00a0\u00a0&#8230;\u00a0<a href=\"http:\/\/www.gat-emden.de\/presse\/2014\/ez27122014gattogether.jpg\" target=\"_blank\">Bericht der EZ<\/a><\/p>\n","protected":false},"excerpt":{"rendered":"<p>Ein letzter Besuch in der alten Schule, ein letzter Gang durch die alten R\u00e4ume und noch ein Blick auf den alten Lieblingsplatz: Der bevorstehende Umzug<a class=\"moretag\" href=\"https:\/\/max-emden.de\/wordpress\/letztes-treffen-der-alten-schule\/\"> [&#8230;]<\/a><\/p>\n","protected":false},"author":1,"featured_media":15,"comment_status":"closed","ping_status":"closed","sticky":false,"template":"","format":"standard","meta":{"footnotes":""},"categories":[2,30],"tags":[],"class_list":["post-11","post","type-post","status-publish","format-standard","has-post-thumbnail","hentry","category-allgemein","category-foerderverein"],"_links":{"self":[{"href":"https:\/\/max-emden.de\/wordpress\/wp-json\/wp\/v2\/posts\/11","targetHints":{"allow":["GET"]}}],"collection":[{"href":"https:\/\/max-emden.de\/wordpress\/wp-json\/wp\/v2\/posts"}],"about":[{"href":"https:\/\/max-emden.de\/wordpress\/wp-json\/wp\/v2\/types\/post"}],"author":[{"embeddable":true,"href":"https:\/\/max-emden.de\/wordpress\/wp-json\/wp\/v2\/users\/1"}],"replies":[{"embeddable":true,"href":"https:\/\/max-emden.de\/wordpress\/wp-json\/wp\/v2\/comments?post=11"}],"version-history":[{"count":1,"href":"https:\/\/max-emden.de\/wordpress\/wp-json\/wp\/v2\/posts\/11\/revisions"}],"predecessor-version":[{"id":605,"href":"https:\/\/max-emden.de\/wordpress\/wp-json\/wp\/v2\/posts\/11\/revisions\/605"}],"wp:featuredmedia":[{"embeddable":true,"href":"https:\/\/max-emden.de\/wordpress\/wp-json\/wp\/v2\/media\/15"}],"wp:attachment":[{"href":"https:\/\/max-emden.de\/wordpress\/wp-json\/wp\/v2\/media?parent=11"}],"wp:term":[{"taxonomy":"category","embeddable":true,"href":"https:\/\/max-emden.de\/wordpress\/wp-json\/wp\/v2\/categories?post=11"},{"taxonomy":"post_tag","embeddable":true,"href":"https:\/\/max-emden.de\/wordpress\/wp-json\/wp\/v2\/tags?post=11"}],"curies":[{"name":"wp","href":"https:\/\/api.w.org\/{rel}","templated":true}]}}