{"id":11254,"date":"2020-12-21T14:57:24","date_gmt":"2020-12-21T13:57:24","guid":{"rendered":"http:\/\/max-emden.de\/wordpress\/?p=11254"},"modified":"2021-01-21T11:04:52","modified_gmt":"2021-01-21T10:04:52","slug":"erfolgreiche-spendensammlung-fuer-tulpen-fuer-brot","status":"publish","type":"post","link":"https:\/\/max-emden.de\/wordpress\/erfolgreiche-spendensammlung-fuer-tulpen-fuer-brot\/","title":{"rendered":"Erfolgreiche Spendensammlung f\u00fcr Tulpen f\u00fcr Brot"},"content":{"rendered":"<p>Das Pflanzen hat sich gelohnt: <a href=\"https:\/\/max-emden.de\/wordpress\/tulpen-fuer-brot-die-letzte-zwiebel-ist-gepflanzt\/\">2000 Tulpenzwiebeln haben Mitglieder des Klimarates und der Future-Peers Anfang November gesetzt<\/a>, um damit Geld f\u00fcr\u00a0 gute Zwecke einzuwerben. Die Aktion, die in diesem Jahr u.a. unter der Schirmherrschaft von Niedersachsens Ministerpr\u00e4sidenten Stephan Weil steht, dient der Unterst\u00fctzung von gleich drei Hilfsorganisationen, n\u00e4mlich der Deutschen Welthungerhilfe, der Deutschen KinderKrebshilfe und der Aktion Peruhilfe.<\/p>\n<p>Zudem verzieren die bunten Tulpen demn\u00e4chst das Schulgel\u00e4nde, denn die Tulpen werden im Fr\u00fchjahr nicht geschnitten, sondern bleiben stehen: Die Spenderinnen und Spender haben bei dieser Aktion symbolische Patenschaften \u00fcbernommen und damit nicht nur hilfsbed\u00fcrftige Menschen unterst\u00fctzt, sondern auch f\u00fcr ein buntes Bl\u00fctenmeer gesorgt, das im Fr\u00fchjahr die Sch\u00fclerinnen und Sch\u00fcler erfreuen wird.<\/p>\n<p>900\u20ac sind in den vergangenen Wochen im Rahmen der Aktion Tulpen f\u00fcr Brot bereits zusammengekommen &#8211; und das trotz des Wechselunterrichtes mit nur halben Klassen!\u00a0 Wer angesichts der besonderen Situation noch nicht spenden konnte, ist nach wie vor herzlich eingeladen das zu tun.<\/p>\n<p>Herzlichen Dank allen Unterst\u00fctzerinnen und Unterst\u00fctzern!<\/p>\n<p>&nbsp;<\/p>\n<p>&nbsp;<\/p>\n<p>&nbsp;<\/p>\n","protected":false},"excerpt":{"rendered":"<p>Das Pflanzen hat sich gelohnt: 2000 Tulpenzwiebeln haben Mitglieder des Klimarates und der Future-Peers Anfang November gesetzt, um damit Geld f\u00fcr\u00a0 gute Zwecke einzuwerben. Die<a class=\"moretag\" href=\"https:\/\/max-emden.de\/wordpress\/erfolgreiche-spendensammlung-fuer-tulpen-fuer-brot\/\"> [&#8230;]<\/a><\/p>\n","protected":false},"author":3,"featured_media":11255,"comment_status":"closed","ping_status":"closed","sticky":false,"template":"","format":"standard","meta":{"footnotes":""},"categories":[2],"tags":[],"class_list":["post-11254","post","type-post","status-publish","format-standard","has-post-thumbnail","hentry","category-allgemein"],"_links":{"self":[{"href":"https:\/\/max-emden.de\/wordpress\/wp-json\/wp\/v2\/posts\/11254","targetHints":{"allow":["GET"]}}],"collection":[{"href":"https:\/\/max-emden.de\/wordpress\/wp-json\/wp\/v2\/posts"}],"about":[{"href":"https:\/\/max-emden.de\/wordpress\/wp-json\/wp\/v2\/types\/post"}],"author":[{"embeddable":true,"href":"https:\/\/max-emden.de\/wordpress\/wp-json\/wp\/v2\/users\/3"}],"replies":[{"embeddable":true,"href":"https:\/\/max-emden.de\/wordpress\/wp-json\/wp\/v2\/comments?post=11254"}],"version-history":[{"count":3,"href":"https:\/\/max-emden.de\/wordpress\/wp-json\/wp\/v2\/posts\/11254\/revisions"}],"predecessor-version":[{"id":11258,"href":"https:\/\/max-emden.de\/wordpress\/wp-json\/wp\/v2\/posts\/11254\/revisions\/11258"}],"wp:featuredmedia":[{"embeddable":true,"href":"https:\/\/max-emden.de\/wordpress\/wp-json\/wp\/v2\/media\/11255"}],"wp:attachment":[{"href":"https:\/\/max-emden.de\/wordpress\/wp-json\/wp\/v2\/media?parent=11254"}],"wp:term":[{"taxonomy":"category","embeddable":true,"href":"https:\/\/max-emden.de\/wordpress\/wp-json\/wp\/v2\/categories?post=11254"},{"taxonomy":"post_tag","embeddable":true,"href":"https:\/\/max-emden.de\/wordpress\/wp-json\/wp\/v2\/tags?post=11254"}],"curies":[{"name":"wp","href":"https:\/\/api.w.org\/{rel}","templated":true}]}}