{"id":11287,"date":"2021-01-07T13:03:31","date_gmt":"2021-01-07T12:03:31","guid":{"rendered":"http:\/\/max-emden.de\/wordpress\/?p=11287"},"modified":"2021-01-27T11:20:43","modified_gmt":"2021-01-27T10:20:43","slug":"elementor-11287","status":"publish","type":"post","link":"https:\/\/max-emden.de\/wordpress\/elementor-11287\/","title":{"rendered":"Regelungen zum Unterricht vom 11.01. &#8211; 29.01.2021"},"content":{"rendered":"\t\t<div data-elementor-type=\"wp-post\" data-elementor-id=\"11287\" class=\"elementor elementor-11287\" data-elementor-post-type=\"post\">\n\t\t\t\t\t\t<section class=\"elementor-section elementor-top-section elementor-element elementor-element-dafcd5d elementor-section-boxed elementor-section-height-default elementor-section-height-default\" data-id=\"dafcd5d\" data-element_type=\"section\" data-e-type=\"section\">\n\t\t\t\t\t\t<div class=\"elementor-container elementor-column-gap-default\">\n\t\t\t\t\t<div class=\"elementor-column elementor-col-100 elementor-top-column elementor-element elementor-element-f839fd9\" data-id=\"f839fd9\" data-element_type=\"column\" data-e-type=\"column\">\n\t\t\t<div class=\"elementor-widget-wrap elementor-element-populated\">\n\t\t\t\t\t\t<div class=\"elementor-element elementor-element-fa9b670 elementor-widget elementor-widget-text-editor\" data-id=\"fa9b670\" data-element_type=\"widget\" data-e-type=\"widget\" data-widget_type=\"text-editor.default\">\n\t\t\t\t<div class=\"elementor-widget-container\">\n\t\t\t\t\t\t\t\t\t<p>Liebe Sch\u00fcler*innen, \u00a0sehr geehrte Eltern,<\/p><p>weiter unten finden Sie die aktuellen Briefe des Kultusministers, aus denen die wichtigsten Regelungen f\u00fcr den Unterricht vom 11.01. &#8211; 29.01.2021 hervorgehen.<\/p><p>Demnach findet grunds\u00e4tzlich der Unterricht f\u00fcr die Jahrg\u00e4nge 5-12 im Szenario C (Distanzunterricht) statt. Gem\u00e4\u00df Stundenplan werden die Sch\u00fcler*innen von ihren Fachlehrer*innen mit Aufgaben versorgt.<\/p><p>F\u00fcr die Jahrg\u00e4nge 5 und 6 wird von Mo.-Fr., jeweils von 8.00-13.00 Uhr auf Antrag eine Notbetreuung angeboten. Bitte beantragen Sie bei Bedarf die Notbetreuung bis Freitag, 08.01.2021, 12.00 Uhr im Sekretariat (<a href=\"mailto:email@max-emden.de\">email@max-emden.de<\/a>, Tel.: 04921\/874150). Das <a href=\"https:\/\/max-emden.de\/wordpress\/wp-content\/uploads\/2021\/01\/formular_notbetreuung_april_2020.pdf\">Antragsformular finden Sie hier<\/a>.<\/p><p>F\u00fcr den Jahrgang 13 findet Pr\u00e4senzunterricht statt. Geplante Klausuren werden geschrieben!\u00a0<\/p><p>Ich w\u00fcnsche Ihnen\/Euch allen trotz der besonderen Bedingungen einen guten Start ins neue Jahr und dass wir m\u00f6glichst bald wieder zu einem normalen Schulbetrieb zur\u00fcckkehren k\u00f6nnen.<\/p><p>Mit freundlichen Gr\u00fc\u00dfen<\/p><p>Frank Tapper, Schulleiter<\/p>\t\t\t\t\t\t\t\t<\/div>\n\t\t\t\t<\/div>\n\t\t\t\t\t<\/div>\n\t\t<\/div>\n\t\t\t\t\t<\/div>\n\t\t<\/section>\n\t\t\t\t<section class=\"elementor-section elementor-top-section elementor-element elementor-element-4ba5cc5 elementor-section-boxed elementor-section-height-default elementor-section-height-default\" data-id=\"4ba5cc5\" data-element_type=\"section\" data-e-type=\"section\">\n\t\t\t\t\t\t<div class=\"elementor-container elementor-column-gap-default\">\n\t\t\t\t\t<div class=\"elementor-column elementor-col-100 elementor-top-column elementor-element elementor-element-8b3c380\" data-id=\"8b3c380\" data-element_type=\"column\" data-e-type=\"column\">\n\t\t\t<div class=\"elementor-widget-wrap elementor-element-populated\">\n\t\t\t\t\t\t<div class=\"elementor-element elementor-element-7626284 elementor-widget elementor-widget-heading\" data-id=\"7626284\" data-element_type=\"widget\" data-e-type=\"widget\" data-widget_type=\"heading.default\">\n\t\t\t\t<div class=\"elementor-widget-container\">\n\t\t\t\t\t<h2 class=\"elementor-heading-title elementor-size-default\">Briefe des Kultusministers<\/h2>\t\t\t\t<\/div>\n\t\t\t\t<\/div>\n\t\t\t\t\t<\/div>\n\t\t<\/div>\n\t\t\t\t\t<\/div>\n\t\t<\/section>\n\t\t\t\t<section class=\"elementor-section elementor-top-section elementor-element elementor-element-914d38c elementor-section-boxed elementor-section-height-default elementor-section-height-default\" data-id=\"914d38c\" data-element_type=\"section\" data-e-type=\"section\">\n\t\t\t\t\t\t<div class=\"elementor-container elementor-column-gap-default\">\n\t\t\t\t\t<div class=\"elementor-column elementor-col-50 elementor-top-column elementor-element elementor-element-ecb8355\" data-id=\"ecb8355\" data-element_type=\"column\" data-e-type=\"column\">\n\t\t\t<div class=\"elementor-widget-wrap elementor-element-populated\">\n\t\t\t\t\t\t<div class=\"elementor-element elementor-element-b763bd8 elementor-align-center elementor-widget elementor-widget-button\" data-id=\"b763bd8\" data-element_type=\"widget\" data-e-type=\"widget\" data-widget_type=\"button.default\">\n\t\t\t\t<div class=\"elementor-widget-container\">\n\t\t\t\t\t\t\t\t\t<div class=\"elementor-button-wrapper\">\n\t\t\t\t\t<a class=\"elementor-button elementor-button-link elementor-size-sm\" href=\"https:\/\/max-emden.de\/wordpress\/wp-content\/uploads\/2021\/01\/2021-01-05_Brief_an_Eltern.pdf\">\n\t\t\t\t\t\t<span class=\"elementor-button-content-wrapper\">\n\t\t\t\t\t\t\t\t\t<span class=\"elementor-button-text\">Brief an die Eltern (Langfassung)<\/span>\n\t\t\t\t\t<\/span>\n\t\t\t\t\t<\/a>\n\t\t\t\t<\/div>\n\t\t\t\t\t\t\t\t<\/div>\n\t\t\t\t<\/div>\n\t\t\t\t\t<\/div>\n\t\t<\/div>\n\t\t\t\t<div class=\"elementor-column elementor-col-50 elementor-top-column elementor-element elementor-element-379b495\" data-id=\"379b495\" data-element_type=\"column\" data-e-type=\"column\">\n\t\t\t<div class=\"elementor-widget-wrap elementor-element-populated\">\n\t\t\t\t\t\t<div class=\"elementor-element elementor-element-e76ab1f elementor-align-center elementor-widget elementor-widget-button\" data-id=\"e76ab1f\" data-element_type=\"widget\" data-e-type=\"widget\" data-widget_type=\"button.default\">\n\t\t\t\t<div class=\"elementor-widget-container\">\n\t\t\t\t\t\t\t\t\t<div class=\"elementor-button-wrapper\">\n\t\t\t\t\t<a class=\"elementor-button elementor-button-link elementor-size-sm\" href=\"https:\/\/max-emden.de\/wordpress\/wp-content\/uploads\/2021\/01\/2021-01-05_Brief_an_Eltern_einfach.pdf\">\n\t\t\t\t\t\t<span class=\"elementor-button-content-wrapper\">\n\t\t\t\t\t\t\t\t\t<span class=\"elementor-button-text\">Brief an die Eltern (Kurzfassung)<\/span>\n\t\t\t\t\t<\/span>\n\t\t\t\t\t<\/a>\n\t\t\t\t<\/div>\n\t\t\t\t\t\t\t\t<\/div>\n\t\t\t\t<\/div>\n\t\t\t\t\t<\/div>\n\t\t<\/div>\n\t\t\t\t\t<\/div>\n\t\t<\/section>\n\t\t\t\t<section class=\"elementor-section elementor-top-section elementor-element elementor-element-742d7e4 elementor-section-boxed elementor-section-height-default elementor-section-height-default\" data-id=\"742d7e4\" data-element_type=\"section\" data-e-type=\"section\">\n\t\t\t\t\t\t<div class=\"elementor-container elementor-column-gap-default\">\n\t\t\t\t\t<div class=\"elementor-column elementor-col-50 elementor-top-column elementor-element elementor-element-d0065c3\" data-id=\"d0065c3\" data-element_type=\"column\" data-e-type=\"column\">\n\t\t\t<div class=\"elementor-widget-wrap elementor-element-populated\">\n\t\t\t\t\t\t<div class=\"elementor-element elementor-element-c6c0826 elementor-align-center elementor-widget elementor-widget-button\" data-id=\"c6c0826\" data-element_type=\"widget\" data-e-type=\"widget\" data-widget_type=\"button.default\">\n\t\t\t\t<div class=\"elementor-widget-container\">\n\t\t\t\t\t\t\t\t\t<div class=\"elementor-button-wrapper\">\n\t\t\t\t\t<a class=\"elementor-button elementor-button-link elementor-size-sm\" href=\"https:\/\/max-emden.de\/wordpress\/wp-content\/uploads\/2021\/01\/2021-01-05_Brief_an_SuS_SekI.pdf\">\n\t\t\t\t\t\t<span class=\"elementor-button-content-wrapper\">\n\t\t\t\t\t\t\t\t\t<span class=\"elementor-button-text\">Brief an die Sch\u00fcler*innen der Sek I<\/span>\n\t\t\t\t\t<\/span>\n\t\t\t\t\t<\/a>\n\t\t\t\t<\/div>\n\t\t\t\t\t\t\t\t<\/div>\n\t\t\t\t<\/div>\n\t\t\t\t\t<\/div>\n\t\t<\/div>\n\t\t\t\t<div class=\"elementor-column elementor-col-50 elementor-top-column elementor-element elementor-element-91416f2\" data-id=\"91416f2\" data-element_type=\"column\" data-e-type=\"column\">\n\t\t\t<div class=\"elementor-widget-wrap elementor-element-populated\">\n\t\t\t\t\t\t<div class=\"elementor-element elementor-element-2610517 elementor-align-center elementor-widget elementor-widget-button\" data-id=\"2610517\" data-element_type=\"widget\" data-e-type=\"widget\" data-widget_type=\"button.default\">\n\t\t\t\t<div class=\"elementor-widget-container\">\n\t\t\t\t\t\t\t\t\t<div class=\"elementor-button-wrapper\">\n\t\t\t\t\t<a class=\"elementor-button elementor-button-link elementor-size-sm\" href=\"https:\/\/max-emden.de\/wordpress\/wp-content\/uploads\/2021\/01\/2021-01-05_Brief_an_SuS_SekII_und_BBS.pdf\">\n\t\t\t\t\t\t<span class=\"elementor-button-content-wrapper\">\n\t\t\t\t\t\t\t\t\t<span class=\"elementor-button-text\">Brief an die Sch\u00fcler*innen der Sek II<\/span>\n\t\t\t\t\t<\/span>\n\t\t\t\t\t<\/a>\n\t\t\t\t<\/div>\n\t\t\t\t\t\t\t\t<\/div>\n\t\t\t\t<\/div>\n\t\t\t\t\t<\/div>\n\t\t<\/div>\n\t\t\t\t\t<\/div>\n\t\t<\/section>\n\t\t\t\t<section class=\"elementor-section elementor-top-section elementor-element elementor-element-784bdce elementor-section-boxed elementor-section-height-default elementor-section-height-default\" data-id=\"784bdce\" data-element_type=\"section\" data-e-type=\"section\">\n\t\t\t\t\t\t<div class=\"elementor-container elementor-column-gap-default\">\n\t\t\t\t\t<div class=\"elementor-column elementor-col-100 elementor-top-column elementor-element elementor-element-abdb27c\" data-id=\"abdb27c\" data-element_type=\"column\" data-e-type=\"column\">\n\t\t\t<div class=\"elementor-widget-wrap elementor-element-populated\">\n\t\t\t\t\t\t<div class=\"elementor-element elementor-element-af0b8ec elementor-align-center elementor-widget elementor-widget-button\" data-id=\"af0b8ec\" data-element_type=\"widget\" data-e-type=\"widget\" data-widget_type=\"button.default\">\n\t\t\t\t<div class=\"elementor-widget-container\">\n\t\t\t\t\t\t\t\t\t<div class=\"elementor-button-wrapper\">\n\t\t\t\t\t<a class=\"elementor-button elementor-button-link elementor-size-sm\" href=\"https:\/\/max-emden.de\/wordpress\/wp-content\/uploads\/2021\/01\/formular_notbetreuung_april_2020.pdf\">\n\t\t\t\t\t\t<span class=\"elementor-button-content-wrapper\">\n\t\t\t\t\t\t\t\t\t<span class=\"elementor-button-text\">Antrag auf Notbetreuung<\/span>\n\t\t\t\t\t<\/span>\n\t\t\t\t\t<\/a>\n\t\t\t\t<\/div>\n\t\t\t\t\t\t\t\t<\/div>\n\t\t\t\t<\/div>\n\t\t\t\t\t<\/div>\n\t\t<\/div>\n\t\t\t\t\t<\/div>\n\t\t<\/section>\n\t\t\t\t<\/div>\n\t\t","protected":false},"excerpt":{"rendered":"<p>Liebe Sch\u00fcler*innen, \u00a0sehr geehrte Eltern, weiter unten finden Sie die aktuellen Briefe des Kultusministers, aus denen die wichtigsten Regelungen f\u00fcr den Unterricht vom 11.01. &#8211;<a class=\"moretag\" href=\"https:\/\/max-emden.de\/wordpress\/elementor-11287\/\"> [&#8230;]<\/a><\/p>\n","protected":false},"author":1,"featured_media":9061,"comment_status":"closed","ping_status":"closed","sticky":false,"template":"","format":"standard","meta":{"footnotes":""},"categories":[2],"tags":[],"class_list":["post-11287","post","type-post","status-publish","format-standard","has-post-thumbnail","hentry","category-allgemein"],"_links":{"self":[{"href":"https:\/\/max-emden.de\/wordpress\/wp-json\/wp\/v2\/posts\/11287","targetHints":{"allow":["GET"]}}],"collection":[{"href":"https:\/\/max-emden.de\/wordpress\/wp-json\/wp\/v2\/posts"}],"about":[{"href":"https:\/\/max-emden.de\/wordpress\/wp-json\/wp\/v2\/types\/post"}],"author":[{"embeddable":true,"href":"https:\/\/max-emden.de\/wordpress\/wp-json\/wp\/v2\/users\/1"}],"replies":[{"embeddable":true,"href":"https:\/\/max-emden.de\/wordpress\/wp-json\/wp\/v2\/comments?post=11287"}],"version-history":[{"count":11,"href":"https:\/\/max-emden.de\/wordpress\/wp-json\/wp\/v2\/posts\/11287\/revisions"}],"predecessor-version":[{"id":11320,"href":"https:\/\/max-emden.de\/wordpress\/wp-json\/wp\/v2\/posts\/11287\/revisions\/11320"}],"wp:featuredmedia":[{"embeddable":true,"href":"https:\/\/max-emden.de\/wordpress\/wp-json\/wp\/v2\/media\/9061"}],"wp:attachment":[{"href":"https:\/\/max-emden.de\/wordpress\/wp-json\/wp\/v2\/media?parent=11287"}],"wp:term":[{"taxonomy":"category","embeddable":true,"href":"https:\/\/max-emden.de\/wordpress\/wp-json\/wp\/v2\/categories?post=11287"},{"taxonomy":"post_tag","embeddable":true,"href":"https:\/\/max-emden.de\/wordpress\/wp-json\/wp\/v2\/tags?post=11287"}],"curies":[{"name":"wp","href":"https:\/\/api.w.org\/{rel}","templated":true}]}}