{"id":11323,"date":"2021-01-12T21:41:06","date_gmt":"2021-01-12T20:41:06","guid":{"rendered":"http:\/\/max-emden.de\/wordpress\/?p=11323"},"modified":"2021-01-28T18:58:13","modified_gmt":"2021-01-28T17:58:13","slug":"prof-klaus-meyer-van-dettum-ein-nachruf","status":"publish","type":"post","link":"https:\/\/max-emden.de\/wordpress\/prof-klaus-meyer-van-dettum-ein-nachruf\/","title":{"rendered":"Prof. Klaus Meyer-van Dettum &#8211; ein Nachruf"},"content":{"rendered":"<p style=\"text-align: justify;\">Zuletzt war Prof. Klaus Meyer-van Dettum im Februar 2020 Gast bei einer Veranstaltung des Max-Windm\u00fcller-Gymnasiums: Damals verfolgte er im Rummel, ganz aus der N\u00e4he, wie sich Arie Windm\u00fcller anl\u00e4sslich seines Besuches zum 100. Geburtstages seines Onkels in das Goldene Buch der Stadt Emden eintrug. Ein bewegender Moment, der besonders f\u00fcr Meyer-van Dettum von Bedeutung war: Seit den 90er Jahren hatte er umfangreiche Recherchen zum Leben des Namensgebers des Gymnasiums angestellt.<!--more--><\/p>\n<figure id=\"attachment_11330\" aria-describedby=\"caption-attachment-11330\" style=\"width: 1255px\" class=\"wp-caption alignnone\"><a href=\"https:\/\/max-emden.de\/wordpress\/wp-content\/uploads\/2021\/01\/Meyer-van-Detttum-2021-LR-2.jpg\"><img fetchpriority=\"high\" decoding=\"async\" class=\"wp-image-11330 size-full\" src=\"https:\/\/max-emden.de\/wordpress\/wp-content\/uploads\/2021\/01\/Meyer-van-Detttum-2021-LR-2.jpg\" alt=\"\" width=\"1255\" height=\"768\" srcset=\"https:\/\/max-emden.de\/wordpress\/wp-content\/uploads\/2021\/01\/Meyer-van-Detttum-2021-LR-2.jpg 1255w, https:\/\/max-emden.de\/wordpress\/wp-content\/uploads\/2021\/01\/Meyer-van-Detttum-2021-LR-2-300x184.jpg 300w, https:\/\/max-emden.de\/wordpress\/wp-content\/uploads\/2021\/01\/Meyer-van-Detttum-2021-LR-2-1024x627.jpg 1024w, https:\/\/max-emden.de\/wordpress\/wp-content\/uploads\/2021\/01\/Meyer-van-Detttum-2021-LR-2-768x470.jpg 768w\" sizes=\"(max-width: 1255px) 100vw, 1255px\" \/><\/a><figcaption id=\"caption-attachment-11330\" class=\"wp-caption-text\">Verewigte sich mit einem Handabdruck anl\u00e4ssslich der Er\u00f6ffnung des Max-Windm\u00fcller-Gymnasiums im Jahre 2015: Klaus Meyer-van Dettum mit seiner Frau Elfi im Kreise der damaligen SV.<\/figcaption><\/figure>\n<p style=\"text-align: justify;\">Lange waren Max und die Geschichte seiner Familie in ihrer ehemaligen Heimatstadt weitgehend in Vergessenheit geraten und verdr\u00e4ngt worden. Erst in den 80er Jahren begann eine intensivere Auseinandersetzung mit der Geschichte der ehemaligen gro\u00dfen j\u00fcdischen Gemeinde der Stadt. Auch in Emden wurden deren Mitglieder schikaniert, verfolgt und vertrieben &#8211; viele wurden am Ende ermordet. Dass die Situation f\u00fcr Juden nicht besser werden wird, hatten Max&#8216; Eltern fr\u00fch erkannt: Kurz nach der Macht\u00fcbernahme der Nationalsozialisten im Jahre 1933 floh die Familie in die Niederlande. Dort wuchs Max in Sicherheit auf und bereitete sich auf die Auswanderung nach Pal\u00e4stina vor. Doch als er kurz vor Kriegsbeginn 1939 mit seinem Bruder Isaac auf dem Schiff &#8222;Dora&#8220; auf die Abfahrt dorthin wartet, bewegen ihn Freunde zum Bleiben, um im Widerstand bei der Rettung j\u00fcdischer Kinder zu helfen. Mit gro\u00dfem Erfolg &#8211; knapp 400 Kinder und Jugendliche werden durch ihn und seine Mitstreiter gerettet, bevor Max kurz vor Kriegsende umgebracht wurde.<\/p>\n<figure id=\"attachment_11325\" aria-describedby=\"caption-attachment-11325\" style=\"width: 1280px\" class=\"wp-caption alignnone\"><a href=\"https:\/\/max-emden.de\/wordpress\/wp-content\/uploads\/2021\/01\/Todesanzeige-Meyer-van-Dettum.png\"><img decoding=\"async\" class=\"wp-image-11325 size-full\" src=\"https:\/\/max-emden.de\/wordpress\/wp-content\/uploads\/2021\/01\/Todesanzeige-Meyer-van-Dettum.png\" alt=\"\" width=\"1280\" height=\"835\" srcset=\"https:\/\/max-emden.de\/wordpress\/wp-content\/uploads\/2021\/01\/Todesanzeige-Meyer-van-Dettum.png 1280w, https:\/\/max-emden.de\/wordpress\/wp-content\/uploads\/2021\/01\/Todesanzeige-Meyer-van-Dettum-300x196.png 300w, https:\/\/max-emden.de\/wordpress\/wp-content\/uploads\/2021\/01\/Todesanzeige-Meyer-van-Dettum-1024x668.png 1024w, https:\/\/max-emden.de\/wordpress\/wp-content\/uploads\/2021\/01\/Todesanzeige-Meyer-van-Dettum-768x501.png 768w\" sizes=\"(max-width: 1280px) 100vw, 1280px\" \/><\/a><figcaption id=\"caption-attachment-11325\" class=\"wp-caption-text\">Traueranzeige der Familie Windm\u00fcller<\/figcaption><\/figure>\n<p style=\"text-align: justify;\">Das heutige Wissen um diesen herausragenden Menschen basiert auf intensiver Arbeit in Archiven, an Gedenkorten und vor allem auf vielen Gespr\u00e4chen mit \u00dcberlebenden. Klaus Meyer-van Dettum hat sich dieser Aufgabe mit gro\u00dfer Leidenschaft verschrieben und ma\u00dfgeblich dazu beigetragen, dass Max Windm\u00fcller und sein Wirken heute wieder weit \u00fcber die Grenzen der Stadt hinaus bekannt ist.<\/p>\n<figure id=\"attachment_11328\" aria-describedby=\"caption-attachment-11328\" style=\"width: 900px\" class=\"wp-caption alignnone\"><a href=\"https:\/\/max-emden.de\/wordpress\/wp-content\/uploads\/2021\/01\/Yaron.jpg\"><img decoding=\"async\" class=\"wp-image-11328 size-full\" src=\"https:\/\/max-emden.de\/wordpress\/wp-content\/uploads\/2021\/01\/Yaron.jpg\" alt=\"\" width=\"900\" height=\"600\" srcset=\"https:\/\/max-emden.de\/wordpress\/wp-content\/uploads\/2021\/01\/Yaron.jpg 900w, https:\/\/max-emden.de\/wordpress\/wp-content\/uploads\/2021\/01\/Yaron-300x200.jpg 300w, https:\/\/max-emden.de\/wordpress\/wp-content\/uploads\/2021\/01\/Yaron-768x512.jpg 768w\" sizes=\"(max-width: 900px) 100vw, 900px\" \/><\/a><figcaption id=\"caption-attachment-11328\" class=\"wp-caption-text\">Arie und Yaron Windm\u00fcller und Prof. Klaus Meyer-van Dettum beim Pflanzen der Linde vor der Schule anl\u00e4sslich der Enth\u00fcllung des Schullogos<\/figcaption><\/figure>\n<p style=\"text-align: justify;\">Eine besondere Freude war f\u00fcr ihn die Umbennung der Schule, zu deren Ehreng\u00e4sten gemeinsam mit seiner Frau Elfi er immer wieder geh\u00f6rte: Als leidenschaftlicher P\u00e4dagoge war die Einweihung des Max-Windm\u00fcller-Gymnasiums ein besonderer Moment f\u00fcr den langj\u00e4hrigen Professor der Hochschule Emden\/ Leer.<\/p>\n<p style=\"text-align: justify;\">Bereits 1996 hatte er geschrieben: <em>&#8222;Wir selbst brauchen diese Erinnerung, f\u00fcr uns, unsere Kinder, unsere Jugend, als eine unverdient geschenkte Erinnerung, die uns f\u00fcr die Zukunft verpflichtet. Gerade unsere junge Generation, oft skeptisch und misstrauisch, manchmal gleichg\u00fcltig und &#8222;cool&#8220; erscheinend, dann wieder verf\u00fchrbar und leichtm\u00fctig, in seltenen F\u00e4llen leider schon wieder Hassparolen hinterherlaufend &#8211; oft aus reinen Minderwertigkeitsgef\u00fchlen- , gerade diese Generation kann die Erinnerung an einen jungen Mann wie Max Windm\u00fcller, der diese Grenzen um den Menschen willen \u00fcberwand, gut h\u00f6ren.&#8220;<\/em><\/p>\n<p style=\"text-align: justify;\">Prof. em. Klaus Meyer-van Dettum ist zu Beginn des Jahres im Alter von 81 Jahren verstorben. Das Max-Windm\u00fcller-Gymnasium wird ihm ein dankendes Andenken bewahren.<\/p>\n","protected":false},"excerpt":{"rendered":"<p>Zuletzt war Prof. Klaus Meyer-van Dettum im Februar 2020 Gast bei einer Veranstaltung des Max-Windm\u00fcller-Gymnasiums: Damals verfolgte er im Rummel, ganz aus der N\u00e4he, wie<a class=\"moretag\" href=\"https:\/\/max-emden.de\/wordpress\/prof-klaus-meyer-van-dettum-ein-nachruf\/\"> [&#8230;]<\/a><\/p>\n","protected":false},"author":3,"featured_media":11329,"comment_status":"closed","ping_status":"closed","sticky":false,"template":"","format":"standard","meta":{"footnotes":""},"categories":[2],"tags":[],"class_list":["post-11323","post","type-post","status-publish","format-standard","has-post-thumbnail","hentry","category-allgemein"],"_links":{"self":[{"href":"https:\/\/max-emden.de\/wordpress\/wp-json\/wp\/v2\/posts\/11323","targetHints":{"allow":["GET"]}}],"collection":[{"href":"https:\/\/max-emden.de\/wordpress\/wp-json\/wp\/v2\/posts"}],"about":[{"href":"https:\/\/max-emden.de\/wordpress\/wp-json\/wp\/v2\/types\/post"}],"author":[{"embeddable":true,"href":"https:\/\/max-emden.de\/wordpress\/wp-json\/wp\/v2\/users\/3"}],"replies":[{"embeddable":true,"href":"https:\/\/max-emden.de\/wordpress\/wp-json\/wp\/v2\/comments?post=11323"}],"version-history":[{"count":5,"href":"https:\/\/max-emden.de\/wordpress\/wp-json\/wp\/v2\/posts\/11323\/revisions"}],"predecessor-version":[{"id":11390,"href":"https:\/\/max-emden.de\/wordpress\/wp-json\/wp\/v2\/posts\/11323\/revisions\/11390"}],"wp:featuredmedia":[{"embeddable":true,"href":"https:\/\/max-emden.de\/wordpress\/wp-json\/wp\/v2\/media\/11329"}],"wp:attachment":[{"href":"https:\/\/max-emden.de\/wordpress\/wp-json\/wp\/v2\/media?parent=11323"}],"wp:term":[{"taxonomy":"category","embeddable":true,"href":"https:\/\/max-emden.de\/wordpress\/wp-json\/wp\/v2\/categories?post=11323"},{"taxonomy":"post_tag","embeddable":true,"href":"https:\/\/max-emden.de\/wordpress\/wp-json\/wp\/v2\/tags?post=11323"}],"curies":[{"name":"wp","href":"https:\/\/api.w.org\/{rel}","templated":true}]}}