{"id":11483,"date":"2021-02-09T19:42:53","date_gmt":"2021-02-09T18:42:53","guid":{"rendered":"http:\/\/max-emden.de\/wordpress\/?p=11483"},"modified":"2021-05-31T10:46:01","modified_gmt":"2021-05-31T08:46:01","slug":"ehemalige-berichten-patricia-wahren-und-thomas-wiemann","status":"publish","type":"post","link":"https:\/\/max-emden.de\/wordpress\/ehemalige-berichten-patricia-wahren-und-thomas-wiemann\/","title":{"rendered":"Ehemalige berichten: Patricia Wahren und Thomas Wiemann"},"content":{"rendered":"<div style=\"text-align: justify;\">Was mache ich nach dem Abitur? Will ich studieren? Wo m\u00f6chte ich leben? Wie finanziere ich das? &#8211; Jedes Jahr stellen sich Abiturient*innen diese und viele weitere Fragen, vor denen auch Patricia Wahren und Thomas Wiemann vor einigen Jahren gestanden haben.<\/div>\n<div style=\"text-align: justify;\">Inzwischen haben die beiden Ehemaligen des Gymnasiums am Treckfahrtstief schon einiges erlebt, wie sie am Mittwoch, den 17.02.2021 um 13.45 Uhr berichten werden.<\/div>\n<div style=\"text-align: justify;\"><\/div>\n<div style=\"text-align: justify;\">Zur Videokonferenz f\u00fchrt folgender <a href=\"https:\/\/max-emden.net\/iserv\/public\/videoconference\/7Gq1sUPfVTLAQ3u2WYiCrL\" target=\"_blank\" rel=\"noopener\">Link.<\/a><\/div>\n<div style=\"text-align: justify;\">Interessierte sind herzlich willkommen!<\/div>\n<div style=\"text-align: left;\"><\/div>\n<p><!--more--><\/p>\n<div style=\"text-align: justify;\">Hier stellen sich beide kurz vor:<\/div>\n<div><\/div>\n<div>\n<figure id=\"attachment_11484\" aria-describedby=\"caption-attachment-11484\" style=\"width: 778px\" class=\"wp-caption alignright\"><a href=\"https:\/\/max-emden.de\/wordpress\/wp-content\/uploads\/2021\/02\/Patricia-Wahren-LR.jpg\"><img fetchpriority=\"high\" decoding=\"async\" class=\"wp-image-11484 size-full\" src=\"https:\/\/max-emden.de\/wordpress\/wp-content\/uploads\/2021\/02\/Patricia-Wahren-LR.jpg\" alt=\"\" width=\"778\" height=\"600\" srcset=\"https:\/\/max-emden.de\/wordpress\/wp-content\/uploads\/2021\/02\/Patricia-Wahren-LR.jpg 778w, https:\/\/max-emden.de\/wordpress\/wp-content\/uploads\/2021\/02\/Patricia-Wahren-LR-300x231.jpg 300w, https:\/\/max-emden.de\/wordpress\/wp-content\/uploads\/2021\/02\/Patricia-Wahren-LR-768x592.jpg 768w\" sizes=\"(max-width: 778px) 100vw, 778px\" \/><\/a><figcaption id=\"caption-attachment-11484\" class=\"wp-caption-text\">Patricia Wahren<\/figcaption><\/figure>\n<\/div>\n<div><em>Nachdem ich 2015 mein Abitur am GaT gemacht habe, habe ich im Herbst 2015 einen Bachelor of Science (BSc) in Media and Communication an der Erasmus Universit\u00e4t in Rotterdam begonnen. 2018 habe ich mein Bachelorstudium abgeschlossen und im direkten Anschluss einen einj\u00e4hrigen Master of Science (MSc) in Strategic Marketing am Imperial College London absolviert. Nach meinem Master habe ich bei Amazon Web Services in Berlin gearbeitet. Seit Mai 2020 arbeite ich in Dublin f\u00fcr Salesforce, ein US amerikanisches Unternehmen welches Softwarel\u00f6sungen f\u00fcr Firmen entwickelt und vertreibt.<\/em><\/div>\n<div><\/div>\n<div><\/div>\n<figure id=\"attachment_11485\" aria-describedby=\"caption-attachment-11485\" style=\"width: 800px\" class=\"wp-caption alignnone\"><a href=\"https:\/\/max-emden.de\/wordpress\/wp-content\/uploads\/2021\/02\/Thomas-Wiemann-LR.jpg\"><img decoding=\"async\" class=\"wp-image-11485 size-full\" src=\"https:\/\/max-emden.de\/wordpress\/wp-content\/uploads\/2021\/02\/Thomas-Wiemann-LR.jpg\" alt=\"\" width=\"800\" height=\"600\" srcset=\"https:\/\/max-emden.de\/wordpress\/wp-content\/uploads\/2021\/02\/Thomas-Wiemann-LR.jpg 800w, https:\/\/max-emden.de\/wordpress\/wp-content\/uploads\/2021\/02\/Thomas-Wiemann-LR-300x225.jpg 300w, https:\/\/max-emden.de\/wordpress\/wp-content\/uploads\/2021\/02\/Thomas-Wiemann-LR-768x576.jpg 768w\" sizes=\"(max-width: 800px) 100vw, 800px\" \/><\/a><figcaption id=\"caption-attachment-11485\" class=\"wp-caption-text\">Thomas Wiemann<\/figcaption><\/figure>\n<p class=\"yiv6108251995MsoNormal\"><em><span lang=\"DE\">Mein Abitur habe ich 2014 am GaT gemacht und fing dann ein \u00d6konometriestudium in Rotterdam an (\u00d6konometrie, das ist die Kombination von Statistik und Wirtschaftswissenschaft \u2013 keine Sorge, wenn Ihr das noch nie geh\u00f6rt habt: Ich hab auch erst im Studium verstanden, was das so genau ist!). Nach meinem Bachelor zog ich nach England, wo ich 2019 einen Master in Statistik an der University of Oxford abschloss. Seither lebe ich in Chicago, USA. Dort promoviere ich in Volkswirtschaftslehre. \u00a0<\/span><\/em><\/p>\n<p class=\"yiv6108251995MsoNormal\"><span lang=\"DE\"> \u00a0<\/span><\/p>\n","protected":false},"excerpt":{"rendered":"<p>Was mache ich nach dem Abitur? Will ich studieren? Wo m\u00f6chte ich leben? Wie finanziere ich das? &#8211; Jedes Jahr stellen sich Abiturient*innen diese und<a class=\"moretag\" href=\"https:\/\/max-emden.de\/wordpress\/ehemalige-berichten-patricia-wahren-und-thomas-wiemann\/\"> [&#8230;]<\/a><\/p>\n","protected":false},"author":3,"featured_media":11488,"comment_status":"closed","ping_status":"closed","sticky":false,"template":"","format":"standard","meta":{"footnotes":""},"categories":[3,112],"tags":[],"class_list":["post-11483","post","type-post","status-publish","format-standard","has-post-thumbnail","hentry","category-berufsorientierung","category-ehemalige-berichten"],"_links":{"self":[{"href":"https:\/\/max-emden.de\/wordpress\/wp-json\/wp\/v2\/posts\/11483","targetHints":{"allow":["GET"]}}],"collection":[{"href":"https:\/\/max-emden.de\/wordpress\/wp-json\/wp\/v2\/posts"}],"about":[{"href":"https:\/\/max-emden.de\/wordpress\/wp-json\/wp\/v2\/types\/post"}],"author":[{"embeddable":true,"href":"https:\/\/max-emden.de\/wordpress\/wp-json\/wp\/v2\/users\/3"}],"replies":[{"embeddable":true,"href":"https:\/\/max-emden.de\/wordpress\/wp-json\/wp\/v2\/comments?post=11483"}],"version-history":[{"count":4,"href":"https:\/\/max-emden.de\/wordpress\/wp-json\/wp\/v2\/posts\/11483\/revisions"}],"predecessor-version":[{"id":11693,"href":"https:\/\/max-emden.de\/wordpress\/wp-json\/wp\/v2\/posts\/11483\/revisions\/11693"}],"wp:featuredmedia":[{"embeddable":true,"href":"https:\/\/max-emden.de\/wordpress\/wp-json\/wp\/v2\/media\/11488"}],"wp:attachment":[{"href":"https:\/\/max-emden.de\/wordpress\/wp-json\/wp\/v2\/media?parent=11483"}],"wp:term":[{"taxonomy":"category","embeddable":true,"href":"https:\/\/max-emden.de\/wordpress\/wp-json\/wp\/v2\/categories?post=11483"},{"taxonomy":"post_tag","embeddable":true,"href":"https:\/\/max-emden.de\/wordpress\/wp-json\/wp\/v2\/tags?post=11483"}],"curies":[{"name":"wp","href":"https:\/\/api.w.org\/{rel}","templated":true}]}}