{"id":11540,"date":"2021-02-12T00:00:30","date_gmt":"2021-02-11T23:00:30","guid":{"rendered":"http:\/\/max-emden.de\/wordpress\/?p=11540"},"modified":"2021-02-19T20:41:23","modified_gmt":"2021-02-19T19:41:23","slug":"red-hand-day-gegen-den-einsatz-von-kindersoldaten-3","status":"publish","type":"post","link":"https:\/\/max-emden.de\/wordpress\/red-hand-day-gegen-den-einsatz-von-kindersoldaten-3\/","title":{"rendered":"Red Hand Day \u2013 gegen den Einsatz von Kindersoldaten!"},"content":{"rendered":"<p style=\"text-align: justify;\">Seit Wochen warten \u00fcberall in Deutschland Kinder und Jugendliche darauf, wieder zur Schule gehen zu d\u00fcrfen \u2013 dass dies ein Privileg ist, ist wohl vielen Sch\u00fcler*innen im Laufe des Lockdowns schmerzlich bewusstgeworden. Doch w\u00e4hrend am Max der Unterricht nun online stattfindet, k\u00f6nnen viele Kinder \u00fcberhaupt nicht in der Schule lernen.<!--more--><\/p>\n<p style=\"text-align: justify;\">Krieg statt Schule: Afghanistan, Tschad, Zentralafrikanische Republik, Kolumbien, Demokratische Republik Kongo, Indien, Irak, Israel \/ Pal\u00e4stina, Myanmar (Burma), Pakistan, Philippinen, Somalia, Sudan, S\u00fcdsudan, Syrien, Thailand und Jemen \u2013 die Liste der L\u00e4nder, in denen Kinder ihr Leben riskieren, ist lang. Als billiges und leicht beeinflussbares Kanonenfutter werden sie gern geopfert, um an der Front zu k\u00e4mpfen, Minen zu suchen oder sexuell missbraucht zu werden.<\/p>\n<p style=\"text-align: justify;\"><a href=\"https:\/\/max-emden.de\/wordpress\/wp-content\/uploads\/2021\/02\/RHD_Fertig-2021.jpg\"><img fetchpriority=\"high\" decoding=\"async\" class=\"alignnone size-full wp-image-11541\" src=\"https:\/\/max-emden.de\/wordpress\/wp-content\/uploads\/2021\/02\/RHD_Fertig-2021.jpg\" alt=\"\" width=\"600\" height=\"800\" srcset=\"https:\/\/max-emden.de\/wordpress\/wp-content\/uploads\/2021\/02\/RHD_Fertig-2021.jpg 600w, https:\/\/max-emden.de\/wordpress\/wp-content\/uploads\/2021\/02\/RHD_Fertig-2021-225x300.jpg 225w\" sizes=\"(max-width: 600px) 100vw, 600px\" \/><\/a><\/p>\n<p style=\"text-align: justify;\">Der 12. Februar erinnert als Internationaler Tag gegen den Einsatz von Kindersoldaten an diesen unertr\u00e4gliche Zustand. Seit dem 12. Februar 2002 gibt es diesen Aktionstag: Damals haben die Vereinten Nationen ein Zusatzprotokoll zur Kinderrechtskonvention verabschiedet, um Kinder und Jugendliche besser vor Krieg sch\u00fctzen zu k\u00f6nnen. Erstmals wurde damit beschlossen, dass die Zwangsrekrutierung von Kindern und Jugendlichen illegal ist. Ein Versto\u00df gegen diese Konvention ist ein Kriegsverbrechen, das vom Internationalen Gerichtshof bestraft wird.<\/p>\n<p style=\"text-align: justify;\">Besser bekannt ist dieser Tag als Red Hand Day. Seit vielen Jahren setzen die Sch\u00fcler*innen am Max mit roten Abdr\u00fccken ihrer H\u00e4nde ein Zeichen gegen den Einsatz von Kindersoldaten. Organisiert wird dies von der Sch\u00fclervertretung des Gymnasiums, die in diesem Jahr angesichts der Corona-Situation andere Wege gehen musste: Statt zu einer Gemeinschaftsaktion in der Schule haben die SV\u2014Mitglieder dazu aufgerufen, Fotos zu machen, um daraus eine Collage\u00a0 und einen Film zu erstellen.<\/p>\n<div class=\"lyte-wrapper fourthree\" style=\"width:420px;max-width:100%;margin:5px;\"><div class=\"lyMe\" id=\"WYL_wAJPmUCwfQw\"><div id=\"lyte_wAJPmUCwfQw\" data-src=\"https:\/\/max-emden.de\/wordpress\/wp-content\/plugins\/wp-youtube-lyte\/lyteCache.php?origThumbUrl=%2F%2Fi.ytimg.com%2Fvi%2FwAJPmUCwfQw%2Fhqdefault.jpg\" class=\"pL\"><div class=\"tC\"><div class=\"tT\"><\/div><\/div><div class=\"play\"><\/div><div class=\"ctrl\"><div class=\"Lctrl\"><\/div><div class=\"Rctrl\"><\/div><\/div><\/div><noscript><a href=\"https:\/\/youtu.be\/wAJPmUCwfQw\" rel=\"nofollow\"><img decoding=\"async\" src=\"https:\/\/max-emden.de\/wordpress\/wp-content\/plugins\/wp-youtube-lyte\/lyteCache.php?origThumbUrl=https%3A%2F%2Fi.ytimg.com%2Fvi%2FwAJPmUCwfQw%2F0.jpg\" alt=\"YouTube-Video-Vorschaubild\" width=\"420\" height=\"295\" \/><br \/>Dieses Video auf YouTube ansehen<\/a><\/noscript><\/div><\/div><div class=\"lL\" style=\"max-width:100%;width:420px;margin:5px;\"><\/div><\/p>\n","protected":false},"excerpt":{"rendered":"<p>Seit Wochen warten \u00fcberall in Deutschland Kinder und Jugendliche darauf, wieder zur Schule gehen zu d\u00fcrfen \u2013 dass dies ein Privileg ist, ist wohl vielen<a class=\"moretag\" href=\"https:\/\/max-emden.de\/wordpress\/red-hand-day-gegen-den-einsatz-von-kindersoldaten-3\/\"> [&#8230;]<\/a><\/p>\n","protected":false},"author":3,"featured_media":11545,"comment_status":"closed","ping_status":"closed","sticky":false,"template":"","format":"standard","meta":{"footnotes":""},"categories":[10,17,89,85],"tags":[],"class_list":["post-11540","post","type-post","status-publish","format-standard","has-post-thumbnail","hentry","category-menschenrechte-fuer-alle-verwirklichen","category-schuelervertretung","category-unesco","category-weltretter"],"_links":{"self":[{"href":"https:\/\/max-emden.de\/wordpress\/wp-json\/wp\/v2\/posts\/11540","targetHints":{"allow":["GET"]}}],"collection":[{"href":"https:\/\/max-emden.de\/wordpress\/wp-json\/wp\/v2\/posts"}],"about":[{"href":"https:\/\/max-emden.de\/wordpress\/wp-json\/wp\/v2\/types\/post"}],"author":[{"embeddable":true,"href":"https:\/\/max-emden.de\/wordpress\/wp-json\/wp\/v2\/users\/3"}],"replies":[{"embeddable":true,"href":"https:\/\/max-emden.de\/wordpress\/wp-json\/wp\/v2\/comments?post=11540"}],"version-history":[{"count":6,"href":"https:\/\/max-emden.de\/wordpress\/wp-json\/wp\/v2\/posts\/11540\/revisions"}],"predecessor-version":[{"id":11724,"href":"https:\/\/max-emden.de\/wordpress\/wp-json\/wp\/v2\/posts\/11540\/revisions\/11724"}],"wp:featuredmedia":[{"embeddable":true,"href":"https:\/\/max-emden.de\/wordpress\/wp-json\/wp\/v2\/media\/11545"}],"wp:attachment":[{"href":"https:\/\/max-emden.de\/wordpress\/wp-json\/wp\/v2\/media?parent=11540"}],"wp:term":[{"taxonomy":"category","embeddable":true,"href":"https:\/\/max-emden.de\/wordpress\/wp-json\/wp\/v2\/categories?post=11540"},{"taxonomy":"post_tag","embeddable":true,"href":"https:\/\/max-emden.de\/wordpress\/wp-json\/wp\/v2\/tags?post=11540"}],"curies":[{"name":"wp","href":"https:\/\/api.w.org\/{rel}","templated":true}]}}