{"id":12060,"date":"2021-03-18T19:27:32","date_gmt":"2021-03-18T18:27:32","guid":{"rendered":"https:\/\/max-emden.de\/wordpress\/?p=12060"},"modified":"2021-03-25T18:23:59","modified_gmt":"2021-03-25T17:23:59","slug":"sechstklaessler-eroeffnen-kino","status":"publish","type":"post","link":"https:\/\/max-emden.de\/wordpress\/sechstklaessler-eroeffnen-kino\/","title":{"rendered":"Sechstkl\u00e4ssler er\u00f6ffnen Kino!"},"content":{"rendered":"<p>Zwar sind die Kinos\u00e4le noch geschlossen, aber das hat die 6a und die 6c nicht davon abgehalten, ihre eigenen Filme zu machen: Im Kunstunterricht von Sarah Biemann haben die Sch\u00fcler*innen Daumenkinos gebastelt und viele tolle Ideen entwickelt! Darunter auch die L\u00f6sung f\u00fcr die Pandemie &#8211; Corona kann sich warm anziehen&#8230;<\/p>\n<div class=\"lyte-wrapper fourthree\" style=\"width:420px;max-width:100%;margin:5px;\"><div class=\"lyMe\" id=\"WYL_bsRYXxuFy_A\"><div id=\"lyte_bsRYXxuFy_A\" data-src=\"https:\/\/max-emden.de\/wordpress\/wp-content\/plugins\/wp-youtube-lyte\/lyteCache.php?origThumbUrl=%2F%2Fi.ytimg.com%2Fvi%2FbsRYXxuFy_A%2Fhqdefault.jpg\" class=\"pL\"><div class=\"tC\"><div class=\"tT\"><\/div><\/div><div class=\"play\"><\/div><div class=\"ctrl\"><div class=\"Lctrl\"><\/div><div class=\"Rctrl\"><\/div><\/div><\/div><noscript><a href=\"https:\/\/youtu.be\/bsRYXxuFy_A\" rel=\"nofollow\"><img fetchpriority=\"high\" decoding=\"async\" src=\"https:\/\/max-emden.de\/wordpress\/wp-content\/plugins\/wp-youtube-lyte\/lyteCache.php?origThumbUrl=https%3A%2F%2Fi.ytimg.com%2Fvi%2FbsRYXxuFy_A%2F0.jpg\" alt=\"YouTube-Video-Vorschaubild\" width=\"420\" height=\"295\" \/><br \/>Dieses Video auf YouTube ansehen<\/a><\/noscript><\/div><\/div><div class=\"lL\" style=\"max-width:100%;width:420px;margin:5px;\"><\/div><\/p>\n","protected":false},"excerpt":{"rendered":"<p>Zwar sind die Kinos\u00e4le noch geschlossen, aber das hat die 6a und die 6c nicht davon abgehalten, ihre eigenen Filme zu machen: Im Kunstunterricht von<a class=\"moretag\" href=\"https:\/\/max-emden.de\/wordpress\/sechstklaessler-eroeffnen-kino\/\"> [&#8230;]<\/a><\/p>\n","protected":false},"author":3,"featured_media":12061,"comment_status":"closed","ping_status":"closed","sticky":false,"template":"","format":"standard","meta":{"footnotes":""},"categories":[37],"tags":[96],"class_list":["post-12060","post","type-post","status-publish","format-standard","has-post-thumbnail","hentry","category-kunst","tag-aktuell"],"_links":{"self":[{"href":"https:\/\/max-emden.de\/wordpress\/wp-json\/wp\/v2\/posts\/12060","targetHints":{"allow":["GET"]}}],"collection":[{"href":"https:\/\/max-emden.de\/wordpress\/wp-json\/wp\/v2\/posts"}],"about":[{"href":"https:\/\/max-emden.de\/wordpress\/wp-json\/wp\/v2\/types\/post"}],"author":[{"embeddable":true,"href":"https:\/\/max-emden.de\/wordpress\/wp-json\/wp\/v2\/users\/3"}],"replies":[{"embeddable":true,"href":"https:\/\/max-emden.de\/wordpress\/wp-json\/wp\/v2\/comments?post=12060"}],"version-history":[{"count":1,"href":"https:\/\/max-emden.de\/wordpress\/wp-json\/wp\/v2\/posts\/12060\/revisions"}],"predecessor-version":[{"id":12062,"href":"https:\/\/max-emden.de\/wordpress\/wp-json\/wp\/v2\/posts\/12060\/revisions\/12062"}],"wp:featuredmedia":[{"embeddable":true,"href":"https:\/\/max-emden.de\/wordpress\/wp-json\/wp\/v2\/media\/12061"}],"wp:attachment":[{"href":"https:\/\/max-emden.de\/wordpress\/wp-json\/wp\/v2\/media?parent=12060"}],"wp:term":[{"taxonomy":"category","embeddable":true,"href":"https:\/\/max-emden.de\/wordpress\/wp-json\/wp\/v2\/categories?post=12060"},{"taxonomy":"post_tag","embeddable":true,"href":"https:\/\/max-emden.de\/wordpress\/wp-json\/wp\/v2\/tags?post=12060"}],"curies":[{"name":"wp","href":"https:\/\/api.w.org\/{rel}","templated":true}]}}