{"id":12063,"date":"2021-03-20T16:30:00","date_gmt":"2021-03-20T15:30:00","guid":{"rendered":"https:\/\/max-emden.de\/wordpress\/?p=12063"},"modified":"2021-04-02T10:41:52","modified_gmt":"2021-04-02T08:41:52","slug":"zum-welttag-der-franzoesischen-sprache-gruesse-aus-der-karibik","status":"publish","type":"post","link":"https:\/\/max-emden.de\/wordpress\/zum-welttag-der-franzoesischen-sprache-gruesse-aus-der-karibik\/","title":{"rendered":"Zum Welttag der franz\u00f6sischen Sprache: Gr\u00fc\u00dfe aus der Karibik!"},"content":{"rendered":"<p>Amiti\u00e9s de nos amis kara\u00efbes! Pour la journ\u00e9e mondiale de la francophonie, nos partenaires du coll\u00e8ge\/lyc\u00e9e Ma\u00eetrise de Massabielle nous ont envoy\u00e9 un message vid\u00e9o. Merci beaucoup pour ce tr\u00e8s beau geste! Nous nous r\u00e9jouissons d\u00e9j\u00e0 de notre prochain \u00e9change avec vous!<br \/>\nRestez en bonne sant\u00e9!<\/p>\n<p>Gr\u00fc\u00dfe von unseren Freunden aus der Karibik! Zum Welttag der franz\u00f6sischen Sprache am Welttag des Gl\u00fccks haben unsere Partner vom Lyc\u00e9e de la Ma\u00eetrise de Massabielle uns eine Videobotschaft geschickt. Herzlichen Dank! Wir freuen uns auf den n\u00e4chsten Austausch! Bleibt gesund!<\/p>\n<div class=\"lyte-wrapper fourthree\" style=\"width:420px;max-width:100%;margin:5px;\"><div class=\"lyMe\" id=\"WYL_FZPGmf3PWfw\"><div id=\"lyte_FZPGmf3PWfw\" data-src=\"https:\/\/max-emden.de\/wordpress\/wp-content\/plugins\/wp-youtube-lyte\/lyteCache.php?origThumbUrl=%2F%2Fi.ytimg.com%2Fvi%2FFZPGmf3PWfw%2Fhqdefault.jpg\" class=\"pL\"><div class=\"tC\"><div class=\"tT\"><\/div><\/div><div class=\"play\"><\/div><div class=\"ctrl\"><div class=\"Lctrl\"><\/div><div class=\"Rctrl\"><\/div><\/div><\/div><noscript><a href=\"https:\/\/youtu.be\/FZPGmf3PWfw\" rel=\"nofollow\"><img fetchpriority=\"high\" decoding=\"async\" src=\"https:\/\/max-emden.de\/wordpress\/wp-content\/plugins\/wp-youtube-lyte\/lyteCache.php?origThumbUrl=https%3A%2F%2Fi.ytimg.com%2Fvi%2FFZPGmf3PWfw%2F0.jpg\" alt=\"YouTube-Video-Vorschaubild\" width=\"420\" height=\"295\" \/><br \/>Dieses Video auf YouTube ansehen<\/a><\/noscript><\/div><\/div><div class=\"lL\" style=\"max-width:100%;width:420px;margin:5px;\"><\/div><\/p>\n","protected":false},"excerpt":{"rendered":"<p>Amiti\u00e9s de nos amis kara\u00efbes! Pour la journ\u00e9e mondiale de la francophonie, nos partenaires du coll\u00e8ge\/lyc\u00e9e Ma\u00eetrise de Massabielle nous ont envoy\u00e9 un message vid\u00e9o.<a class=\"moretag\" href=\"https:\/\/max-emden.de\/wordpress\/zum-welttag-der-franzoesischen-sprache-gruesse-aus-der-karibik\/\"> [&#8230;]<\/a><\/p>\n","protected":false},"author":3,"featured_media":12064,"comment_status":"closed","ping_status":"closed","sticky":false,"template":"","format":"standard","meta":{"footnotes":""},"categories":[5,103],"tags":[110,96],"class_list":["post-12063","post","type-post","status-publish","format-standard","has-post-thumbnail","hentry","category-europaschule","category-guadeloupe-frankreich","tag-a","tag-aktuell"],"_links":{"self":[{"href":"https:\/\/max-emden.de\/wordpress\/wp-json\/wp\/v2\/posts\/12063","targetHints":{"allow":["GET"]}}],"collection":[{"href":"https:\/\/max-emden.de\/wordpress\/wp-json\/wp\/v2\/posts"}],"about":[{"href":"https:\/\/max-emden.de\/wordpress\/wp-json\/wp\/v2\/types\/post"}],"author":[{"embeddable":true,"href":"https:\/\/max-emden.de\/wordpress\/wp-json\/wp\/v2\/users\/3"}],"replies":[{"embeddable":true,"href":"https:\/\/max-emden.de\/wordpress\/wp-json\/wp\/v2\/comments?post=12063"}],"version-history":[{"count":1,"href":"https:\/\/max-emden.de\/wordpress\/wp-json\/wp\/v2\/posts\/12063\/revisions"}],"predecessor-version":[{"id":12065,"href":"https:\/\/max-emden.de\/wordpress\/wp-json\/wp\/v2\/posts\/12063\/revisions\/12065"}],"wp:featuredmedia":[{"embeddable":true,"href":"https:\/\/max-emden.de\/wordpress\/wp-json\/wp\/v2\/media\/12064"}],"wp:attachment":[{"href":"https:\/\/max-emden.de\/wordpress\/wp-json\/wp\/v2\/media?parent=12063"}],"wp:term":[{"taxonomy":"category","embeddable":true,"href":"https:\/\/max-emden.de\/wordpress\/wp-json\/wp\/v2\/categories?post=12063"},{"taxonomy":"post_tag","embeddable":true,"href":"https:\/\/max-emden.de\/wordpress\/wp-json\/wp\/v2\/tags?post=12063"}],"curies":[{"name":"wp","href":"https:\/\/api.w.org\/{rel}","templated":true}]}}