{"id":12067,"date":"2021-03-23T17:30:05","date_gmt":"2021-03-23T16:30:05","guid":{"rendered":"https:\/\/max-emden.de\/wordpress\/?p=12067"},"modified":"2021-04-02T10:39:41","modified_gmt":"2021-04-02T08:39:41","slug":"abitur-in-besonderen-zeiten-mareike-berichtet-fuer-die-oz","status":"publish","type":"post","link":"https:\/\/max-emden.de\/wordpress\/abitur-in-besonderen-zeiten-mareike-berichtet-fuer-die-oz\/","title":{"rendered":"Abitur in besonderen Zeiten: Mareike berichtet f\u00fcr die OZ"},"content":{"rendered":"<p><a href=\"https:\/\/max-emden.de\/wordpress\/wp-content\/uploads\/2021\/03\/Mareike-cut-2-LR.jpg\"><img fetchpriority=\"high\" decoding=\"async\" class=\"alignnone wp-image-12068\" src=\"https:\/\/max-emden.de\/wordpress\/wp-content\/uploads\/2021\/03\/Mareike-cut-2-LR.jpg\" alt=\"\" width=\"401\" height=\"388\" srcset=\"https:\/\/max-emden.de\/wordpress\/wp-content\/uploads\/2021\/03\/Mareike-cut-2-LR.jpg 620w, https:\/\/max-emden.de\/wordpress\/wp-content\/uploads\/2021\/03\/Mareike-cut-2-LR-300x290.jpg 300w\" sizes=\"(max-width: 401px) 100vw, 401px\" \/><\/a><\/p>\n<p>Abitur in Corona-Zeiten: Wie l\u00e4uft die Vorbereitung auf die Pr\u00fcfungen, was hat sich in der Schule ver\u00e4ndert und welche Auswirkungen gibt es auf alles Weitere, was zur Abi-Zeit dazugeh\u00f6rt? Unsere Sch\u00fclerin Mareike Seewald berichtet dar\u00fcber f\u00fcr die Ostfriesen-Zeitung. Der erste Teil der Serie ist ab jetzt auf der Webseite der OZ verf\u00fcgbar.<\/p>\n<p><a href=\"https:\/\/www.oz-online.de\/-news\/artikel\/964539\/Fuer-rund-1800-junge-Leute-steht-Corona-Abi-an\">Hier geht es zu Teil 1 der Serie!<\/a><\/p>\n","protected":false},"excerpt":{"rendered":"<p>Abitur in Corona-Zeiten: Wie l\u00e4uft die Vorbereitung auf die Pr\u00fcfungen, was hat sich in der Schule ver\u00e4ndert und welche Auswirkungen gibt es auf alles Weitere,<a class=\"moretag\" href=\"https:\/\/max-emden.de\/wordpress\/abitur-in-besonderen-zeiten-mareike-berichtet-fuer-die-oz\/\"> [&#8230;]<\/a><\/p>\n","protected":false},"author":3,"featured_media":12070,"comment_status":"closed","ping_status":"closed","sticky":false,"template":"","format":"standard","meta":{"footnotes":""},"categories":[2],"tags":[96],"class_list":["post-12067","post","type-post","status-publish","format-standard","has-post-thumbnail","hentry","category-allgemein","tag-aktuell"],"_links":{"self":[{"href":"https:\/\/max-emden.de\/wordpress\/wp-json\/wp\/v2\/posts\/12067","targetHints":{"allow":["GET"]}}],"collection":[{"href":"https:\/\/max-emden.de\/wordpress\/wp-json\/wp\/v2\/posts"}],"about":[{"href":"https:\/\/max-emden.de\/wordpress\/wp-json\/wp\/v2\/types\/post"}],"author":[{"embeddable":true,"href":"https:\/\/max-emden.de\/wordpress\/wp-json\/wp\/v2\/users\/3"}],"replies":[{"embeddable":true,"href":"https:\/\/max-emden.de\/wordpress\/wp-json\/wp\/v2\/comments?post=12067"}],"version-history":[{"count":1,"href":"https:\/\/max-emden.de\/wordpress\/wp-json\/wp\/v2\/posts\/12067\/revisions"}],"predecessor-version":[{"id":12069,"href":"https:\/\/max-emden.de\/wordpress\/wp-json\/wp\/v2\/posts\/12067\/revisions\/12069"}],"wp:featuredmedia":[{"embeddable":true,"href":"https:\/\/max-emden.de\/wordpress\/wp-json\/wp\/v2\/media\/12070"}],"wp:attachment":[{"href":"https:\/\/max-emden.de\/wordpress\/wp-json\/wp\/v2\/media?parent=12067"}],"wp:term":[{"taxonomy":"category","embeddable":true,"href":"https:\/\/max-emden.de\/wordpress\/wp-json\/wp\/v2\/categories?post=12067"},{"taxonomy":"post_tag","embeddable":true,"href":"https:\/\/max-emden.de\/wordpress\/wp-json\/wp\/v2\/tags?post=12067"}],"curies":[{"name":"wp","href":"https:\/\/api.w.org\/{rel}","templated":true}]}}