{"id":12106,"date":"2021-03-30T20:07:23","date_gmt":"2021-03-30T18:07:23","guid":{"rendered":"https:\/\/max-emden.de\/wordpress\/?p=12106"},"modified":"2021-04-15T00:00:19","modified_gmt":"2021-04-14T22:00:19","slug":"erfolgreiche-berufsorientierung-unter-corona-bedingungen","status":"publish","type":"post","link":"https:\/\/max-emden.de\/wordpress\/erfolgreiche-berufsorientierung-unter-corona-bedingungen\/","title":{"rendered":"Erfolgreiche Berufsorientierung unter Corona-Bedingungen"},"content":{"rendered":"<div dir=\"ltr\"><a href=\"https:\/\/max-emden.de\/wordpress\/wp-content\/uploads\/2021\/03\/Berufliche-Orientierung-2021-LR-3.jpg\"><img fetchpriority=\"high\" decoding=\"async\" class=\"alignnone size-full wp-image-12112\" src=\"https:\/\/max-emden.de\/wordpress\/wp-content\/uploads\/2021\/03\/Berufliche-Orientierung-2021-LR-3.jpg\" alt=\"\" width=\"800\" height=\"600\" srcset=\"https:\/\/max-emden.de\/wordpress\/wp-content\/uploads\/2021\/03\/Berufliche-Orientierung-2021-LR-3.jpg 800w, https:\/\/max-emden.de\/wordpress\/wp-content\/uploads\/2021\/03\/Berufliche-Orientierung-2021-LR-3-300x225.jpg 300w, https:\/\/max-emden.de\/wordpress\/wp-content\/uploads\/2021\/03\/Berufliche-Orientierung-2021-LR-3-768x576.jpg 768w\" sizes=\"(max-width: 800px) 100vw, 800px\" \/><\/a><\/div>\n<div dir=\"ltr\"><\/div>\n<div dir=\"ltr\">Vor den Osterferien haben unsere zehnten Klassen an Berufsorientierungsveranstaltungen teilgenommen, die angesichts der Pandemie etwas anders abliefen als normalerweise. Trotzdem gab es viel positive Resonanz, wie Organisator Matthias Frank berichtet:<\/div>\n<div dir=\"ltr\"><\/div>\n<div dir=\"ltr\"><em>Die Berufliche Orientierung unserer Sch\u00fclerInnen liegt uns am Herzen. Das MAX hat schon lange ein ausgezeichnetes BO-Programm. Doch mit wegfallenden Praktika und Betriebsbesichtungen sowie fehlenden Info-Veranstaltungen der Hochschulen oder der Bundesagentur f\u00fcr Arbeit m\u00fcssen neue Wege gegangen werden. In Zusammenarbeit mit der IHK hat die Ostfriesische Landschaft auf der Plattform der Digitalen Ausbildungsmesse (<a href=\"https:\/\/ausbildungsmesse-digital.de\/\" target=\"_blank\" rel=\"noopener\">https:\/\/ausbildungsmesse-digital.de\/<\/a>) spannende digitale Angebote gemacht. In die Klassen des 10. Jahrgangs konnten sich die Wirtschaftsjunioren mit einer Infoveranstaltung zu Einstellungstest und die Bundesagentur f\u00fcr Arbeit (in Person unserer Berufsberaterin Frau Diekmann) \u00fcber Bewerbungsschreiben und Vorstellungsgespr\u00e4che zuschalten &#8211; die eine H\u00e4lfte verfolgte die Veranstaltung von Zuhause und die andere in den Klassenzimmern.<\/em><\/div>\n<div dir=\"ltr\"><em>Sowohl die ReferentInnen als auch die Sch\u00fclerInnen empfanden die Veranstaltungen als zwanglos und informativ. Diese Form der hybriden Veranstaltungen ist eine der positiven Errungenschaften aus der Zeit der Corona-Pandemie und wird hoffentlich noch weitere Anwendung im Bereich der Beruflichen Orientierung finden.<\/em><\/div>\n<div dir=\"ltr\"><\/div>\n<div dir=\"ltr\">\n<style id=\"bwg-style-0\">    #bwg_container1_0 #bwg_container2_0 .bwg-container-0.bwg-standard-thumbnails {      width: 904px;              justify-content: center;        margin:0 auto !important;              background-color: rgba(255, 255, 255, 0.00);            padding-left: 4px;      padding-top: 4px;      max-width: 100%;            }        #bwg_container1_0 #bwg_container2_0 .bwg-container-0.bwg-standard-thumbnails .bwg-item {    justify-content: flex-start;      max-width: 180px;            width: 180px !important;          }    #bwg_container1_0 #bwg_container2_0 .bwg-container-0.bwg-standard-thumbnails .bwg-item a {       margin-right: 4px;       margin-bottom: 4px;    }    #bwg_container1_0 #bwg_container2_0 .bwg-container-0.bwg-standard-thumbnails .bwg-item0 {      padding: 0px;            background-color:rgba(255,255,255, 0.30);      border: 0px none #CCCCCC;      opacity: 1.00;      border-radius: 0;      box-shadow: 0px 0px 0px #888888;    }    #bwg_container1_0 #bwg_container2_0 .bwg-container-0.bwg-standard-thumbnails .bwg-item1 img {      max-height: none;      max-width: none;      padding: 0 !important;    }        @media only screen and (min-width: 480px) {      #bwg_container1_0 #bwg_container2_0 .bwg-container-0.bwg-standard-thumbnails .bwg-item0 {        transition: all 0.3s ease 0s;-webkit-transition: all 0.3s ease 0s;      }      #bwg_container1_0 #bwg_container2_0 .bwg-container-0.bwg-standard-thumbnails .bwg-item0:hover {        -ms-transform: scale(1.1);        -webkit-transform: scale(1.1);        transform: scale(1.1);      }    }          #bwg_container1_0 #bwg_container2_0 .bwg-container-0.bwg-standard-thumbnails .bwg-item1 {      padding-top: 50%;    }        #bwg_container1_0 #bwg_container2_0 .bwg-container-0.bwg-standard-thumbnails .bwg-title2,    #bwg_container1_0 #bwg_container2_0 .bwg-container-0.bwg-standard-thumbnails .bwg-ecommerce2 {      color: #CCCCCC;      font-family: segoe ui;      font-size: 16px;      font-weight: bold;      padding: 2px;      text-shadow: 0px 0px 0px #888888;      max-height: 100%;    }    #bwg_container1_0 #bwg_container2_0 .bwg-container-0.bwg-standard-thumbnails .bwg-thumb-description span {    color: #323A45;    font-family: Ubuntu;    font-size: 12px;    max-height: 100%;    word-wrap: break-word;    }    #bwg_container1_0 #bwg_container2_0 .bwg-container-0.bwg-standard-thumbnails .bwg-play-icon2 {      font-size: 32px;    }    #bwg_container1_0 #bwg_container2_0 .bwg-container-0.bwg-standard-thumbnails .bwg-ecommerce2 {      font-size: 19.2px;      color: #CCCCCC;    }    <\/style>    <div id=\"bwg_container1_0\"         class=\"bwg_container bwg_thumbnail bwg_thumbnails \"         data-right-click-protection=\"1\"         data-bwg=\"0\"         data-scroll=\"0\"         data-gallery-type=\"thumbnails\"         data-gallery-view-type=\"thumbnails\"         data-current-url=\"\/wordpress\/wp-json\/wp\/v2\/posts\/12106\"         data-lightbox-url=\"https:\/\/max-emden.de\/wordpress\/wp-admin\/admin-ajax.php?action=GalleryBox&#038;current_view=0&#038;gallery_id=298&#038;tag=0&#038;theme_id=1&#038;shortcode_id=626&#038;sort_by=order&#038;order_by=asc&#038;current_url=%2Fwordpress%2Fwp-json%2Fwp%2Fv2%2Fposts%2F12106\"         data-gallery-id=\"298\"         data-popup-width=\"800\"         data-popup-height=\"500\"         data-is-album=\"gallery\"         data-buttons-position=\"bottom\">      <div id=\"bwg_container2_0\">             <div id=\"ajax_loading_0\" class=\"bwg_loading_div_1\">      <div class=\"bwg_loading_div_2\">        <div class=\"bwg_loading_div_3\">          <div id=\"loading_div_0\" class=\"bwg_spider_ajax_loading\">          <\/div>        <\/div>      <\/div>    <\/div>            <form id=\"gal_front_form_0\"              class=\"bwg-hidden\"              method=\"post\"              action=\"#\"              data-current=\"0\"              data-shortcode-id=\"626\"              data-gallery-type=\"thumbnails\"              data-gallery-id=\"298\"              data-tag=\"0\"              data-album-id=\"0\"              data-theme-id=\"1\"              data-ajax-url=\"https:\/\/max-emden.de\/wordpress\/wp-admin\/admin-ajax.php?action=bwg_frontend_data\">          <div id=\"bwg_container3_0\" class=\"bwg-background bwg-background-0\">            <div style=\"width:100%\"><div class=\"wd_error\"><p><strong>No Images found.<\/strong><\/p><\/div><\/div>          <\/div>        <\/form>        <style>          #bwg_container1_0 #bwg_container2_0 #spider_popup_overlay_0 {          background-color: #000000;          opacity: 0.70;          }          <\/style>        <div id=\"bwg_spider_popup_loading_0\" class=\"bwg_spider_popup_loading\"><\/div>        <div id=\"spider_popup_overlay_0\" class=\"spider_popup_overlay\" onclick=\"spider_destroypopup(1000)\"><\/div>        <input type=\"hidden\" id=\"bwg_random_seed_0\" value=\"1206433913\">                <\/div>    <\/div>    <script>      if (document.readyState === 'complete') {        if( typeof bwg_main_ready == 'function' ) {          if ( jQuery(\"#bwg_container1_0\").height() ) {            bwg_main_ready(jQuery(\"#bwg_container1_0\"));          }        }      } else {        document.addEventListener('DOMContentLoaded', function() {          if( typeof bwg_main_ready == 'function' ) {            if ( jQuery(\"#bwg_container1_0\").height() ) {             bwg_main_ready(jQuery(\"#bwg_container1_0\"));            }          }        });      }    <\/script>    \n<\/div>\n<div dir=\"ltr\"><\/div>\n<div dir=\"ltr\"><\/div>\n<div dir=\"ltr\"><\/div>\n<div dir=\"ltr\"><\/div>\n","protected":false},"excerpt":{"rendered":"<p>Vor den Osterferien haben unsere zehnten Klassen an Berufsorientierungsveranstaltungen teilgenommen, die angesichts der Pandemie etwas anders abliefen als normalerweise. Trotzdem gab es viel positive Resonanz,<a class=\"moretag\" href=\"https:\/\/max-emden.de\/wordpress\/erfolgreiche-berufsorientierung-unter-corona-bedingungen\/\"> [&#8230;]<\/a><\/p>\n","protected":false},"author":3,"featured_media":12112,"comment_status":"closed","ping_status":"closed","sticky":false,"template":"","format":"standard","meta":{"footnotes":""},"categories":[3,45],"tags":[96],"class_list":["post-12106","post","type-post","status-publish","format-standard","has-post-thumbnail","hentry","category-berufsorientierung","category-politik-wirtschaft","tag-aktuell"],"_links":{"self":[{"href":"https:\/\/max-emden.de\/wordpress\/wp-json\/wp\/v2\/posts\/12106","targetHints":{"allow":["GET"]}}],"collection":[{"href":"https:\/\/max-emden.de\/wordpress\/wp-json\/wp\/v2\/posts"}],"about":[{"href":"https:\/\/max-emden.de\/wordpress\/wp-json\/wp\/v2\/types\/post"}],"author":[{"embeddable":true,"href":"https:\/\/max-emden.de\/wordpress\/wp-json\/wp\/v2\/users\/3"}],"replies":[{"embeddable":true,"href":"https:\/\/max-emden.de\/wordpress\/wp-json\/wp\/v2\/comments?post=12106"}],"version-history":[{"count":5,"href":"https:\/\/max-emden.de\/wordpress\/wp-json\/wp\/v2\/posts\/12106\/revisions"}],"predecessor-version":[{"id":12115,"href":"https:\/\/max-emden.de\/wordpress\/wp-json\/wp\/v2\/posts\/12106\/revisions\/12115"}],"wp:featuredmedia":[{"embeddable":true,"href":"https:\/\/max-emden.de\/wordpress\/wp-json\/wp\/v2\/media\/12112"}],"wp:attachment":[{"href":"https:\/\/max-emden.de\/wordpress\/wp-json\/wp\/v2\/media?parent=12106"}],"wp:term":[{"taxonomy":"category","embeddable":true,"href":"https:\/\/max-emden.de\/wordpress\/wp-json\/wp\/v2\/categories?post=12106"},{"taxonomy":"post_tag","embeddable":true,"href":"https:\/\/max-emden.de\/wordpress\/wp-json\/wp\/v2\/tags?post=12106"}],"curies":[{"name":"wp","href":"https:\/\/api.w.org\/{rel}","templated":true}]}}