{"id":12145,"date":"2021-04-14T19:30:28","date_gmt":"2021-04-14T17:30:28","guid":{"rendered":"https:\/\/max-emden.de\/wordpress\/?p=12145"},"modified":"2021-04-22T22:32:27","modified_gmt":"2021-04-22T20:32:27","slug":"every-day-is-memorial-day","status":"publish","type":"post","link":"https:\/\/max-emden.de\/wordpress\/every-day-is-memorial-day\/","title":{"rendered":"\u201eEvery Day is Memorial Day.\u201d"},"content":{"rendered":"<p>Mitte April ist in Israel viel los \u2013 innerhalb einer Woche liegen drei sehr wichtige und emotionale Feiertage: Am 08. April ist Jom haScho\u2019a, der Gedenktag f\u00fcr die Opfer des Holocausts, am 14. April folgt Jom haZikaron, der Gedenktag an die gefallenen israelischen Soldaten und Opfer des Terrorismus, und ein Tag danach der israelische Unabh\u00e4ngigkeitstag Jom haAtzma\u2019ut. Dieses Jahr j\u00e4hrt sich am 11. April zudem zum 60. Mal der Beginn des Eichmann-Prozesses. Anl\u00e4sslich dieser drei Gedenktage und des Jubil\u00e4ums des Prozessbeginns durfte die Projektgruppe \u201eKeep the memory alive\u201c der Nadav Democratic School aus Israel und des Max-Windm\u00fcller-Gymnasiums aus Emden den sehr bewegenden Geschichten von Dr. Abe Spigler und seiner Tochter Sari Avraham lauschen. Sari Avraham ist Englischlehrerin an der Democratic School in Modi\u2019in und findet es sehr wichtig, dass Geschichten wie die ihres Vater oder ihre eigene weitergegeben werden.<\/p>\n<figure id=\"attachment_12148\" aria-describedby=\"caption-attachment-12148\" style=\"width: 666px\" class=\"wp-caption alignnone\"><a href=\"https:\/\/max-emden.de\/wordpress\/wp-content\/uploads\/2021\/04\/Sari-Avraham-und-Abe-Spigler.jpg\"><img fetchpriority=\"high\" decoding=\"async\" class=\"wp-image-12148 size-full\" src=\"https:\/\/max-emden.de\/wordpress\/wp-content\/uploads\/2021\/04\/Sari-Avraham-und-Abe-Spigler.jpg\" alt=\"\" width=\"666\" height=\"375\" srcset=\"https:\/\/max-emden.de\/wordpress\/wp-content\/uploads\/2021\/04\/Sari-Avraham-und-Abe-Spigler.jpg 666w, https:\/\/max-emden.de\/wordpress\/wp-content\/uploads\/2021\/04\/Sari-Avraham-und-Abe-Spigler-300x169.jpg 300w\" sizes=\"(max-width: 666px) 100vw, 666px\" \/><\/a><figcaption id=\"caption-attachment-12148\" class=\"wp-caption-text\"><em>Dr. Abe Spigler und seine Tochter Sari Avraham<\/em><\/figcaption><\/figure>\n<p>Wie zu Beginn schon erw\u00e4hnt, sind dies sehr emotionale Tage, und das f\u00fcr jeden. Abe hat den Holocaust nicht direkt mitbekommen und auch Sari war nicht im Krieg, aber dennoch wurde und wird ihr Leben sehr davon beeinflusst. In welcher Weise Angeh\u00f6rige und Nachfahren mit Holocaust und Krieg konfrontiert werden, davon haben die beiden erz\u00e4hlt.<\/p>\n<figure id=\"attachment_12150\" aria-describedby=\"caption-attachment-12150\" style=\"width: 964px\" class=\"wp-caption alignnone\"><a href=\"https:\/\/max-emden.de\/wordpress\/wp-content\/uploads\/2021\/04\/Abe-und-sein-Vater-im-Camp.jpg\"><img decoding=\"async\" class=\"wp-image-12150 size-full\" src=\"https:\/\/max-emden.de\/wordpress\/wp-content\/uploads\/2021\/04\/Abe-und-sein-Vater-im-Camp.jpg\" alt=\"\" width=\"964\" height=\"965\" srcset=\"https:\/\/max-emden.de\/wordpress\/wp-content\/uploads\/2021\/04\/Abe-und-sein-Vater-im-Camp.jpg 964w, https:\/\/max-emden.de\/wordpress\/wp-content\/uploads\/2021\/04\/Abe-und-sein-Vater-im-Camp-300x300.jpg 300w, https:\/\/max-emden.de\/wordpress\/wp-content\/uploads\/2021\/04\/Abe-und-sein-Vater-im-Camp-150x150.jpg 150w, https:\/\/max-emden.de\/wordpress\/wp-content\/uploads\/2021\/04\/Abe-und-sein-Vater-im-Camp-768x769.jpg 768w\" sizes=\"(max-width: 964px) 100vw, 964px\" \/><\/a><figcaption id=\"caption-attachment-12150\" class=\"wp-caption-text\"><em>Abe im DP-Camp mit seinem Vater<\/em><\/figcaption><\/figure>\n<p>Abe hat zun\u00e4chst von seinen Eltern erz\u00e4hlt. Sein Vater, Kalman Spiegler, arbeitete nach der Schule zun\u00e4chst als Buchbinder, bevor er von der polnischen Armee eingezogen wurde. Sp\u00e4ter, w\u00e4hrend des Krieges, kehrte er zur\u00fcck nach Polen zu seiner Familie, die mittlerweile im Ghetto lebten. Ihm wurde ein Posten als j\u00fcdischer Polizist angeboten, den er jedoch ablehnte. Daraufhin wurde er deportiert. Er war in verschiedenen Konzentrationslagern, darunter Auschwitz, Gleiwitz und Mittelbau-Dora. 1945 war auch er, wie so viele andere auf einem Todesmarsch, den er aber \u00fcberlebte. Sie kamen in Neustadt an, wo er auf eines von drei Schiffen kam. Zwei der drei Schiffe wurden zerbombt, darunter auch das, auf dem sich Kalman Spiegler befand. Nach \u00fcber 24 Stunden wurde er schlie\u00dflich gerettet und in ein Krankenhaus gebracht, wo er versorgt wurde.<\/p>\n<p>Auch seine Mutter, Rocha Spiegler, geb. Mankunski, hatte es nicht leicht. Sie war in erster Ehe verheiratet und hatte zwei T\u00f6chter. Eines Tages standen sie in einer Schlange, um ihre Essensrationen abzuholen, als alle Juden aus der Schlange gedr\u00e4ngt wurden. Ihr Mann wurde zu Tode gepr\u00fcgelt und ihre zwei kleinen T\u00f6chter in einem Massengrab erschossen. Nach den Morden floh Rocha und landete schlie\u00dflich in Neustadt, wo sie Kalman kennenlernte. Abe Spigler lebte nach seiner Geburt in einem DP-Camp (Displaced-Person-Camp) im Jahre 1947, nur kurz in Deutschland. Als er zwei Jahre alt war, emigrierte seine Familie nach Australien, wo sie sich ein neues Leben aufbaute. 1972 zog er mit seiner Frau und ihrem ersten Sohn nach Israel \u2013 und machten damit die so genannte Alija \u2013 wo er bis heute lebt.<\/p>\n<figure id=\"attachment_12147\" aria-describedby=\"caption-attachment-12147\" style=\"width: 1356px\" class=\"wp-caption alignnone\"><a href=\"https:\/\/max-emden.de\/wordpress\/wp-content\/uploads\/2021\/04\/Geburtsanzeige.jpg\"><img decoding=\"async\" class=\"wp-image-12147 size-full\" src=\"https:\/\/max-emden.de\/wordpress\/wp-content\/uploads\/2021\/04\/Geburtsanzeige.jpg\" alt=\"\" width=\"1356\" height=\"763\" srcset=\"https:\/\/max-emden.de\/wordpress\/wp-content\/uploads\/2021\/04\/Geburtsanzeige.jpg 1356w, https:\/\/max-emden.de\/wordpress\/wp-content\/uploads\/2021\/04\/Geburtsanzeige-300x169.jpg 300w, https:\/\/max-emden.de\/wordpress\/wp-content\/uploads\/2021\/04\/Geburtsanzeige-1024x576.jpg 1024w, https:\/\/max-emden.de\/wordpress\/wp-content\/uploads\/2021\/04\/Geburtsanzeige-768x432.jpg 768w\" sizes=\"(max-width: 1356px) 100vw, 1356px\" \/><\/a><figcaption id=\"caption-attachment-12147\" class=\"wp-caption-text\"><em>Die Geburtsurkunde von Abe &#8211; ausgestellt im DP-Camp Neustadt im heutigen Schleswig-Holstein<\/em><\/figcaption><\/figure>\n<p>Abe hat den Holocaust nicht selbst erlebt, aber sein Leben war davon gezeichnet. Ihm wurde von seiner Mutter jeden Tag davon erz\u00e4hlt. Er erlebte selbst, was der Holocaust f\u00fcr Spuren in seiner Familie hinterlassen hat. So erz\u00e4hlte er, dass er bis heute nicht einmal in einer Schlange gestanden habe, um sich etwas zu essen zu holen \u2013 bei Buffets wartet er lieber, bis alle weg sind oder l\u00e4sst sich etwas mitbringen aus Respekt vor seinen verstorbenen Schwestern. Die Geschichten sind vergangen, aber sie leben weiter.<\/p>\n<p>Danach erz\u00e4hlt seine Tochter Sari ihre Geschichte anl\u00e4sslich des Gedenktages der Gefallenen der Kriege Israels. Sie erz\u00e4hlt von einer Liebesgeschichte, die nicht so gl\u00fccklich ausging, wie die ihrer Gro\u00dfeltern. In Israel leistet jeder, sowohl M\u00e4nner als auch Frauen, nach der Schule ein paar Jahre Milit\u00e4rdienst. Auch ihr Bruder ging somit zum Milit\u00e4r, wo er nahe der Grenze zu Libanon stationiert wurde. Sari hat dann mit 17 Jahren ihren Freund kennengelernt. Sie waren \u00fcber zwei Jahre zusammen und beide absolvierten ihren Milit\u00e4rdienst, weshalb sie sich nicht oft sahen. Auf drei Wochen Arbeit folgte eine Woche Urlaub. Doch wenn sie sich sahen, verbrachten sie ihre ganze Zeit zusammen. Ofir war ihre erste gro\u00dfe Liebe und ihre Beziehung war sehr innig, Sari und er stritten sich eigentlich nie. Sie wollten heiraten und verlobten sich w\u00e4hrend ihrer Zeit beim Milit\u00e4r.<\/p>\n<figure id=\"attachment_12149\" aria-describedby=\"caption-attachment-12149\" style=\"width: 1600px\" class=\"wp-caption alignnone\"><a href=\"https:\/\/max-emden.de\/wordpress\/wp-content\/uploads\/2021\/04\/Sari-und-Ofir.jpg\"><img loading=\"lazy\" decoding=\"async\" class=\"wp-image-12149 size-full\" src=\"https:\/\/max-emden.de\/wordpress\/wp-content\/uploads\/2021\/04\/Sari-und-Ofir.jpg\" alt=\"\" width=\"1600\" height=\"777\" srcset=\"https:\/\/max-emden.de\/wordpress\/wp-content\/uploads\/2021\/04\/Sari-und-Ofir.jpg 1600w, https:\/\/max-emden.de\/wordpress\/wp-content\/uploads\/2021\/04\/Sari-und-Ofir-300x146.jpg 300w, https:\/\/max-emden.de\/wordpress\/wp-content\/uploads\/2021\/04\/Sari-und-Ofir-1024x497.jpg 1024w, https:\/\/max-emden.de\/wordpress\/wp-content\/uploads\/2021\/04\/Sari-und-Ofir-768x373.jpg 768w, https:\/\/max-emden.de\/wordpress\/wp-content\/uploads\/2021\/04\/Sari-und-Ofir-1536x746.jpg 1536w\" sizes=\"(max-width: 1600px) 100vw, 1600px\" \/><\/a><figcaption id=\"caption-attachment-12149\" class=\"wp-caption-text\"><em>Sari und ihr Freund Ofir<\/em><\/figcaption><\/figure>\n<p>Ofir war die letzten drei Monate zusammen mit Saris Bruder an der libanesischen Grenze stationiert. Er war mit ein paar anderen Soldaten auf einem Kontrollgang durch die ans\u00e4ssigen D\u00f6rfer, als er schwer von einer Landmine verletzt wurde. Normalerweise rief er Sari immer an, sobald er zu Hause war. An diesem Tag kam aber kein Anruf von ihm. Stattdessen erhielt sie einen von seiner Mutter, die ihr erz\u00e4hlte, dass er in ein Krankenhaus eingeliefert worden sei. Zusammen mit ihrem Vater fuhr sie sofort dorthin, doch kurz nachdem sie ankamen, wurde ihnen mitgeteilt, dass Ofir es nicht geschafft habe.<\/p>\n<p>Diese Nachricht hat Saris Leben von einen zum anderen Augenblick v\u00f6llig ver\u00e4ndert. Die folgenden Tage waren hart f\u00fcr sie, die Wochen und Monate danach noch h\u00e4rter. Der Verlust ihres Verlobten hat sie tief getroffen. Bis heute stehen die beiden Familien in engem Kontakt.<\/p>\n<p>Heute ist Sari verheiratet und hat vier Kinder. Sie denkt sehr oft an Ofir. \u201eEvery day is Memorial Day, not just the 14<sup>th<\/sup> of April\u201d, sagte sie, nachdem sie uns die Geschichte erz\u00e4hlt hatte. Sie ist gl\u00fccklich mit ihrem heutigen Leben, aber erz\u00e4hlt ihren Sch\u00fclern regelm\u00e4\u00dfig diese doch sehr pers\u00f6nliche Geschichte. \u201eDieser Schicksalsschlag hat mich auch zu dem gemacht, was ich heute bin.\u201c<\/p>\n<p>Im Meeting anwesend war auch Saul Spigler, der j\u00fcngere Bruder von Abe. Er lebt in Australien und auch er erz\u00e4hlt Sch\u00fclern seine Familiengeschichte. Alle drei, Sari, Abe und Saul, wollen nicht, dass diese Geschichten vergessen werden. Sie haben das gleiche Ziel, wie die Projektgruppe, deren Name schon genau das sagt. Wie bereits gesagt, die Geschichten sind vergangen, aber sie leben weiter. Sie leben weiter, damit ein Bewusstsein daf\u00fcr geschaffen wird und damit so etwas nie wieder passiert.<\/p>\n<p>Diese sehr bewegenden Geschichten haben gezeigt, dass Gedenktage nicht nur Tage im Kalender sind, an denen man eventuell noch frei hat. Sie sind eine Br\u00fccke zwischen Vergangenheit, Gegenwart und Zukunft. Gedenktage erinnern an Vergangenes von gestern, damit wir heute dar\u00fcber nachdenken und lernen und es morgen nicht wiederholen.<\/p>\n<p><em>Laura Oldewurtel<\/em><\/p>\n","protected":false},"excerpt":{"rendered":"<p>Mitte April ist in Israel viel los \u2013 innerhalb einer Woche liegen drei sehr wichtige und emotionale Feiertage: Am 08. April ist Jom haScho\u2019a, der<a class=\"moretag\" href=\"https:\/\/max-emden.de\/wordpress\/every-day-is-memorial-day\/\"> [&#8230;]<\/a><\/p>\n","protected":false},"author":3,"featured_media":12148,"comment_status":"closed","ping_status":"closed","sticky":false,"template":"","format":"standard","meta":{"footnotes":""},"categories":[35,9,109],"tags":[96],"class_list":["post-12145","post","type-post","status-publish","format-standard","has-post-thumbnail","hentry","category-interkulturelles-lernen","category-max-windmueller","category-modiin-israel","tag-aktuell"],"_links":{"self":[{"href":"https:\/\/max-emden.de\/wordpress\/wp-json\/wp\/v2\/posts\/12145","targetHints":{"allow":["GET"]}}],"collection":[{"href":"https:\/\/max-emden.de\/wordpress\/wp-json\/wp\/v2\/posts"}],"about":[{"href":"https:\/\/max-emden.de\/wordpress\/wp-json\/wp\/v2\/types\/post"}],"author":[{"embeddable":true,"href":"https:\/\/max-emden.de\/wordpress\/wp-json\/wp\/v2\/users\/3"}],"replies":[{"embeddable":true,"href":"https:\/\/max-emden.de\/wordpress\/wp-json\/wp\/v2\/comments?post=12145"}],"version-history":[{"count":3,"href":"https:\/\/max-emden.de\/wordpress\/wp-json\/wp\/v2\/posts\/12145\/revisions"}],"predecessor-version":[{"id":12152,"href":"https:\/\/max-emden.de\/wordpress\/wp-json\/wp\/v2\/posts\/12145\/revisions\/12152"}],"wp:featuredmedia":[{"embeddable":true,"href":"https:\/\/max-emden.de\/wordpress\/wp-json\/wp\/v2\/media\/12148"}],"wp:attachment":[{"href":"https:\/\/max-emden.de\/wordpress\/wp-json\/wp\/v2\/media?parent=12145"}],"wp:term":[{"taxonomy":"category","embeddable":true,"href":"https:\/\/max-emden.de\/wordpress\/wp-json\/wp\/v2\/categories?post=12145"},{"taxonomy":"post_tag","embeddable":true,"href":"https:\/\/max-emden.de\/wordpress\/wp-json\/wp\/v2\/tags?post=12145"}],"curies":[{"name":"wp","href":"https:\/\/api.w.org\/{rel}","templated":true}]}}