{"id":12188,"date":"2021-04-22T18:24:21","date_gmt":"2021-04-22T16:24:21","guid":{"rendered":"https:\/\/max-emden.de\/wordpress\/?p=12188"},"modified":"2021-04-28T17:29:05","modified_gmt":"2021-04-28T15:29:05","slug":"12188-2","status":"publish","type":"post","link":"https:\/\/max-emden.de\/wordpress\/12188-2\/","title":{"rendered":"Gedenken an 76. Todestag Max Windm\u00fcllers"},"content":{"rendered":"<p><img decoding=\"async\" class=\"alignleft size-medium wp-image-12190\" src=\"https:\/\/max-emden.de\/wordpress\/wp-content\/uploads\/2021\/04\/Wiindmueller-2021-300x158.jpg\" alt=\"\" width=\"300\" height=\"158\" srcset=\"https:\/\/max-emden.de\/wordpress\/wp-content\/uploads\/2021\/04\/Wiindmueller-2021-300x158.jpg 300w, https:\/\/max-emden.de\/wordpress\/wp-content\/uploads\/2021\/04\/Wiindmueller-2021-768x404.jpg 768w, https:\/\/max-emden.de\/wordpress\/wp-content\/uploads\/2021\/04\/Wiindmueller-2021.jpg 944w\" sizes=\"(max-width: 300px) 100vw, 300px\" \/>Buchenwald, Mittelbau-Dora, Bergen-Belsen: Nach und nach erreichten die Allierten im April 1945 die auf dem Reichsgebiet gelegenen Konzentrationslager und befreiten die dort verbliebenen H\u00e4ftlinge. Ein gro\u00dfer Teil der Gefangenen wurde allerdings vorher von den Nazis auf Todesm\u00e4rsche geschickt. Trotz des absehbaren nahen Endes des Krieges wurden viele der v\u00f6llig entkr\u00e4fteten KZ-Insassen so zu Tode geschunden, darunter auch Max Windm\u00fcller: Am 21. April 1945 wurde er in der N\u00e4he des bayrischen Cham erschossen &#8211; einen Tag vor der Befreiung durch die Amerikaner. Zum Gedenken an diesen Todestag wurden die Steine der Familie Windm\u00fcller und weitere Stolpersteine geputzt.<\/p>\n<p>&nbsp;<\/p>\n","protected":false},"excerpt":{"rendered":"<p>Buchenwald, Mittelbau-Dora, Bergen-Belsen: Nach und nach erreichten die Allierten im April 1945 die auf dem Reichsgebiet gelegenen Konzentrationslager und befreiten die dort verbliebenen H\u00e4ftlinge. Ein<a class=\"moretag\" href=\"https:\/\/max-emden.de\/wordpress\/12188-2\/\"> [&#8230;]<\/a><\/p>\n","protected":false},"author":3,"featured_media":12190,"comment_status":"closed","ping_status":"closed","sticky":false,"template":"","format":"standard","meta":{"footnotes":""},"categories":[2,9,83],"tags":[96],"class_list":["post-12188","post","type-post","status-publish","format-standard","has-post-thumbnail","hentry","category-allgemein","category-max-windmueller","category-stolpersteine","tag-aktuell"],"_links":{"self":[{"href":"https:\/\/max-emden.de\/wordpress\/wp-json\/wp\/v2\/posts\/12188","targetHints":{"allow":["GET"]}}],"collection":[{"href":"https:\/\/max-emden.de\/wordpress\/wp-json\/wp\/v2\/posts"}],"about":[{"href":"https:\/\/max-emden.de\/wordpress\/wp-json\/wp\/v2\/types\/post"}],"author":[{"embeddable":true,"href":"https:\/\/max-emden.de\/wordpress\/wp-json\/wp\/v2\/users\/3"}],"replies":[{"embeddable":true,"href":"https:\/\/max-emden.de\/wordpress\/wp-json\/wp\/v2\/comments?post=12188"}],"version-history":[{"count":5,"href":"https:\/\/max-emden.de\/wordpress\/wp-json\/wp\/v2\/posts\/12188\/revisions"}],"predecessor-version":[{"id":12224,"href":"https:\/\/max-emden.de\/wordpress\/wp-json\/wp\/v2\/posts\/12188\/revisions\/12224"}],"wp:featuredmedia":[{"embeddable":true,"href":"https:\/\/max-emden.de\/wordpress\/wp-json\/wp\/v2\/media\/12190"}],"wp:attachment":[{"href":"https:\/\/max-emden.de\/wordpress\/wp-json\/wp\/v2\/media?parent=12188"}],"wp:term":[{"taxonomy":"category","embeddable":true,"href":"https:\/\/max-emden.de\/wordpress\/wp-json\/wp\/v2\/categories?post=12188"},{"taxonomy":"post_tag","embeddable":true,"href":"https:\/\/max-emden.de\/wordpress\/wp-json\/wp\/v2\/tags?post=12188"}],"curies":[{"name":"wp","href":"https:\/\/api.w.org\/{rel}","templated":true}]}}