{"id":12242,"date":"2021-05-03T11:43:32","date_gmt":"2021-05-03T09:43:32","guid":{"rendered":"https:\/\/max-emden.de\/wordpress\/?p=12242"},"modified":"2021-05-26T20:38:29","modified_gmt":"2021-05-26T18:38:29","slug":"hola-salut-salvete-wahl-der-zweiten-fremdsprache","status":"publish","type":"post","link":"https:\/\/max-emden.de\/wordpress\/hola-salut-salvete-wahl-der-zweiten-fremdsprache\/","title":{"rendered":"Hola! Salut! Salvete &#8211;    Wahl der zweiten Fremdsprache"},"content":{"rendered":"<p>Liebe Sch\u00fclerinnen und Sch\u00fcler des 5. Jahrgangs!<br \/>\nIhr habt Post bekommen! Dort und demn\u00e4chst im Aufgabenmodul von IServ findet Ihr alle wichtigen Informationen zur Wahl der 2. Fremdsprache.<br \/>\nStichtag f\u00fcr die Abgabe des Wahlzettels ist Mittwoch, der 26. Mai 2021.<br \/>\nWir w\u00fcnschen Euch viel Spa\u00df und Erfolg beim Erlernen einer neuen Sprache!<\/p>\n","protected":false},"excerpt":{"rendered":"<p>Liebe Sch\u00fclerinnen und Sch\u00fcler des 5. Jahrgangs! Ihr habt Post bekommen! Dort und demn\u00e4chst im Aufgabenmodul von IServ findet Ihr alle wichtigen Informationen zur Wahl<a class=\"moretag\" href=\"https:\/\/max-emden.de\/wordpress\/hola-salut-salvete-wahl-der-zweiten-fremdsprache\/\"> [&#8230;]<\/a><\/p>\n","protected":false},"author":1,"featured_media":9943,"comment_status":"closed","ping_status":"closed","sticky":false,"template":"","format":"standard","meta":{"footnotes":""},"categories":[2],"tags":[],"class_list":["post-12242","post","type-post","status-publish","format-standard","has-post-thumbnail","hentry","category-allgemein"],"_links":{"self":[{"href":"https:\/\/max-emden.de\/wordpress\/wp-json\/wp\/v2\/posts\/12242","targetHints":{"allow":["GET"]}}],"collection":[{"href":"https:\/\/max-emden.de\/wordpress\/wp-json\/wp\/v2\/posts"}],"about":[{"href":"https:\/\/max-emden.de\/wordpress\/wp-json\/wp\/v2\/types\/post"}],"author":[{"embeddable":true,"href":"https:\/\/max-emden.de\/wordpress\/wp-json\/wp\/v2\/users\/1"}],"replies":[{"embeddable":true,"href":"https:\/\/max-emden.de\/wordpress\/wp-json\/wp\/v2\/comments?post=12242"}],"version-history":[{"count":1,"href":"https:\/\/max-emden.de\/wordpress\/wp-json\/wp\/v2\/posts\/12242\/revisions"}],"predecessor-version":[{"id":12243,"href":"https:\/\/max-emden.de\/wordpress\/wp-json\/wp\/v2\/posts\/12242\/revisions\/12243"}],"wp:featuredmedia":[{"embeddable":true,"href":"https:\/\/max-emden.de\/wordpress\/wp-json\/wp\/v2\/media\/9943"}],"wp:attachment":[{"href":"https:\/\/max-emden.de\/wordpress\/wp-json\/wp\/v2\/media?parent=12242"}],"wp:term":[{"taxonomy":"category","embeddable":true,"href":"https:\/\/max-emden.de\/wordpress\/wp-json\/wp\/v2\/categories?post=12242"},{"taxonomy":"post_tag","embeddable":true,"href":"https:\/\/max-emden.de\/wordpress\/wp-json\/wp\/v2\/tags?post=12242"}],"curies":[{"name":"wp","href":"https:\/\/api.w.org\/{rel}","templated":true}]}}