{"id":12295,"date":"2021-05-14T15:58:50","date_gmt":"2021-05-14T13:58:50","guid":{"rendered":"https:\/\/max-emden.de\/wordpress\/?p=12295"},"modified":"2021-05-26T20:53:17","modified_gmt":"2021-05-26T18:53:17","slug":"tulpen-fuer-brot-herzlichen-dank-an-die-spender","status":"publish","type":"post","link":"https:\/\/max-emden.de\/wordpress\/tulpen-fuer-brot-herzlichen-dank-an-die-spender\/","title":{"rendered":"Tulpen f\u00fcr Brot &#8211; Herzlichen Dank an die Spender!"},"content":{"rendered":"<p><a href=\"https:\/\/max-emden.de\/wordpress\/wp-content\/uploads\/2021\/05\/K800_TfBrot-2021.jpg\"><img fetchpriority=\"high\" decoding=\"async\" class=\"alignnone size-full wp-image-12296\" src=\"https:\/\/max-emden.de\/wordpress\/wp-content\/uploads\/2021\/05\/K800_TfBrot-2021.jpg\" alt=\"\" width=\"1067\" height=\"600\" srcset=\"https:\/\/max-emden.de\/wordpress\/wp-content\/uploads\/2021\/05\/K800_TfBrot-2021.jpg 1067w, https:\/\/max-emden.de\/wordpress\/wp-content\/uploads\/2021\/05\/K800_TfBrot-2021-300x169.jpg 300w, https:\/\/max-emden.de\/wordpress\/wp-content\/uploads\/2021\/05\/K800_TfBrot-2021-1024x576.jpg 1024w, https:\/\/max-emden.de\/wordpress\/wp-content\/uploads\/2021\/05\/K800_TfBrot-2021-768x432.jpg 768w\" sizes=\"(max-width: 1067px) 100vw, 1067px\" \/><\/a><\/p>\n<p>Momentan bl\u00fchen \u00fcberall auf und rund um das Schulgel\u00e4nde Tulpen, die im November von Mitgliedern des Klimaparlaments und der Future-Peers gesetzt worden sind. Im Rahmen der Aktion Tulpen f\u00fcr Brot haben die Sch\u00fcler*innen knapp 2000 Tulpenzwiebeln gepflanzt und damit Spenden f\u00fcr die Deutsche Krebshilfe, die Deutsche Welthungerhilfe und die Aktion Peruhilfe gesammelt. Das Beste: Da alle Spender*innen m\u00f6chten, dass die Tulpen nicht geschnitten werden, k\u00f6nnen wir uns alle noch eine Weile daran freuen!<\/p>\n<p>Herzlichen Dank!<\/p>\n<div id=\"video-thumbnail\" class=\"style-scope ytcp-video-list-cell-video\">\n<div id=\"video-thumbnail-container\" class=\"style-scope ytcp-video-list-cell-video\">\n<div class=\"container style-scope ytcp-thumbnail\">\n<div class=\"timestamp style-scope ytcp-thumbnail\">\n<div><a href=\"https:\/\/youtu.be\/6hsGxr8u8qo\">Tulpen f\u00fcr Brot am Max &#8211; Herzlichen Dank!<\/a><\/div>\n<div><\/div>\n<div><\/div>\n<\/div>\n<\/div>\n<\/div>\n<\/div>\n<p>&nbsp;<\/p>\n<p>&nbsp;<\/p>\n","protected":false},"excerpt":{"rendered":"<p>Momentan bl\u00fchen \u00fcberall auf und rund um das Schulgel\u00e4nde Tulpen, die im November von Mitgliedern des Klimaparlaments und der Future-Peers gesetzt worden sind. Im Rahmen<a class=\"moretag\" href=\"https:\/\/max-emden.de\/wordpress\/tulpen-fuer-brot-herzlichen-dank-an-die-spender\/\"> [&#8230;]<\/a><\/p>\n","protected":false},"author":3,"featured_media":12296,"comment_status":"closed","ping_status":"closed","sticky":false,"template":"","format":"standard","meta":{"footnotes":""},"categories":[89],"tags":[96],"class_list":["post-12295","post","type-post","status-publish","format-standard","has-post-thumbnail","hentry","category-unesco","tag-aktuell"],"_links":{"self":[{"href":"https:\/\/max-emden.de\/wordpress\/wp-json\/wp\/v2\/posts\/12295","targetHints":{"allow":["GET"]}}],"collection":[{"href":"https:\/\/max-emden.de\/wordpress\/wp-json\/wp\/v2\/posts"}],"about":[{"href":"https:\/\/max-emden.de\/wordpress\/wp-json\/wp\/v2\/types\/post"}],"author":[{"embeddable":true,"href":"https:\/\/max-emden.de\/wordpress\/wp-json\/wp\/v2\/users\/3"}],"replies":[{"embeddable":true,"href":"https:\/\/max-emden.de\/wordpress\/wp-json\/wp\/v2\/comments?post=12295"}],"version-history":[{"count":4,"href":"https:\/\/max-emden.de\/wordpress\/wp-json\/wp\/v2\/posts\/12295\/revisions"}],"predecessor-version":[{"id":12300,"href":"https:\/\/max-emden.de\/wordpress\/wp-json\/wp\/v2\/posts\/12295\/revisions\/12300"}],"wp:featuredmedia":[{"embeddable":true,"href":"https:\/\/max-emden.de\/wordpress\/wp-json\/wp\/v2\/media\/12296"}],"wp:attachment":[{"href":"https:\/\/max-emden.de\/wordpress\/wp-json\/wp\/v2\/media?parent=12295"}],"wp:term":[{"taxonomy":"category","embeddable":true,"href":"https:\/\/max-emden.de\/wordpress\/wp-json\/wp\/v2\/categories?post=12295"},{"taxonomy":"post_tag","embeddable":true,"href":"https:\/\/max-emden.de\/wordpress\/wp-json\/wp\/v2\/tags?post=12295"}],"curies":[{"name":"wp","href":"https:\/\/api.w.org\/{rel}","templated":true}]}}