{"id":12531,"date":"2021-06-30T20:46:40","date_gmt":"2021-06-30T18:46:40","guid":{"rendered":"https:\/\/max-emden.de\/wordpress\/?p=12531"},"modified":"2021-07-14T12:46:31","modified_gmt":"2021-07-14T10:46:31","slug":"ktma-letztes-zoom-meeting-mit-den-israelis-vor-den-sommerferien","status":"publish","type":"post","link":"https:\/\/max-emden.de\/wordpress\/ktma-letztes-zoom-meeting-mit-den-israelis-vor-den-sommerferien\/","title":{"rendered":"KTMA: Letztes Zoom-Meeting mit den Israelis vor den Sommerferien"},"content":{"rendered":"<p><a href=\"https:\/\/max-emden.de\/wordpress\/wp-content\/uploads\/2021\/06\/Zoom-Meeting-28.6.2021-LR.jpg\"><img fetchpriority=\"high\" decoding=\"async\" class=\"alignnone size-full wp-image-12532\" src=\"https:\/\/max-emden.de\/wordpress\/wp-content\/uploads\/2021\/06\/Zoom-Meeting-28.6.2021-LR.jpg\" alt=\"\" width=\"1067\" height=\"600\" srcset=\"https:\/\/max-emden.de\/wordpress\/wp-content\/uploads\/2021\/06\/Zoom-Meeting-28.6.2021-LR.jpg 1067w, https:\/\/max-emden.de\/wordpress\/wp-content\/uploads\/2021\/06\/Zoom-Meeting-28.6.2021-LR-300x169.jpg 300w, https:\/\/max-emden.de\/wordpress\/wp-content\/uploads\/2021\/06\/Zoom-Meeting-28.6.2021-LR-1024x576.jpg 1024w, https:\/\/max-emden.de\/wordpress\/wp-content\/uploads\/2021\/06\/Zoom-Meeting-28.6.2021-LR-768x432.jpg 768w\" sizes=\"(max-width: 1067px) 100vw, 1067px\" \/><\/a><\/p>\n<p>Kurz vor den israelischen Ferien fand das letzte virtuelle Keep The Memory Alive-Treffen mit unseren Austauschpartnern aus Modi\u2019in statt. Wieder wurde sich in kleinen Gruppen weiter kennengelernt. Es wurden Kindheitserinnerungen ausgetauscht und Aberglauben, die in beiden L\u00e4ndern bekannt sind, wurden gesucht.<br \/>\nZwischendrin wurde rege \u00fcber den bevorstehenden Austausch gesprochen, \u00fcber die Temperaturen, die sowohl hier als auch dort momentan ziemlich hoch sind und \u00fcber einige weitere Dinge.<br \/>\nEine kleine Hausaufgabe gab es vor den Ferien dann noch f\u00fcr jeden, und zwar soll jeder einen Fragebogen ausf\u00fcllen, denn: Die Partner werden zugeordnet! Alle sind schon sehr auf ihre Austauschpartner gespannt.<br \/>\nDamit geht es f\u00fcr die virtuellen internationalen Treffen erstmal in die Sommerpause, die Projektarbeit l\u00e4uft aber noch weiter: Es erwartet uns ein interessanter Workshop mit den Zweitzeug*innen! Dazu bald mehr ;)!<\/p>\n<p><em>Laura Oldewurtel<\/em><\/p>\n","protected":false},"excerpt":{"rendered":"<p>Kurz vor den israelischen Ferien fand das letzte virtuelle Keep The Memory Alive-Treffen mit unseren Austauschpartnern aus Modi\u2019in statt. Wieder wurde sich in kleinen Gruppen<a class=\"moretag\" href=\"https:\/\/max-emden.de\/wordpress\/ktma-letztes-zoom-meeting-mit-den-israelis-vor-den-sommerferien\/\"> [&#8230;]<\/a><\/p>\n","protected":false},"author":3,"featured_media":12532,"comment_status":"closed","ping_status":"closed","sticky":false,"template":"","format":"standard","meta":{"footnotes":""},"categories":[5,9,109],"tags":[96],"class_list":["post-12531","post","type-post","status-publish","format-standard","has-post-thumbnail","hentry","category-europaschule","category-max-windmueller","category-modiin-israel","tag-aktuell"],"_links":{"self":[{"href":"https:\/\/max-emden.de\/wordpress\/wp-json\/wp\/v2\/posts\/12531","targetHints":{"allow":["GET"]}}],"collection":[{"href":"https:\/\/max-emden.de\/wordpress\/wp-json\/wp\/v2\/posts"}],"about":[{"href":"https:\/\/max-emden.de\/wordpress\/wp-json\/wp\/v2\/types\/post"}],"author":[{"embeddable":true,"href":"https:\/\/max-emden.de\/wordpress\/wp-json\/wp\/v2\/users\/3"}],"replies":[{"embeddable":true,"href":"https:\/\/max-emden.de\/wordpress\/wp-json\/wp\/v2\/comments?post=12531"}],"version-history":[{"count":2,"href":"https:\/\/max-emden.de\/wordpress\/wp-json\/wp\/v2\/posts\/12531\/revisions"}],"predecessor-version":[{"id":12534,"href":"https:\/\/max-emden.de\/wordpress\/wp-json\/wp\/v2\/posts\/12531\/revisions\/12534"}],"wp:featuredmedia":[{"embeddable":true,"href":"https:\/\/max-emden.de\/wordpress\/wp-json\/wp\/v2\/media\/12532"}],"wp:attachment":[{"href":"https:\/\/max-emden.de\/wordpress\/wp-json\/wp\/v2\/media?parent=12531"}],"wp:term":[{"taxonomy":"category","embeddable":true,"href":"https:\/\/max-emden.de\/wordpress\/wp-json\/wp\/v2\/categories?post=12531"},{"taxonomy":"post_tag","embeddable":true,"href":"https:\/\/max-emden.de\/wordpress\/wp-json\/wp\/v2\/tags?post=12531"}],"curies":[{"name":"wp","href":"https:\/\/api.w.org\/{rel}","templated":true}]}}