{"id":12559,"date":"2021-07-10T11:24:19","date_gmt":"2021-07-10T09:24:19","guid":{"rendered":"https:\/\/max-emden.de\/wordpress\/?p=12559"},"modified":"2021-07-16T06:03:24","modified_gmt":"2021-07-16T04:03:24","slug":"ich-wollte-am-leben-bleiben-um-davon-zu-erzaehlen-was-man-mit-uns-gemacht-hat-esther-bejarano-ist-gestorben","status":"publish","type":"post","link":"https:\/\/max-emden.de\/wordpress\/ich-wollte-am-leben-bleiben-um-davon-zu-erzaehlen-was-man-mit-uns-gemacht-hat-esther-bejarano-ist-gestorben\/","title":{"rendered":"\u201ePer la Vita!\u201c &#8211; Esther Bejarano ist gestorben"},"content":{"rendered":"<p>\u201eIhr tragt keine Schuld, dass es passiert ist \u2013 aber ihr macht euch schuldig, wenn ihr nichts dar\u00fcber wissen wollt.\u201c \u2013 Dieses Motto trug Esther Bejarano unerm\u00fcdlich in die Welt: Trotz ihres hohen Alters trat die \u00dcberlebende des Holocausts beinahe t\u00e4glich auf, um aus ihrem Leben zu berichten. Begleitet wurde sie dabei von ihrem Sohn Joram und sehr h\u00e4ufig von Kutlu Yurtseven, der \u201eeingeenkelt\u201c zum Teil ihrer Familie wurde. Als \u201eEsther Bejarano und die Microphone Mafia\u201c trat das Trio auf, um gegen Antisemitismus, Rassismus, Hass und Hetze zu k\u00e4mpfen und um zu werben \u2013 f\u00fcr das Leben oder um es mit einem ihrer Songtitel zu sagen: \u201ePer la Vita!\u201c Ihre Botschaft f\u00fchrte sie auch \u00fcber die Grenzen des Landes hinaus \u2013 2017 sogar bis nach Kuba.<\/p>\n<figure id=\"attachment_12560\" aria-describedby=\"caption-attachment-12560\" style=\"width: 900px\" class=\"wp-caption alignnone\"><a href=\"https:\/\/max-emden.de\/wordpress\/wp-content\/uploads\/2021\/07\/Esther-Bejarano-in-Emden-LR-8.jpg\"><img fetchpriority=\"high\" decoding=\"async\" class=\"wp-image-12560 size-full\" src=\"https:\/\/max-emden.de\/wordpress\/wp-content\/uploads\/2021\/07\/Esther-Bejarano-in-Emden-LR-8.jpg\" alt=\"\" width=\"900\" height=\"600\" srcset=\"https:\/\/max-emden.de\/wordpress\/wp-content\/uploads\/2021\/07\/Esther-Bejarano-in-Emden-LR-8.jpg 900w, https:\/\/max-emden.de\/wordpress\/wp-content\/uploads\/2021\/07\/Esther-Bejarano-in-Emden-LR-8-300x200.jpg 300w, https:\/\/max-emden.de\/wordpress\/wp-content\/uploads\/2021\/07\/Esther-Bejarano-in-Emden-LR-8-768x512.jpg 768w\" sizes=\"(max-width: 900px) 100vw, 900px\" \/><\/a><figcaption id=\"caption-attachment-12560\" class=\"wp-caption-text\"><em>In der Neuen Kirche 2018: Esther Bejarano mit Kutlu Yurtseven (li.) und ihrem Sohn Joram.<\/em><\/figcaption><\/figure>\n<p>Mit Esther Bejarano verstummt eine Frau, die unerm\u00fcdlich aktiv war: Neben ihren beinahe unz\u00e4hligen Auftritten auf der B\u00fchne war sie immer wieder zu Gast in Talkshows oder nahm Stellung zum politischen Geschehen \u2013 zuletzt immer wieder mit der Forderung, den 8. Mai, den Tag der Kapitulation der Nazis und damit des Kriegsendes, zu einem allgemeinen Gedenk- und Feiertag zu machen: &#8222;Das geht gar nicht anders &#8211; es muss gefeiert werden.&#8220;<\/p>\n<figure id=\"attachment_12562\" aria-describedby=\"caption-attachment-12562\" style=\"width: 900px\" class=\"wp-caption alignnone\"><a href=\"https:\/\/max-emden.de\/wordpress\/wp-content\/uploads\/2021\/07\/Esther-Bejarano-in-Emden-LR-12.jpg\"><img decoding=\"async\" class=\"wp-image-12562 size-full\" src=\"https:\/\/max-emden.de\/wordpress\/wp-content\/uploads\/2021\/07\/Esther-Bejarano-in-Emden-LR-12.jpg\" alt=\"\" width=\"900\" height=\"600\" srcset=\"https:\/\/max-emden.de\/wordpress\/wp-content\/uploads\/2021\/07\/Esther-Bejarano-in-Emden-LR-12.jpg 900w, https:\/\/max-emden.de\/wordpress\/wp-content\/uploads\/2021\/07\/Esther-Bejarano-in-Emden-LR-12-300x200.jpg 300w, https:\/\/max-emden.de\/wordpress\/wp-content\/uploads\/2021\/07\/Esther-Bejarano-in-Emden-LR-12-768x512.jpg 768w\" sizes=\"(max-width: 900px) 100vw, 900px\" \/><\/a><figcaption id=\"caption-attachment-12562\" class=\"wp-caption-text\"><em>\u201eIch wollte am Leben bleiben, um davon zu erz\u00e4hlen, was man mit uns gemacht hat.\u201c &#8211; Esther Bejarano 2018 vor Max-Sch\u00fcler*innen<\/em><\/figcaption><\/figure>\n<p>Auch wenn ihr das Gehen zunehmend M\u00fche bereitete, nahm sie bis zuletzt die Strapazen auf sich, um vor Schulklassen zu sprechen \u2013 auch am Max: Nach ihrem ersten Besuch im Jahre 2018 war Esther Bejarano 2020 anl\u00e4sslich der Festveranstaltung zum 100. Geburtstag Max Windm\u00fcllers erneut zu Gast. In der vollbesetzten Johannes \u00e0 Lasco-Bibliothek trat sie noch einmal mit der Microphone Mafia auf und traf dort auf Albrecht Weinberg. Beide waren am 20. April 1943 mit demselben Transport nach Auschwitz deportiert worden, um dort ermordet zu werden. In Emden fielen sich Esther und Albrecht in die Arme \u2013 ein Bild, das unvergesslich bleiben wird. Kurz vor der Corona-Pandemie geh\u00f6rte dieser Auftritt zu den letzten Konzerten Bejaranos.<\/p>\n<figure id=\"attachment_12563\" aria-describedby=\"caption-attachment-12563\" style=\"width: 600px\" class=\"wp-caption alignnone\"><a href=\"https:\/\/max-emden.de\/wordpress\/wp-content\/uploads\/2021\/07\/Festakt-Max100-LR-12.jpg\"><img decoding=\"async\" class=\"wp-image-12563 size-full\" src=\"https:\/\/max-emden.de\/wordpress\/wp-content\/uploads\/2021\/07\/Festakt-Max100-LR-12.jpg\" alt=\"\" width=\"600\" height=\"785\" srcset=\"https:\/\/max-emden.de\/wordpress\/wp-content\/uploads\/2021\/07\/Festakt-Max100-LR-12.jpg 600w, https:\/\/max-emden.de\/wordpress\/wp-content\/uploads\/2021\/07\/Festakt-Max100-LR-12-229x300.jpg 229w\" sizes=\"(max-width: 600px) 100vw, 600px\" \/><\/a><figcaption id=\"caption-attachment-12563\" class=\"wp-caption-text\"><em>Trafen sich 2020 in der JaL: Die \u00dcberlebenden Esther Bejarano und Albrecht Weinberg<\/em><\/figcaption><\/figure>\n<p>Esther Bejarano ist am 10. Juli in der Nacht zum Sonnabend im Israelitischen Krankenhaus im Alter von 96 Jahren gestorben.<\/p>\n<p>Das Max-Windm\u00fcller-Gymnasium wird Esther Bejarano ein ehrendes Gedenken bewahren. Unser Mitgef\u00fchl gilt Joram Bejarano, Kutlu Yurtseven und allen Angeh\u00f6rigen.<\/p>\n<p>&nbsp;<\/p>\n","protected":false},"excerpt":{"rendered":"<p>\u201eIhr tragt keine Schuld, dass es passiert ist \u2013 aber ihr macht euch schuldig, wenn ihr nichts dar\u00fcber wissen wollt.\u201c \u2013 Dieses Motto trug Esther<a class=\"moretag\" href=\"https:\/\/max-emden.de\/wordpress\/ich-wollte-am-leben-bleiben-um-davon-zu-erzaehlen-was-man-mit-uns-gemacht-hat-esther-bejarano-ist-gestorben\/\"> [&#8230;]<\/a><\/p>\n","protected":false},"author":3,"featured_media":12565,"comment_status":"closed","ping_status":"closed","sticky":false,"template":"","format":"standard","meta":{"footnotes":""},"categories":[2],"tags":[96],"class_list":["post-12559","post","type-post","status-publish","format-standard","has-post-thumbnail","hentry","category-allgemein","tag-aktuell"],"_links":{"self":[{"href":"https:\/\/max-emden.de\/wordpress\/wp-json\/wp\/v2\/posts\/12559","targetHints":{"allow":["GET"]}}],"collection":[{"href":"https:\/\/max-emden.de\/wordpress\/wp-json\/wp\/v2\/posts"}],"about":[{"href":"https:\/\/max-emden.de\/wordpress\/wp-json\/wp\/v2\/types\/post"}],"author":[{"embeddable":true,"href":"https:\/\/max-emden.de\/wordpress\/wp-json\/wp\/v2\/users\/3"}],"replies":[{"embeddable":true,"href":"https:\/\/max-emden.de\/wordpress\/wp-json\/wp\/v2\/comments?post=12559"}],"version-history":[{"count":4,"href":"https:\/\/max-emden.de\/wordpress\/wp-json\/wp\/v2\/posts\/12559\/revisions"}],"predecessor-version":[{"id":12569,"href":"https:\/\/max-emden.de\/wordpress\/wp-json\/wp\/v2\/posts\/12559\/revisions\/12569"}],"wp:featuredmedia":[{"embeddable":true,"href":"https:\/\/max-emden.de\/wordpress\/wp-json\/wp\/v2\/media\/12565"}],"wp:attachment":[{"href":"https:\/\/max-emden.de\/wordpress\/wp-json\/wp\/v2\/media?parent=12559"}],"wp:term":[{"taxonomy":"category","embeddable":true,"href":"https:\/\/max-emden.de\/wordpress\/wp-json\/wp\/v2\/categories?post=12559"},{"taxonomy":"post_tag","embeddable":true,"href":"https:\/\/max-emden.de\/wordpress\/wp-json\/wp\/v2\/tags?post=12559"}],"curies":[{"name":"wp","href":"https:\/\/api.w.org\/{rel}","templated":true}]}}