{"id":12684,"date":"2021-08-27T11:55:36","date_gmt":"2021-08-27T09:55:36","guid":{"rendered":"https:\/\/max-emden.de\/wordpress\/?p=12684"},"modified":"2021-09-07T08:32:18","modified_gmt":"2021-09-07T06:32:18","slug":"laura-oldewurtel-vertritt-max-beim-seoul-international-education-forum","status":"publish","type":"post","link":"https:\/\/max-emden.de\/wordpress\/laura-oldewurtel-vertritt-max-beim-seoul-international-education-forum\/","title":{"rendered":"Laura Oldewurtel vertritt Max beim Seoul International Education Forum"},"content":{"rendered":"<figure id=\"attachment_12692\" aria-describedby=\"caption-attachment-12692\" style=\"width: 1009px\" class=\"wp-caption alignnone\"><a href=\"https:\/\/max-emden.de\/wordpress\/wp-content\/uploads\/2021\/08\/Bildschirmfoto-2021-08-20-um-09.32.10.jpg\"><img fetchpriority=\"high\" decoding=\"async\" class=\"wp-image-12692 size-full\" src=\"https:\/\/max-emden.de\/wordpress\/wp-content\/uploads\/2021\/08\/Bildschirmfoto-2021-08-20-um-09.32.10.jpg\" alt=\"\" width=\"1009\" height=\"600\" srcset=\"https:\/\/max-emden.de\/wordpress\/wp-content\/uploads\/2021\/08\/Bildschirmfoto-2021-08-20-um-09.32.10.jpg 1009w, https:\/\/max-emden.de\/wordpress\/wp-content\/uploads\/2021\/08\/Bildschirmfoto-2021-08-20-um-09.32.10-300x178.jpg 300w, https:\/\/max-emden.de\/wordpress\/wp-content\/uploads\/2021\/08\/Bildschirmfoto-2021-08-20-um-09.32.10-768x457.jpg 768w\" sizes=\"(max-width: 1009px) 100vw, 1009px\" \/><\/a><figcaption id=\"caption-attachment-12692\" class=\"wp-caption-text\"><em>Laura mit dem Superintendent des Seoul International Education Forum<\/em><\/figcaption><\/figure>\n<p>Dass Nachhaltigkeit ein Thema von weltweiter Bedeutung ist, zeigt sich immer wieder. Auch in Asien stellen sich dazu Fragen, zu denen ein internationaler Erfahrungsaustausch hilfreich sein kann. Mitten in den Ferien hat unsere neue Klimaratsvorsitzende Laura Oldewurtel an einer besonderen Veranstaltung teilgenommen. Hier ist ihr Bericht:<\/p>\n<blockquote><p><em>Momentan sind die G\u00e4nge in der Schule leer und die Laptops und Tablets zu Hause <\/em><em>ausgeschaltet. (Fast) alle k\u00f6nnen sich w\u00e4hrend der wohlverdienten Sommerferien, die leider <\/em><em>gar nicht nach Sommerferien aussehen, zur\u00fccklehnen und nach einem anstrengenden, letzten <\/em><em>Schuljahr Kr\u00e4fte f\u00fcrs n\u00e4chste sammeln. Ganz langweilig wird es aber doch nicht. <\/em><em>Kurz vor den Sommerferien wandte sich der UNESCO-Bundeskoordinator Klaus Schilling an <\/em><em>unsere Schule. Er habe eine Anfrage vom Seoul Metropolitan Office of Education (SMOE) f\u00fcr <\/em><em>das SIEF (Seoul International Education Forum) bekommen. Dieses Forum wird j\u00e4hrlich vom <\/em><em>SMOE ausgerichtet und fand am 19.08. und dem 20.08. zum achten Mal statt. <\/em><em>Dieses Jahr ging es vor allem um die Themen Nachhaltigkeit, Bildung f\u00fcr nachhaltige <\/em><em>Entwicklung und wie Schulen allgemein nachhaltiger werden k\u00f6nnen. Im Rahmen dessen <\/em><em>wurde international nach Sch\u00fcler*innen gesucht, die zu diesem Themen referieren wollen, <\/em><em>um einen Vergleich zwischen koreanischen Schulen und diesen Schulen zu schaffen. <\/em><em>Dieser Einladung sind wir gerne gefolgt.<\/em><\/p>\n<figure id=\"attachment_12694\" aria-describedby=\"caption-attachment-12694\" style=\"width: 1005px\" class=\"wp-caption alignnone\"><a href=\"https:\/\/max-emden.de\/wordpress\/wp-content\/uploads\/2021\/08\/Bildschirmfoto-2021-08-20-um-09.27.49.jpg\"><img decoding=\"async\" class=\"wp-image-12694 size-full\" src=\"https:\/\/max-emden.de\/wordpress\/wp-content\/uploads\/2021\/08\/Bildschirmfoto-2021-08-20-um-09.27.49.jpg\" alt=\"\" width=\"1005\" height=\"600\" srcset=\"https:\/\/max-emden.de\/wordpress\/wp-content\/uploads\/2021\/08\/Bildschirmfoto-2021-08-20-um-09.27.49.jpg 1005w, https:\/\/max-emden.de\/wordpress\/wp-content\/uploads\/2021\/08\/Bildschirmfoto-2021-08-20-um-09.27.49-300x179.jpg 300w, https:\/\/max-emden.de\/wordpress\/wp-content\/uploads\/2021\/08\/Bildschirmfoto-2021-08-20-um-09.27.49-768x459.jpg 768w\" sizes=\"(max-width: 1005px) 100vw, 1005px\" \/><\/a><figcaption id=\"caption-attachment-12694\" class=\"wp-caption-text\"><em>Internationale Videokonferenz in Seoul mit UNESCO-Beteiligung aus Deutschland und Singapur<\/em><\/figcaption><\/figure>\n<p><em>Somit durfte ich an einer anregenden und<\/em><em>spannenden Diskussionsrunde mit koreanischen Sch\u00fcler*innen und dem Superintendent <\/em><em>(dem Vorsitzenden des SMOE), sowie einer Sch\u00fclerin aus Singapur teilnehmen. S<\/em><em>am Pei Yi, die Sch\u00fclerin aus Singapur, und ich erz\u00e4hlten \u00fcber unsere Schulen, wie wir <\/em><em>Nachhaltigkeit in den Schulalltag integrieren, welche Projekte wir ins Leben gerufen haben <\/em><em>und wie man m\u00f6glichst einfach, aber effizient zu einer nachhaltigen Schule wird.<\/em><\/p>\n<figure id=\"attachment_12695\" aria-describedby=\"caption-attachment-12695\" style=\"width: 980px\" class=\"wp-caption alignnone\"><a href=\"https:\/\/max-emden.de\/wordpress\/wp-content\/uploads\/2021\/08\/Bildschirmfoto-2021-08-20-um-08.52.18.jpg\"><img decoding=\"async\" class=\"wp-image-12695 size-full\" src=\"https:\/\/max-emden.de\/wordpress\/wp-content\/uploads\/2021\/08\/Bildschirmfoto-2021-08-20-um-08.52.18.jpg\" alt=\"\" width=\"980\" height=\"600\" srcset=\"https:\/\/max-emden.de\/wordpress\/wp-content\/uploads\/2021\/08\/Bildschirmfoto-2021-08-20-um-08.52.18.jpg 980w, https:\/\/max-emden.de\/wordpress\/wp-content\/uploads\/2021\/08\/Bildschirmfoto-2021-08-20-um-08.52.18-300x184.jpg 300w, https:\/\/max-emden.de\/wordpress\/wp-content\/uploads\/2021\/08\/Bildschirmfoto-2021-08-20-um-08.52.18-768x470.jpg 768w\" sizes=\"(max-width: 980px) 100vw, 980px\" \/><\/a><figcaption id=\"caption-attachment-12695\" class=\"wp-caption-text\"><em>Erfahrungsaustausch mit Sch\u00fcler*innen und Lehrer*innen<\/em><\/figcaption><\/figure>\n<p><em>Es war interessant zu sehen, welche Unterschiede es in der Herangehensweise es in den <\/em><em>verschiedenen L\u00e4ndern gibt. Vor allem der Superintendent war \u00fcber einige Dinge angenehm <\/em><em>\u00fcberrascht und stellte Fragen. Danach waren die koreanischen Sch\u00fcler*innen an der Reihe, <\/em><em>dem Superintendenten ihre Fragen zu stellen, die er gerne beantwortete. Dank Dolmetschern <\/em><em>war die ganze Veranstaltung, die mehr oder weniger auf koreanisch stattfand, auch f\u00fcr mich <\/em><em>als Gast problemlos auf Englisch zu verstehen.<\/em><\/p>\n<p><em>Eine sehr interessante Erfahrung, die f\u00fcr beide Seiten eine Bereicherung darstellt!<\/em><\/p>\n<p><em>Laura Oldewurtel<\/em><\/p><\/blockquote>\n","protected":false},"excerpt":{"rendered":"<p>Dass Nachhaltigkeit ein Thema von weltweiter Bedeutung ist, zeigt sich immer wieder. Auch in Asien stellen sich dazu Fragen, zu denen ein internationaler Erfahrungsaustausch hilfreich<a class=\"moretag\" href=\"https:\/\/max-emden.de\/wordpress\/laura-oldewurtel-vertritt-max-beim-seoul-international-education-forum\/\"> [&#8230;]<\/a><\/p>\n","protected":false},"author":3,"featured_media":12692,"comment_status":"closed","ping_status":"closed","sticky":false,"template":"","format":"standard","meta":{"footnotes":""},"categories":[1,89],"tags":[96],"class_list":["post-12684","post","type-post","status-publish","format-standard","has-post-thumbnail","hentry","category-uncategorized","category-unesco","tag-aktuell"],"_links":{"self":[{"href":"https:\/\/max-emden.de\/wordpress\/wp-json\/wp\/v2\/posts\/12684","targetHints":{"allow":["GET"]}}],"collection":[{"href":"https:\/\/max-emden.de\/wordpress\/wp-json\/wp\/v2\/posts"}],"about":[{"href":"https:\/\/max-emden.de\/wordpress\/wp-json\/wp\/v2\/types\/post"}],"author":[{"embeddable":true,"href":"https:\/\/max-emden.de\/wordpress\/wp-json\/wp\/v2\/users\/3"}],"replies":[{"embeddable":true,"href":"https:\/\/max-emden.de\/wordpress\/wp-json\/wp\/v2\/comments?post=12684"}],"version-history":[{"count":6,"href":"https:\/\/max-emden.de\/wordpress\/wp-json\/wp\/v2\/posts\/12684\/revisions"}],"predecessor-version":[{"id":12697,"href":"https:\/\/max-emden.de\/wordpress\/wp-json\/wp\/v2\/posts\/12684\/revisions\/12697"}],"wp:featuredmedia":[{"embeddable":true,"href":"https:\/\/max-emden.de\/wordpress\/wp-json\/wp\/v2\/media\/12692"}],"wp:attachment":[{"href":"https:\/\/max-emden.de\/wordpress\/wp-json\/wp\/v2\/media?parent=12684"}],"wp:term":[{"taxonomy":"category","embeddable":true,"href":"https:\/\/max-emden.de\/wordpress\/wp-json\/wp\/v2\/categories?post=12684"},{"taxonomy":"post_tag","embeddable":true,"href":"https:\/\/max-emden.de\/wordpress\/wp-json\/wp\/v2\/tags?post=12684"}],"curies":[{"name":"wp","href":"https:\/\/api.w.org\/{rel}","templated":true}]}}