{"id":12764,"date":"2021-09-02T14:46:34","date_gmt":"2021-09-02T12:46:34","guid":{"rendered":"https:\/\/max-emden.de\/wordpress\/?p=12764"},"modified":"2021-09-02T14:46:34","modified_gmt":"2021-09-02T12:46:34","slug":"delf-ag-ab-jahrgang-7","status":"publish","type":"post","link":"https:\/\/max-emden.de\/wordpress\/delf-ag-ab-jahrgang-7\/","title":{"rendered":"DELF-AG (ab Jahrgang 7)"},"content":{"rendered":"<div>\n<p>Informationen zur DELF-AG am Max<\/p>\n<\/div>\n<div>\n<p>Was?<\/p>\n<\/div>\n<div>\n<p>Das DELF (= Dipl\u00f4me d&#8217;Etudes en Langue Fran\u00e7aise) ist ein international anerkanntes, vom franz\u00f6sischen Staat ausgestelltes Diplom, das demjenigen, der die entsprechende schriftliche und m\u00fcndliche Pr\u00fcfung erfolgreich ablegt, seine Sprachkenntnisse im Franz\u00f6sischen bescheinigt. DELF-Pr\u00fcfungen gibt es auf unterschiedlichen Niveaus (mit steigendem Schwierigkeitsgrad: A1, A2, B1, B2). Mit den Abschl\u00fcssen B1 und B2 kann man sich dann z.B. ohne Sprachtest an einer franz\u00f6sischsprachigen Universit\u00e4t einschreiben.<\/p>\n<\/div>\n<div>\n<p>Unsere Schule bietet im Rahmen des Ganztags-Angebotes Vorbereitungskurse auf die DELF-Pr\u00fcfungen A1, A2 und B1 (in Ausnahmef\u00e4llen auch B2) an, diese Kurse werden durch den Franz\u00f6sischlehrer Severin Tillmann organisiert und durchgef\u00fchrt.<\/p>\n<\/div>\n<div>\n<p>Trainiert werden das H\u00f6r- und Leseverstehen sowie m\u00fcndlicher und schriftlicher Ausdruck.<\/p>\n<\/div>\n<div>\n<p>Wer?<\/p>\n<\/div>\n<div>\n<p>Franz\u00f6sisch-Lernerinnen und -lerner ab Klasse 7.<\/p>\n<\/div>\n<div>\n<p>Wo?<\/p>\n<\/div>\n<div>\n<p>Individuelle online-Pr\u00fcfungsvorbereitung \u00fcber das ISERV-Aufgabenmodul und ISERV-Videokonferenzen.<\/p>\n<\/div>\n<div>\n<p>Wann?<\/p>\n<\/div>\n<div>\n<p>Jeder Teilnehmer\/jede Teilnehmerin arbeitet selbstst\u00e4ndig an den \u00dcbungsaufgaben und verabredet individuelle Termine f\u00fcr Videokonferenzen. Die n\u00e4chste DELF-Pr\u00fcfung findet voraussichtlich \u201aEnde Januar 2022 statt, die online-Vorbereitung startet nach den Herbstferien.<\/p>\n<\/div>\n<div>\n<p>Kosten?<\/p>\n<\/div>\n<div>\n<p>Pr\u00fcfungsgeb\u00fchr abh\u00e4ngig vom Schwierigkeitsgrad: A1 45,- \u20ac; A2 65,- \u20ac; B1 75,- \u20ac<\/p>\n<\/div>\n<div>\n<p>\u00dcbungsheft von Klett 12,80 \u20ac (pro Niveaustufe)<\/p>\n<\/div>\n<div>\n<p>Interessiert?<\/p>\n<\/div>\n<div>\n<p>Mail schreiben an<\/p>\n<\/div>\n<div>\n<p>severin.tillmann(at)max-emden.net<\/p>\n<\/div>\n","protected":false},"excerpt":{"rendered":"<p>Informationen zur DELF-AG am Max Was? Das DELF (= Dipl\u00f4me d&#8217;Etudes en Langue Fran\u00e7aise) ist ein international anerkanntes, vom franz\u00f6sischen Staat ausgestelltes Diplom, das demjenigen,<a class=\"moretag\" href=\"https:\/\/max-emden.de\/wordpress\/delf-ag-ab-jahrgang-7\/\"> [&#8230;]<\/a><\/p>\n","protected":false},"author":1,"featured_media":0,"comment_status":"closed","ping_status":"closed","sticky":false,"template":"","format":"standard","meta":{"footnotes":""},"categories":[2],"tags":[],"class_list":["post-12764","post","type-post","status-publish","format-standard","hentry","category-allgemein"],"_links":{"self":[{"href":"https:\/\/max-emden.de\/wordpress\/wp-json\/wp\/v2\/posts\/12764","targetHints":{"allow":["GET"]}}],"collection":[{"href":"https:\/\/max-emden.de\/wordpress\/wp-json\/wp\/v2\/posts"}],"about":[{"href":"https:\/\/max-emden.de\/wordpress\/wp-json\/wp\/v2\/types\/post"}],"author":[{"embeddable":true,"href":"https:\/\/max-emden.de\/wordpress\/wp-json\/wp\/v2\/users\/1"}],"replies":[{"embeddable":true,"href":"https:\/\/max-emden.de\/wordpress\/wp-json\/wp\/v2\/comments?post=12764"}],"version-history":[{"count":1,"href":"https:\/\/max-emden.de\/wordpress\/wp-json\/wp\/v2\/posts\/12764\/revisions"}],"predecessor-version":[{"id":12765,"href":"https:\/\/max-emden.de\/wordpress\/wp-json\/wp\/v2\/posts\/12764\/revisions\/12765"}],"wp:attachment":[{"href":"https:\/\/max-emden.de\/wordpress\/wp-json\/wp\/v2\/media?parent=12764"}],"wp:term":[{"taxonomy":"category","embeddable":true,"href":"https:\/\/max-emden.de\/wordpress\/wp-json\/wp\/v2\/categories?post=12764"},{"taxonomy":"post_tag","embeddable":true,"href":"https:\/\/max-emden.de\/wordpress\/wp-json\/wp\/v2\/tags?post=12764"}],"curies":[{"name":"wp","href":"https:\/\/api.w.org\/{rel}","templated":true}]}}