{"id":12767,"date":"2021-09-02T14:54:54","date_gmt":"2021-09-02T12:54:54","guid":{"rendered":"https:\/\/max-emden.de\/wordpress\/?p=12767"},"modified":"2021-09-02T14:54:54","modified_gmt":"2021-09-02T12:54:54","slug":"fussball-ag-jahrgaenge-5-6-7-8-und-9-10","status":"publish","type":"post","link":"https:\/\/max-emden.de\/wordpress\/fussball-ag-jahrgaenge-5-6-7-8-und-9-10\/","title":{"rendered":"Fu\u00dfball-AG (Jahrg\u00e4nge 5\/6, 7\/8 und 9\/10)"},"content":{"rendered":"<p>Es gibt am Max zahlreiche Fu\u00dfballmannschaften f\u00fcr Jungen und M\u00e4dchen.<\/p>\n<p>&nbsp;<\/p>\n<ul>\n<li>F\u00fcr das gro\u00dfe Schulturnier \u201eJugend trainiert f\u00fcr Olympia\u201c und andere Schulturniere trainieren ca. 1-2x\/Monat die verschiedenen Jahrgangsmannschaften.<\/li>\n<li>Die Trainingstermine liegen immer freitags 13:15-14:45 Uhr (Max\/JAG-Sportplatz bzw. Max-Halle, je nach Witterung)<\/li>\n<li>Die genauen Trainingstermine f\u00fcr jeden Jahrgang findet Ihr (sobald die AG startet) im Internet unter <a href=\"http:\/\/www.max-emden.de\/\">www.max-emden.de<\/a> \u2013 Sch\u00fcler \u2013 AG-Angebot \u2013 Fu\u00dfball AG \u2013 Trainingsplan<\/li>\n<\/ul>\n<p>ACHTUNG: Termine werden laufend aktualisiert!<\/p>\n<p>&nbsp;<\/p>\n<p>Ich freue mich darauf, die SpielerInnen aus den letzten Jahren wiederzusehen und hoffe, auch m\u00f6glichst viele neue fu\u00dfballbegeisterte Fu\u00dfballerInnen des Max kennenzulernen!<\/p>\n<p>Fragen zur Fu\u00dfball-AG jederzeit gerne an \u2026<\/p>\n<p>&nbsp;<\/p>\n<p>severin.tillmann@max-emden.net<\/p>\n<p>&nbsp;<\/p>\n<p>Wer mir an diese Adresse eine mail schickt, den nehme ich auch in meinen \u201eMail-Verteiler\u201c auf, sodass ich euch dann immer kurz vor dem n\u00e4chsten Trainingstermin noch mal per mail \u00fcber ISERV daran erinnern kann.<\/p>\n<p>&nbsp;<\/p>\n<p>Severin Tillmann<\/p>\n","protected":false},"excerpt":{"rendered":"<p>Es gibt am Max zahlreiche Fu\u00dfballmannschaften f\u00fcr Jungen und M\u00e4dchen. &nbsp; F\u00fcr das gro\u00dfe Schulturnier \u201eJugend trainiert f\u00fcr Olympia\u201c und andere Schulturniere trainieren ca. 1-2x\/Monat<a class=\"moretag\" href=\"https:\/\/max-emden.de\/wordpress\/fussball-ag-jahrgaenge-5-6-7-8-und-9-10\/\"> [&#8230;]<\/a><\/p>\n","protected":false},"author":1,"featured_media":0,"comment_status":"closed","ping_status":"closed","sticky":false,"template":"","format":"standard","meta":{"footnotes":""},"categories":[2],"tags":[],"class_list":["post-12767","post","type-post","status-publish","format-standard","hentry","category-allgemein"],"_links":{"self":[{"href":"https:\/\/max-emden.de\/wordpress\/wp-json\/wp\/v2\/posts\/12767","targetHints":{"allow":["GET"]}}],"collection":[{"href":"https:\/\/max-emden.de\/wordpress\/wp-json\/wp\/v2\/posts"}],"about":[{"href":"https:\/\/max-emden.de\/wordpress\/wp-json\/wp\/v2\/types\/post"}],"author":[{"embeddable":true,"href":"https:\/\/max-emden.de\/wordpress\/wp-json\/wp\/v2\/users\/1"}],"replies":[{"embeddable":true,"href":"https:\/\/max-emden.de\/wordpress\/wp-json\/wp\/v2\/comments?post=12767"}],"version-history":[{"count":1,"href":"https:\/\/max-emden.de\/wordpress\/wp-json\/wp\/v2\/posts\/12767\/revisions"}],"predecessor-version":[{"id":12768,"href":"https:\/\/max-emden.de\/wordpress\/wp-json\/wp\/v2\/posts\/12767\/revisions\/12768"}],"wp:attachment":[{"href":"https:\/\/max-emden.de\/wordpress\/wp-json\/wp\/v2\/media?parent=12767"}],"wp:term":[{"taxonomy":"category","embeddable":true,"href":"https:\/\/max-emden.de\/wordpress\/wp-json\/wp\/v2\/categories?post=12767"},{"taxonomy":"post_tag","embeddable":true,"href":"https:\/\/max-emden.de\/wordpress\/wp-json\/wp\/v2\/tags?post=12767"}],"curies":[{"name":"wp","href":"https:\/\/api.w.org\/{rel}","templated":true}]}}