{"id":12871,"date":"2021-09-17T14:29:36","date_gmt":"2021-09-17T12:29:36","guid":{"rendered":"https:\/\/max-emden.de\/wordpress\/?p=12871"},"modified":"2021-09-25T10:13:43","modified_gmt":"2021-09-25T08:13:43","slug":"12871-2","status":"publish","type":"post","link":"https:\/\/max-emden.de\/wordpress\/12871-2\/","title":{"rendered":"Future-Peers erhielten Zertifikate"},"content":{"rendered":"<p><a href=\"https:\/\/max-emden.de\/wordpress\/wp-content\/uploads\/2021\/09\/K800_20210910_093529cut.jpg\"><img fetchpriority=\"high\" decoding=\"async\" class=\"alignnone size-full wp-image-12872\" src=\"https:\/\/max-emden.de\/wordpress\/wp-content\/uploads\/2021\/09\/K800_20210910_093529cut.jpg\" alt=\"\" width=\"1067\" height=\"600\" srcset=\"https:\/\/max-emden.de\/wordpress\/wp-content\/uploads\/2021\/09\/K800_20210910_093529cut.jpg 1067w, https:\/\/max-emden.de\/wordpress\/wp-content\/uploads\/2021\/09\/K800_20210910_093529cut-300x169.jpg 300w, https:\/\/max-emden.de\/wordpress\/wp-content\/uploads\/2021\/09\/K800_20210910_093529cut-1024x576.jpg 1024w, https:\/\/max-emden.de\/wordpress\/wp-content\/uploads\/2021\/09\/K800_20210910_093529cut-768x432.jpg 768w\" sizes=\"(max-width: 1067px) 100vw, 1067px\" \/><\/a>Trotz Corona sind Anna-Lena Klein und Wencke J\u00fcrrens (beide Jg.11) in den vergangenen Monaten aktiv geblieben: Beide haben an einem Bildungsprojekt des Vereins @peerleader teilgenommen, das in Kooperation mit dem Nieders\u00e4chsischen Kultusministerium durgef\u00fchrt wurde. Als Future-Peers haben sie eine Menge gelernt, um Mitsch\u00fcler*innen bei eigenen Projekten zu helfen &#8211; eine tolle Initiative, f\u00fcr die es jetzt die Teilnahmezertifikate gab.<\/p>\n<p>Herzlichen Gl\u00fcckwunsch!<\/p>\n","protected":false},"excerpt":{"rendered":"<p>Trotz Corona sind Anna-Lena Klein und Wencke J\u00fcrrens (beide Jg.11) in den vergangenen Monaten aktiv geblieben: Beide haben an einem Bildungsprojekt des Vereins @peerleader teilgenommen,<a class=\"moretag\" href=\"https:\/\/max-emden.de\/wordpress\/12871-2\/\"> [&#8230;]<\/a><\/p>\n","protected":false},"author":3,"featured_media":12872,"comment_status":"closed","ping_status":"closed","sticky":false,"template":"","format":"standard","meta":{"footnotes":""},"categories":[11],"tags":[96],"class_list":["post-12871","post","type-post","status-publish","format-standard","has-post-thumbnail","hentry","category-nachhaltigkeit","tag-aktuell"],"_links":{"self":[{"href":"https:\/\/max-emden.de\/wordpress\/wp-json\/wp\/v2\/posts\/12871","targetHints":{"allow":["GET"]}}],"collection":[{"href":"https:\/\/max-emden.de\/wordpress\/wp-json\/wp\/v2\/posts"}],"about":[{"href":"https:\/\/max-emden.de\/wordpress\/wp-json\/wp\/v2\/types\/post"}],"author":[{"embeddable":true,"href":"https:\/\/max-emden.de\/wordpress\/wp-json\/wp\/v2\/users\/3"}],"replies":[{"embeddable":true,"href":"https:\/\/max-emden.de\/wordpress\/wp-json\/wp\/v2\/comments?post=12871"}],"version-history":[{"count":2,"href":"https:\/\/max-emden.de\/wordpress\/wp-json\/wp\/v2\/posts\/12871\/revisions"}],"predecessor-version":[{"id":12874,"href":"https:\/\/max-emden.de\/wordpress\/wp-json\/wp\/v2\/posts\/12871\/revisions\/12874"}],"wp:featuredmedia":[{"embeddable":true,"href":"https:\/\/max-emden.de\/wordpress\/wp-json\/wp\/v2\/media\/12872"}],"wp:attachment":[{"href":"https:\/\/max-emden.de\/wordpress\/wp-json\/wp\/v2\/media?parent=12871"}],"wp:term":[{"taxonomy":"category","embeddable":true,"href":"https:\/\/max-emden.de\/wordpress\/wp-json\/wp\/v2\/categories?post=12871"},{"taxonomy":"post_tag","embeddable":true,"href":"https:\/\/max-emden.de\/wordpress\/wp-json\/wp\/v2\/tags?post=12871"}],"curies":[{"name":"wp","href":"https:\/\/api.w.org\/{rel}","templated":true}]}}