{"id":12979,"date":"2021-10-04T20:01:04","date_gmt":"2021-10-04T18:01:04","guid":{"rendered":"https:\/\/max-emden.de\/wordpress\/?p=12979"},"modified":"2021-11-01T22:04:08","modified_gmt":"2021-11-01T21:04:08","slug":"tswi-herschel-zu-gast-mit-seiner-tochter-natali","status":"publish","type":"post","link":"https:\/\/max-emden.de\/wordpress\/tswi-herschel-zu-gast-mit-seiner-tochter-natali\/","title":{"rendered":"Tswi Herschel zu Gast mit seiner Tochter Natali"},"content":{"rendered":"<p>Als Kind einer j\u00fcdischen Familie wurde Tswi Herschel am 29.12.1942 in Zwolle\/NL geboren. Doch konnte er dort nicht aufwachsen: Als ihre Deportation durch die Nazis drohte, wurde Tswi von seinen Eltern bei einer nicht-j\u00fcdischen Familie versteckt. So \u00fcberlebte den Holocaust, w\u00e4hrend sein Vater und seine Mutter in Sobibor ebenso wie viele weitere Angeh\u00f6rige umgebracht wurden.\u00a0 Erst nach und nach erfuhr Tswi, was mit seinen leiblichen Eltern geschehen war: Erst mit 21 Jahren erhielt er alle verbliebenen Dokumente , darunter auch einen einzigartiger Lebenskalender, den sein Vater ihm gezeichnet hatte.<\/p>\n<p>Bereits zum dritten Mal ist Tswi, dessen Gro\u00dfmutter aus Emden stammte, zu Gast am Max. Doch dieses Mal gibt es eine Premiere, denn erstmals begleitet ihn seine Tochter Natali. Als Tochter eines \u00dcberlebenden geh\u00f6rt sie zur Zweiten Generation, die in besonderer Weise von den Folgen des Holocaust betroffen ist: &#8222;Wo ist meine Familie?&#8220; &#8211; so der Titel ihres Vortrages, der erahnen l\u00e4sst, dass die Auswirkungen der Vergangenheit weit in die Gegenwart reichen.<\/p>\n<p>Tswi und Natali Herschel werden am Donnerstag, den 14.10.2021 die 10. Klassen des Max-Windm\u00fcller-Gymnasiums besuchen. Bereits am Vortag gibt es eine weitere Gelegenheit, die beiden zu erleben: Am Mittwoch, den 13.10.2021 findet im Rummel des Emder Rathauses ein Abend mit Tswi und Natali Herschel statt. Die Veranstaltung ist \u00f6ffentlich und beginnt um 19:00 Uhr (Einlass ab 18:30 Uhr).<\/p>\n<p><a href=\"https:\/\/max-emden.de\/wordpress\/wp-content\/uploads\/2021\/10\/Tswi-und-Natali-Herschel-2021.png\"><img fetchpriority=\"high\" decoding=\"async\" class=\"alignnone size-full wp-image-12987\" src=\"https:\/\/max-emden.de\/wordpress\/wp-content\/uploads\/2021\/10\/Tswi-und-Natali-Herschel-2021.png\" alt=\"\" width=\"555\" height=\"785\" srcset=\"https:\/\/max-emden.de\/wordpress\/wp-content\/uploads\/2021\/10\/Tswi-und-Natali-Herschel-2021.png 555w, https:\/\/max-emden.de\/wordpress\/wp-content\/uploads\/2021\/10\/Tswi-und-Natali-Herschel-2021-212x300.png 212w\" sizes=\"(max-width: 555px) 100vw, 555px\" \/><\/a><\/p>\n<p>Bitte beachten: F\u00fcr den Besuch gilt die 2G-Regel.<\/p>\n<p style=\"text-align: right;\"><em><b>\u201eDie Veranstaltung wird unterst\u00fctzt von der Stadt Emden und dem F\u00f6rderverein des Max-Windm\u00fcller-Gymnasiums und gef\u00f6rdert vom Bundesministerium f\u00fcr Familie, Senioren, Frauen und Jugend im Rahmen des Bundesprogramms Demokratie Leben!\u201c<\/b> &#8211;<strong> vielen Dank!<\/strong><\/em><\/p>\n","protected":false},"excerpt":{"rendered":"<p>Als Kind einer j\u00fcdischen Familie wurde Tswi Herschel am 29.12.1942 in Zwolle\/NL geboren. Doch konnte er dort nicht aufwachsen: Als ihre Deportation durch die Nazis<a class=\"moretag\" href=\"https:\/\/max-emden.de\/wordpress\/tswi-herschel-zu-gast-mit-seiner-tochter-natali\/\"> [&#8230;]<\/a><\/p>\n","protected":false},"author":3,"featured_media":12981,"comment_status":"closed","ping_status":"closed","sticky":false,"template":"","format":"standard","meta":{"footnotes":""},"categories":[9],"tags":[96],"class_list":["post-12979","post","type-post","status-publish","format-standard","has-post-thumbnail","hentry","category-max-windmueller","tag-aktuell"],"_links":{"self":[{"href":"https:\/\/max-emden.de\/wordpress\/wp-json\/wp\/v2\/posts\/12979","targetHints":{"allow":["GET"]}}],"collection":[{"href":"https:\/\/max-emden.de\/wordpress\/wp-json\/wp\/v2\/posts"}],"about":[{"href":"https:\/\/max-emden.de\/wordpress\/wp-json\/wp\/v2\/types\/post"}],"author":[{"embeddable":true,"href":"https:\/\/max-emden.de\/wordpress\/wp-json\/wp\/v2\/users\/3"}],"replies":[{"embeddable":true,"href":"https:\/\/max-emden.de\/wordpress\/wp-json\/wp\/v2\/comments?post=12979"}],"version-history":[{"count":5,"href":"https:\/\/max-emden.de\/wordpress\/wp-json\/wp\/v2\/posts\/12979\/revisions"}],"predecessor-version":[{"id":12989,"href":"https:\/\/max-emden.de\/wordpress\/wp-json\/wp\/v2\/posts\/12979\/revisions\/12989"}],"wp:featuredmedia":[{"embeddable":true,"href":"https:\/\/max-emden.de\/wordpress\/wp-json\/wp\/v2\/media\/12981"}],"wp:attachment":[{"href":"https:\/\/max-emden.de\/wordpress\/wp-json\/wp\/v2\/media?parent=12979"}],"wp:term":[{"taxonomy":"category","embeddable":true,"href":"https:\/\/max-emden.de\/wordpress\/wp-json\/wp\/v2\/categories?post=12979"},{"taxonomy":"post_tag","embeddable":true,"href":"https:\/\/max-emden.de\/wordpress\/wp-json\/wp\/v2\/tags?post=12979"}],"curies":[{"name":"wp","href":"https:\/\/api.w.org\/{rel}","templated":true}]}}