{"id":13025,"date":"2021-10-20T10:22:41","date_gmt":"2021-10-20T08:22:41","guid":{"rendered":"https:\/\/max-emden.de\/wordpress\/?p=13025"},"modified":"2025-02-25T18:22:39","modified_gmt":"2025-02-25T17:22:39","slug":"albrecht-weinberg-zu-gast-im-geschichts-leistungskurs","status":"publish","type":"post","link":"https:\/\/max-emden.de\/wordpress\/albrecht-weinberg-zu-gast-im-geschichts-leistungskurs\/","title":{"rendered":"Albrecht Weinberg zu Gast im Geschichts-Leistungskurs"},"content":{"rendered":"<div dir=\"ltr\">\n<figure id=\"attachment_13030\" aria-describedby=\"caption-attachment-13030\" style=\"width: 900px\" class=\"wp-caption alignnone\"><a href=\"https:\/\/max-emden.de\/wordpress\/wp-content\/uploads\/2021\/10\/Albrecht-Weinberg-2021-LR-4.jpg\"><img fetchpriority=\"high\" decoding=\"async\" class=\"wp-image-13030 size-full\" src=\"https:\/\/max-emden.de\/wordpress\/wp-content\/uploads\/2021\/10\/Albrecht-Weinberg-2021-LR-4.jpg\" alt=\"\" width=\"900\" height=\"600\" srcset=\"https:\/\/max-emden.de\/wordpress\/wp-content\/uploads\/2021\/10\/Albrecht-Weinberg-2021-LR-4.jpg 900w, https:\/\/max-emden.de\/wordpress\/wp-content\/uploads\/2021\/10\/Albrecht-Weinberg-2021-LR-4-300x200.jpg 300w, https:\/\/max-emden.de\/wordpress\/wp-content\/uploads\/2021\/10\/Albrecht-Weinberg-2021-LR-4-768x512.jpg 768w\" sizes=\"(max-width: 900px) 100vw, 900px\" \/><\/a><figcaption id=\"caption-attachment-13030\" class=\"wp-caption-text\"><em>Legte sich einen &#8222;Judenstern&#8220; auf die Brust &#8211; Albrecht Weinberg im Gespr\u00e4ch mit den Lk-Sch\u00fcler:innen<\/em><\/figcaption><\/figure>\n<p>Nach pandemiebedingter Pause konnte das Max kurz vor den Ferien gleich zwei \u00dcberlebende des Holocaust begr\u00fc\u00dfen: Neben Tswi Herschel, der zu Gast im 10. Jahrgang war, besuchte auch Albrecht Weinberg das Max. Im Geschichts-LK des Jahrganges 12 erz\u00e4hlte Weinberg aus seinem Leben. Kursteilnehmer Reiko Miege berichtet von dieser Geschichtsstunde:<\/p>\n<\/div>\n<div dir=\"ltr\"><\/div>\n<div dir=\"ltr\"><em>\u201eIch bekenne, ich brauche Geschichten, um die Welt zu verstehen\u201c, hei\u00dft ein ber\u00fchmter Spruch von Siegfried Lenz. Und wie k\u00f6nnte man wahrer Geschichte n\u00e4her kommen, als durch einen Zeitzeugen, der die Zeit des Nationalsozialismuses als Jugendlicher miterleben musste. Diese gro\u00dfe Ehre und das riesige Privileg hatte der Geschichtsleistungskurs von Herrn Richter im Jahrgang 12 am vergangenen Donnerstag, den 14. Oktober.<\/em><\/div>\n<div dir=\"ltr\"><em>Denn Albrecht Weinberg, ein \u00dcberlebender der Shoah und Opfer der nationalsozialistischen Judenverfolgung zu Zeiten des Zweiten Weltkrieges, erz\u00e4hlte mit seiner Lebensgef\u00e4hrtin Gerda von seiner unglaublichen und harten Lebensgeschichte.<\/em><\/div>\n<div dir=\"ltr\"><em>Der 96j\u00e4hrige entstammt einer j\u00fcdischen Familie und erz\u00e4hlte den Sch\u00fclerinnen und Sch\u00fclern des Geschichtsleistungskurs vom schnellen Wandel von Akzeptanz zu Dem\u00fctigung und Diskriminierung innerhalb der Gesellschaft, bis hin zu ausgepr\u00e4gter antisemitischer Judenverfolgung und den Folgen davon. Alle Sch\u00fclerinnen und Sch\u00fcler h\u00f6rten gebannt zu und waren sichtlich schockiert von diesen Umst\u00e4nden und Lebensbedingungen, die Albrecht durchmachen musste. Er erz\u00e4hlte vor allem von seiner schweren und unmenschlichen Zwangsarbeit und den Lebensverh\u00e4ltnissen in den Konzentrationslagern Auschwitz, Mittelbau-Dora und Bergen-Belsen. Zu diesen unmenschlichen T\u00e4tigkeiten geh\u00f6rten k\u00f6rperlich stark anstrengende Lastarbeiten, aber auch der Bau von Waffen oder die Arbeit mit gef\u00e4hrlichen Chemikalien in riesigen Fabriken &#8211; alles gesteuert und inszeniert durch das NS-Regime.<\/em><\/div>\n<div dir=\"ltr\"><\/div>\n<div dir=\"ltr\"><\/div>\n<div dir=\"ltr\">\n<figure id=\"attachment_13028\" aria-describedby=\"caption-attachment-13028\" style=\"width: 900px\" class=\"wp-caption alignnone\"><a href=\"https:\/\/max-emden.de\/wordpress\/wp-content\/uploads\/2021\/10\/Albrecht-Weinberg-2021-LR-2.jpg\"><img decoding=\"async\" class=\"wp-image-13028 size-full\" src=\"https:\/\/max-emden.de\/wordpress\/wp-content\/uploads\/2021\/10\/Albrecht-Weinberg-2021-LR-2.jpg\" alt=\"\" width=\"900\" height=\"600\" srcset=\"https:\/\/max-emden.de\/wordpress\/wp-content\/uploads\/2021\/10\/Albrecht-Weinberg-2021-LR-2.jpg 900w, https:\/\/max-emden.de\/wordpress\/wp-content\/uploads\/2021\/10\/Albrecht-Weinberg-2021-LR-2-300x200.jpg 300w, https:\/\/max-emden.de\/wordpress\/wp-content\/uploads\/2021\/10\/Albrecht-Weinberg-2021-LR-2-768x512.jpg 768w\" sizes=\"(max-width: 900px) 100vw, 900px\" \/><\/a><figcaption id=\"caption-attachment-13028\" class=\"wp-caption-text\"><em>Bilder aus Albrecht Weinbergs Kindheit und Jugend<\/em><\/figcaption><\/figure>\n<p><em>Doch am meisten beeindruckt hat den Kurs sichtlich der Lebenswille und die Einstellung Weinbergs, niemals aufzugeben. Fr\u00fch schon fielen ihm viele seiner Kindheitsfreunde in den R\u00fccken, er musste \u00f6ffentlich den gelben \u201eJudenstern\u201c tragen, wurde \u00f6ffentlich gedem\u00fctigt und hatte nur aufgrund seiner Religion, oder nach Ansicht der Nationalsozialisten \u201eRasse\u201c, schier unendlich viele Nachteile und ein schweres Leben. Viele R\u00fcckschl\u00e4ge hatte er einstecken m\u00fcssen, besonders als alle seine Angeh\u00f6rigen inklusive ihm deportiert und viele davon in Massen direkt im Vernichtungslager Auschwitz ermordet wurden. Dort war er eine lange Zeit, alleine mit seinem Bruder, bei jeder Jahreszeit, \u00fcber Monate hinweg bei unertr\u00e4glichen Temperaturen, mit Unwissenheit \u00fcber den Zustand seiner Angeh\u00f6rigen und mit permanentem Hunger. Gequ\u00e4lt von morgens bis abends, kahl rasiert und mit entzogener Menschenw\u00fcrde, nur mit einer Nummer am Arm t\u00e4towiert, die ihn jeden Morgen beim Waschen seines Gesicht an diese Schreckenszeit erinnert.<\/em><\/p>\n<\/div>\n<div dir=\"ltr\"><\/div>\n<div dir=\"ltr\">\n<figure id=\"attachment_13029\" aria-describedby=\"caption-attachment-13029\" style=\"width: 600px\" class=\"wp-caption alignnone\"><a href=\"https:\/\/max-emden.de\/wordpress\/wp-content\/uploads\/2021\/10\/Albrecht-Weinberg-2021-LR-3.jpg\"><img decoding=\"async\" class=\"wp-image-13029 size-full\" src=\"https:\/\/max-emden.de\/wordpress\/wp-content\/uploads\/2021\/10\/Albrecht-Weinberg-2021-LR-3.jpg\" alt=\"\" width=\"600\" height=\"900\" srcset=\"https:\/\/max-emden.de\/wordpress\/wp-content\/uploads\/2021\/10\/Albrecht-Weinberg-2021-LR-3.jpg 600w, https:\/\/max-emden.de\/wordpress\/wp-content\/uploads\/2021\/10\/Albrecht-Weinberg-2021-LR-3-200x300.jpg 200w\" sizes=\"(max-width: 600px) 100vw, 600px\" \/><\/a><figcaption id=\"caption-attachment-13029\" class=\"wp-caption-text\"><em>Weinbergs Fotos sorgten f\u00fcr viel Nachdenklichkeit<\/em><\/figcaption><\/figure>\n<p><em>Darauf folgten mehrere Todesm\u00e4rsche, bei denen die Inhaftierten der Konzentrationslager von SS-Offizieren und Aufsehern im tiefsten Winter ohne dicke Kleidung und ohne Pausen mehrere Kilometer gehetzt wurden und zu gro\u00dfen Teilen wortw\u00f6rtlich tot umgefallen sind. Der 96j\u00e4hrige hat von mehreren Anekdoten berichtet, die bedr\u00fcckend zeigen wie sehr das Leben damals einer H\u00f6lle glich.<\/em><\/p>\n<\/div>\n<div dir=\"ltr\"><em>Anschlie\u00dfend stellten die Sch\u00fclerinnen und Sch\u00fcler noch einige Fragen &#8211; neben weiteren Details der damaligen Lebensverh\u00e4ltnisse fragten die Sch\u00fclerinnen und Sch\u00fcler nach privaten Dingen, wie zum Beispiel der Motivation und dem \u201eAntrieb\u201c Albrechts: Warum kommt er mit 96 Jahren an Schulen und berichtet vielen Sch\u00fclerinnen und Sch\u00fclern von dieser ihn auch nachhaltig sehr pr\u00e4genden und nahe gehenden Zeit? Seine Antwort war, dass Geschichte niemals vergessen werden d\u00fcrfe und und wir aus dieser lernen sollten, damit so eine grausame Zeit nie wieder erlebt werden muss.<\/em><\/div>\n<div dir=\"ltr\"><\/div>\n<div dir=\"ltr\">\n<figure id=\"attachment_13027\" aria-describedby=\"caption-attachment-13027\" style=\"width: 900px\" class=\"wp-caption alignnone\"><a href=\"https:\/\/max-emden.de\/wordpress\/wp-content\/uploads\/2021\/10\/Albrecht-Weinberg-2021-LR-1.jpg\"><img loading=\"lazy\" decoding=\"async\" class=\"wp-image-13027 size-full\" src=\"https:\/\/max-emden.de\/wordpress\/wp-content\/uploads\/2021\/10\/Albrecht-Weinberg-2021-LR-1.jpg\" alt=\"\" width=\"900\" height=\"600\" srcset=\"https:\/\/max-emden.de\/wordpress\/wp-content\/uploads\/2021\/10\/Albrecht-Weinberg-2021-LR-1.jpg 900w, https:\/\/max-emden.de\/wordpress\/wp-content\/uploads\/2021\/10\/Albrecht-Weinberg-2021-LR-1-300x200.jpg 300w, https:\/\/max-emden.de\/wordpress\/wp-content\/uploads\/2021\/10\/Albrecht-Weinberg-2021-LR-1-768x512.jpg 768w\" sizes=\"(max-width: 900px) 100vw, 900px\" \/><\/a><figcaption id=\"caption-attachment-13027\" class=\"wp-caption-text\"><em>Albrecht Weinberg mit Gerda D\u00e4nekas, die ihn unerm\u00fcdlich begleitet und unterst\u00fctzt<\/em><\/figcaption><\/figure>\n<p><em>Und nicht nur Albrecht ging es nah: Immer wieder betonten die Sch\u00fclerinnen und Sch\u00fcler den Respekt vor Albrechts \u00dcberlebenswillen und ihre Dankbarkeit gegen\u00fcber Albrecht und Gerda f\u00fcr den Besuch am Max-Windm\u00fcller Gymnasium. Eine gro\u00dfe Ehre f\u00fcr uns und mit Sicherheit eine Stunde, die alle Sch\u00fclerinnen und Sch\u00fcler vor dem auch heute stark pr\u00e4senten Antisemitismus warnen und motivieren wird, diese Geschichte weiterzuerz\u00e4hlen. Nur durch Erinnerungsarbeit k\u00f6nnen wir eine menschliche und soziale Zukunft formen und bilden!&#8220;<\/em><\/p>\n<\/div>\n","protected":false},"excerpt":{"rendered":"<p>Nach pandemiebedingter Pause konnte das Max kurz vor den Ferien gleich zwei \u00dcberlebende des Holocaust begr\u00fc\u00dfen: Neben Tswi Herschel, der zu Gast im 10. Jahrgang<a class=\"moretag\" href=\"https:\/\/max-emden.de\/wordpress\/albrecht-weinberg-zu-gast-im-geschichts-leistungskurs\/\"> [&#8230;]<\/a><\/p>\n","protected":false},"author":3,"featured_media":13030,"comment_status":"closed","ping_status":"closed","sticky":false,"template":"","format":"standard","meta":{"footnotes":""},"categories":[9],"tags":[96],"class_list":["post-13025","post","type-post","status-publish","format-standard","has-post-thumbnail","hentry","category-max-windmueller","tag-aktuell"],"_links":{"self":[{"href":"https:\/\/max-emden.de\/wordpress\/wp-json\/wp\/v2\/posts\/13025","targetHints":{"allow":["GET"]}}],"collection":[{"href":"https:\/\/max-emden.de\/wordpress\/wp-json\/wp\/v2\/posts"}],"about":[{"href":"https:\/\/max-emden.de\/wordpress\/wp-json\/wp\/v2\/types\/post"}],"author":[{"embeddable":true,"href":"https:\/\/max-emden.de\/wordpress\/wp-json\/wp\/v2\/users\/3"}],"replies":[{"embeddable":true,"href":"https:\/\/max-emden.de\/wordpress\/wp-json\/wp\/v2\/comments?post=13025"}],"version-history":[{"count":5,"href":"https:\/\/max-emden.de\/wordpress\/wp-json\/wp\/v2\/posts\/13025\/revisions"}],"predecessor-version":[{"id":13204,"href":"https:\/\/max-emden.de\/wordpress\/wp-json\/wp\/v2\/posts\/13025\/revisions\/13204"}],"wp:featuredmedia":[{"embeddable":true,"href":"https:\/\/max-emden.de\/wordpress\/wp-json\/wp\/v2\/media\/13030"}],"wp:attachment":[{"href":"https:\/\/max-emden.de\/wordpress\/wp-json\/wp\/v2\/media?parent=13025"}],"wp:term":[{"taxonomy":"category","embeddable":true,"href":"https:\/\/max-emden.de\/wordpress\/wp-json\/wp\/v2\/categories?post=13025"},{"taxonomy":"post_tag","embeddable":true,"href":"https:\/\/max-emden.de\/wordpress\/wp-json\/wp\/v2\/tags?post=13025"}],"curies":[{"name":"wp","href":"https:\/\/api.w.org\/{rel}","templated":true}]}}