{"id":13199,"date":"2021-11-07T20:27:19","date_gmt":"2021-11-07T19:27:19","guid":{"rendered":"https:\/\/max-emden.de\/wordpress\/?p=13199"},"modified":"2021-11-20T19:37:15","modified_gmt":"2021-11-20T18:37:15","slug":"die-segel-ag-beschenkt-mit-einer-goldenen-generation","status":"publish","type":"post","link":"https:\/\/max-emden.de\/wordpress\/die-segel-ag-beschenkt-mit-einer-goldenen-generation\/","title":{"rendered":"Die Segel-AG beschenkt mit einer goldenen Generation"},"content":{"rendered":"<p>5 Wochen waren nur ein kurzer Zeitraum f\u00fcr dieses Jahr um die neuen Sch\u00fclerinnen und Sch\u00fcler an das Segeln auf dem Uphuser Meer heranzuf\u00fchren. Zumal keine \u00e4lteren Segler aufgrund der Coranaverordnungen die Arbeit des Segel-AG-Leiters Herrn Hillers unterst\u00fctzen konnte.\u00a0Dank des neuen Super-Buftis Paul und der guten materiellen Unterst\u00fctzung durch WSU und WVE war jeder der 5 Termine ein Highlight.<\/p>\n<p>Begonnen hat es mit dem Aufbau der Boote mit vielen neuen Vokabeln wie Schot, Baumniederholer, Pinnenausleger und anderem.\u00a0Die andere H\u00e4lfte machte Wassergew\u00f6hnung mit Paddel und Steuer\u00fcbungen in 3er Bootsbesatzungen. Paul hat sich da super schnell eigearbeitet.\u00a0Am Ende wurde es dann rasant! Jeder musste das Boot steuern, w\u00e4hrend es vom Motorboot gezogen wurde, dabei sollte jeder Steuermann einen Platzwechsel machen, und die Pinne hinterm R\u00fccken tauschen. Steuerfehler wurden hier schon aufgrund der h\u00f6heren Geschwindigkeit bestraft, konnten aber durch das Motorboot jederzeit kontrolliert werden.<\/p>\n<p>Die Bootsgew\u00f6hnung mit Paul ging auch in der 2. Einheit weiter, Herr Hillers begab sich dabei mit der H\u00e4lfte der Truppe an den Segelsimulator. Jetzt musste die Steuer\u00fcbung zur Wende mit der Pinne hinterm R\u00fccken und der Schot in der Hand durchgef\u00fchrt werden und \u00fcber dem Kopf war auch noch der Baum, dem ausgewichen werden musste.<\/p>\n<p>In der n\u00e4chsten Einheit ging es dann mit den Segelbooten aufs Wasser und die Kinder sollten achten um 2 Tonnen herumsegeln. Ups!!! Da war Paul an Land gefordert die Kinder richtig ablegen zu lassen und Herr Hillers, der vor allem die richtigen Kommandos geben musste, wenn eine Wende falsch angefahren wurde oder nicht richtig beendet wurde.<\/p>\n<p>Oha!!! In der letzten Einheit war Wind! Sollten wir aufs Wasser?&#8230; ja!! Im kontrollierten windabgedeckten Bereich und nachdem die Kinder die ersten Wenden hier wieder gemeistert hatten, ging es in den Wind\u2026.. WOW \u2026..haben die das toll gemacht. Die meisten der Kinder aus dem 5. und 6. Jahrgang haben ein gutes Bootsgef\u00fchl und bewegen sich instinktiv richtig\u2026\u2026es ist eine goldene Generation von denen einige sicher auch in einiger Zeit an den Vereinssport herangef\u00fchrt werden k\u00f6nnen. Schade, dass die Zeit auf dem Wasser bereits zu Ende ist.<\/p>\n<p>Es geht aber bald weiter im Wasser der Friesentherme, wo die Segelsch\u00fclerinnen und -sch\u00fcler feststellen werden, dass ein Opti gar nicht so leicht zu kentern ist.<\/p>\n<p>&nbsp;<\/p>\n<p style=\"text-align: right;\"><em>Bericht: \u00a0Detlef Hillers<\/em><\/p>\n<p>&nbsp;<\/p>\n<p><a href=\"https:\/\/max-emden.de\/wordpress\/wp-content\/uploads\/2021\/11\/Die-Gruppe-in-Aktion-scaled.jpg\"><img fetchpriority=\"high\" decoding=\"async\" class=\"alignleft size-medium wp-image-13201\" src=\"https:\/\/max-emden.de\/wordpress\/wp-content\/uploads\/2021\/11\/Die-Gruppe-in-Aktion-300x200.jpg\" alt=\"\" width=\"300\" height=\"200\" srcset=\"https:\/\/max-emden.de\/wordpress\/wp-content\/uploads\/2021\/11\/Die-Gruppe-in-Aktion-300x200.jpg 300w, https:\/\/max-emden.de\/wordpress\/wp-content\/uploads\/2021\/11\/Die-Gruppe-in-Aktion-1024x683.jpg 1024w, https:\/\/max-emden.de\/wordpress\/wp-content\/uploads\/2021\/11\/Die-Gruppe-in-Aktion-768x512.jpg 768w, https:\/\/max-emden.de\/wordpress\/wp-content\/uploads\/2021\/11\/Die-Gruppe-in-Aktion-1536x1024.jpg 1536w, https:\/\/max-emden.de\/wordpress\/wp-content\/uploads\/2021\/11\/Die-Gruppe-in-Aktion-2048x1365.jpg 2048w\" sizes=\"(max-width: 300px) 100vw, 300px\" \/><\/a><a href=\"https:\/\/max-emden.de\/wordpress\/wp-content\/uploads\/2021\/11\/segelAG-scaled.jpg\"><img decoding=\"async\" class=\"alignleft size-medium wp-image-13200\" src=\"https:\/\/max-emden.de\/wordpress\/wp-content\/uploads\/2021\/11\/segelAG-300x200.jpg\" alt=\"\" width=\"300\" height=\"200\" srcset=\"https:\/\/max-emden.de\/wordpress\/wp-content\/uploads\/2021\/11\/segelAG-300x200.jpg 300w, https:\/\/max-emden.de\/wordpress\/wp-content\/uploads\/2021\/11\/segelAG-1024x683.jpg 1024w, https:\/\/max-emden.de\/wordpress\/wp-content\/uploads\/2021\/11\/segelAG-768x512.jpg 768w, https:\/\/max-emden.de\/wordpress\/wp-content\/uploads\/2021\/11\/segelAG-1536x1024.jpg 1536w, https:\/\/max-emden.de\/wordpress\/wp-content\/uploads\/2021\/11\/segelAG-2048x1365.jpg 2048w\" sizes=\"(max-width: 300px) 100vw, 300px\" \/><\/a><\/p>\n","protected":false},"excerpt":{"rendered":"<p>5 Wochen waren nur ein kurzer Zeitraum f\u00fcr dieses Jahr um die neuen Sch\u00fclerinnen und Sch\u00fcler an das Segeln auf dem Uphuser Meer heranzuf\u00fchren. Zumal<a class=\"moretag\" href=\"https:\/\/max-emden.de\/wordpress\/die-segel-ag-beschenkt-mit-einer-goldenen-generation\/\"> [&#8230;]<\/a><\/p>\n","protected":false},"author":1,"featured_media":13200,"comment_status":"closed","ping_status":"closed","sticky":false,"template":"","format":"standard","meta":{"footnotes":""},"categories":[52],"tags":[],"class_list":["post-13199","post","type-post","status-publish","format-standard","has-post-thumbnail","hentry","category-sport"],"_links":{"self":[{"href":"https:\/\/max-emden.de\/wordpress\/wp-json\/wp\/v2\/posts\/13199","targetHints":{"allow":["GET"]}}],"collection":[{"href":"https:\/\/max-emden.de\/wordpress\/wp-json\/wp\/v2\/posts"}],"about":[{"href":"https:\/\/max-emden.de\/wordpress\/wp-json\/wp\/v2\/types\/post"}],"author":[{"embeddable":true,"href":"https:\/\/max-emden.de\/wordpress\/wp-json\/wp\/v2\/users\/1"}],"replies":[{"embeddable":true,"href":"https:\/\/max-emden.de\/wordpress\/wp-json\/wp\/v2\/comments?post=13199"}],"version-history":[{"count":3,"href":"https:\/\/max-emden.de\/wordpress\/wp-json\/wp\/v2\/posts\/13199\/revisions"}],"predecessor-version":[{"id":13206,"href":"https:\/\/max-emden.de\/wordpress\/wp-json\/wp\/v2\/posts\/13199\/revisions\/13206"}],"wp:featuredmedia":[{"embeddable":true,"href":"https:\/\/max-emden.de\/wordpress\/wp-json\/wp\/v2\/media\/13200"}],"wp:attachment":[{"href":"https:\/\/max-emden.de\/wordpress\/wp-json\/wp\/v2\/media?parent=13199"}],"wp:term":[{"taxonomy":"category","embeddable":true,"href":"https:\/\/max-emden.de\/wordpress\/wp-json\/wp\/v2\/categories?post=13199"},{"taxonomy":"post_tag","embeddable":true,"href":"https:\/\/max-emden.de\/wordpress\/wp-json\/wp\/v2\/tags?post=13199"}],"curies":[{"name":"wp","href":"https:\/\/api.w.org\/{rel}","templated":true}]}}