{"id":13403,"date":"2021-12-06T19:46:19","date_gmt":"2021-12-06T18:46:19","guid":{"rendered":"https:\/\/max-emden.de\/wordpress\/?p=13403"},"modified":"2021-12-06T19:49:18","modified_gmt":"2021-12-06T18:49:18","slug":"sitzgelegenheiten-fuer-den-schulhof","status":"publish","type":"post","link":"https:\/\/max-emden.de\/wordpress\/sitzgelegenheiten-fuer-den-schulhof\/","title":{"rendered":"Sitzgelegenheiten f\u00fcr den Schulhof"},"content":{"rendered":"<p><a href=\"https:\/\/max-emden.de\/wordpress\/wp-content\/uploads\/2016\/02\/Bildschirmfoto-2016-02-23-um-15.25.54.png\"><img fetchpriority=\"high\" decoding=\"async\" class=\"aligncenter wp-image-1947 size-full\" src=\"https:\/\/max-emden.de\/wordpress\/wp-content\/uploads\/2016\/02\/Bildschirmfoto-2016-02-23-um-15.25.54.png\" alt=\"\" width=\"1248\" height=\"331\" srcset=\"https:\/\/max-emden.de\/wordpress\/wp-content\/uploads\/2016\/02\/Bildschirmfoto-2016-02-23-um-15.25.54.png 1248w, https:\/\/max-emden.de\/wordpress\/wp-content\/uploads\/2016\/02\/Bildschirmfoto-2016-02-23-um-15.25.54-300x80.png 300w, https:\/\/max-emden.de\/wordpress\/wp-content\/uploads\/2016\/02\/Bildschirmfoto-2016-02-23-um-15.25.54-768x204.png 768w, https:\/\/max-emden.de\/wordpress\/wp-content\/uploads\/2016\/02\/Bildschirmfoto-2016-02-23-um-15.25.54-1024x272.png 1024w\" sizes=\"(max-width: 1248px) 100vw, 1248px\" \/><\/a><\/p>\n<p>Das Max-Windm\u00fcller-Gymnasium w\u00fcnscht sich Sitzgelegenheiten f\u00fcr den Bereich vor der Mensa. Damit soll der Schulhof dringend ben\u00f6tigte zus\u00e4tzliche Aufenthaltsbereiche f\u00fcr die Pause sowie das Ganztagsangebot bekommen. Die gew\u00fcnschten Kombinationen aus Tischen und B\u00e4nken bieten Sitzpl\u00e4tze f\u00fcr bis zu 8 Personen, die sich am Tisch gegen\u00fcbersitzen k\u00f6nnen. Eine solche Sitzgruppe kostet ca. 3.000,00 \u20ac.<\/p>\n<p>Der F\u00f6rderverein versucht der Schule eine solche Sitzgelegenheit zu erm\u00f6glich und bittet herzlich um Spenden unter folgendem Link:<\/p>\n<p><a href=\"https:\/\/www.wirwunder.de\/projects\/100827?wirwunder=70\">https:\/\/www.wirwunder.de\/projects\/100827?wirwunder=70<\/a><\/p>\n<p>&nbsp;<\/p>\n<p>Herzlichen Dank!<\/p>\n","protected":false},"excerpt":{"rendered":"<p>Das Max-Windm\u00fcller-Gymnasium w\u00fcnscht sich Sitzgelegenheiten f\u00fcr den Bereich vor der Mensa. Damit soll der Schulhof dringend ben\u00f6tigte zus\u00e4tzliche Aufenthaltsbereiche f\u00fcr die Pause sowie das Ganztagsangebot<a class=\"moretag\" href=\"https:\/\/max-emden.de\/wordpress\/sitzgelegenheiten-fuer-den-schulhof\/\"> [&#8230;]<\/a><\/p>\n","protected":false},"author":1,"featured_media":1947,"comment_status":"closed","ping_status":"closed","sticky":false,"template":"","format":"standard","meta":{"footnotes":""},"categories":[2],"tags":[],"class_list":["post-13403","post","type-post","status-publish","format-standard","has-post-thumbnail","hentry","category-allgemein"],"_links":{"self":[{"href":"https:\/\/max-emden.de\/wordpress\/wp-json\/wp\/v2\/posts\/13403","targetHints":{"allow":["GET"]}}],"collection":[{"href":"https:\/\/max-emden.de\/wordpress\/wp-json\/wp\/v2\/posts"}],"about":[{"href":"https:\/\/max-emden.de\/wordpress\/wp-json\/wp\/v2\/types\/post"}],"author":[{"embeddable":true,"href":"https:\/\/max-emden.de\/wordpress\/wp-json\/wp\/v2\/users\/1"}],"replies":[{"embeddable":true,"href":"https:\/\/max-emden.de\/wordpress\/wp-json\/wp\/v2\/comments?post=13403"}],"version-history":[{"count":2,"href":"https:\/\/max-emden.de\/wordpress\/wp-json\/wp\/v2\/posts\/13403\/revisions"}],"predecessor-version":[{"id":13408,"href":"https:\/\/max-emden.de\/wordpress\/wp-json\/wp\/v2\/posts\/13403\/revisions\/13408"}],"wp:featuredmedia":[{"embeddable":true,"href":"https:\/\/max-emden.de\/wordpress\/wp-json\/wp\/v2\/media\/1947"}],"wp:attachment":[{"href":"https:\/\/max-emden.de\/wordpress\/wp-json\/wp\/v2\/media?parent=13403"}],"wp:term":[{"taxonomy":"category","embeddable":true,"href":"https:\/\/max-emden.de\/wordpress\/wp-json\/wp\/v2\/categories?post=13403"},{"taxonomy":"post_tag","embeddable":true,"href":"https:\/\/max-emden.de\/wordpress\/wp-json\/wp\/v2\/tags?post=13403"}],"curies":[{"name":"wp","href":"https:\/\/api.w.org\/{rel}","templated":true}]}}