{"id":13409,"date":"2021-12-07T19:55:48","date_gmt":"2021-12-07T18:55:48","guid":{"rendered":"https:\/\/max-emden.de\/wordpress\/?p=13409"},"modified":"2024-12-12T21:43:46","modified_gmt":"2024-12-12T20:43:46","slug":"neue-sitzgruppe-fuer-den-pausenhof-der-foerderverein-bittet-um-unterstuetzung","status":"publish","type":"post","link":"https:\/\/max-emden.de\/wordpress\/neue-sitzgruppe-fuer-den-pausenhof-der-foerderverein-bittet-um-unterstuetzung\/","title":{"rendered":"Neue Sitzgruppe f\u00fcr den Pausenhof: Der F\u00f6rderverein bittet um Unterst\u00fctzung"},"content":{"rendered":"<p><a href=\"https:\/\/max-emden.de\/wordpress\/wp-content\/uploads\/2021\/12\/foto-Sitzbank.jpg\"><img fetchpriority=\"high\" decoding=\"async\" class=\"alignnone wp-image-13410 size-full\" src=\"https:\/\/max-emden.de\/wordpress\/wp-content\/uploads\/2021\/12\/foto-Sitzbank-e1638903232908.jpg\" alt=\"\" width=\"848\" height=\"559\" srcset=\"https:\/\/max-emden.de\/wordpress\/wp-content\/uploads\/2021\/12\/foto-Sitzbank-e1638903232908.jpg 848w, https:\/\/max-emden.de\/wordpress\/wp-content\/uploads\/2021\/12\/foto-Sitzbank-e1638903232908-300x198.jpg 300w, https:\/\/max-emden.de\/wordpress\/wp-content\/uploads\/2021\/12\/foto-Sitzbank-e1638903232908-768x506.jpg 768w\" sizes=\"(max-width: 848px) 100vw, 848px\" \/><\/a><\/p>\n<p>Eine neue Sitzgruppe f\u00fcr den Schulhof! Der F\u00f6rderverein des Max-Windm\u00fcller-Gymnasiums bittet um Hilfe bei der Verwirklichung dieser Idee: Mit einer Spende auf dem Spendenportal &#8222;WirWunder&#8220; der Sparkasse Emden kann jeder dieses Vorhaben unterst\u00fctzen &#8211; und damit einen sinnvollen Beitrag zur Versch\u00f6nerung unseres Pausenhofes leisten, der allen Sch\u00fcler:innen zugute kommt.<\/p>\n<p>Hier geht es zur <a href=\"https:\/\/www.wirwunder.de\/projects\/100827?wirwunder=70\">Projektseite des F\u00f6rdervereins!<\/a><\/p>\n<p>&nbsp;<\/p>\n<p>&nbsp;<\/p>\n<p>&nbsp;<\/p>\n","protected":false},"excerpt":{"rendered":"<p>Eine neue Sitzgruppe f\u00fcr den Schulhof! Der F\u00f6rderverein des Max-Windm\u00fcller-Gymnasiums bittet um Hilfe bei der Verwirklichung dieser Idee: Mit einer Spende auf dem Spendenportal &#8222;WirWunder&#8220;<a class=\"moretag\" href=\"https:\/\/max-emden.de\/wordpress\/neue-sitzgruppe-fuer-den-pausenhof-der-foerderverein-bittet-um-unterstuetzung\/\"> [&#8230;]<\/a><\/p>\n","protected":false},"author":3,"featured_media":13410,"comment_status":"closed","ping_status":"closed","sticky":false,"template":"","format":"standard","meta":{"footnotes":""},"categories":[2,30],"tags":[96],"class_list":["post-13409","post","type-post","status-publish","format-standard","has-post-thumbnail","hentry","category-allgemein","category-foerderverein","tag-aktuell"],"_links":{"self":[{"href":"https:\/\/max-emden.de\/wordpress\/wp-json\/wp\/v2\/posts\/13409","targetHints":{"allow":["GET"]}}],"collection":[{"href":"https:\/\/max-emden.de\/wordpress\/wp-json\/wp\/v2\/posts"}],"about":[{"href":"https:\/\/max-emden.de\/wordpress\/wp-json\/wp\/v2\/types\/post"}],"author":[{"embeddable":true,"href":"https:\/\/max-emden.de\/wordpress\/wp-json\/wp\/v2\/users\/3"}],"replies":[{"embeddable":true,"href":"https:\/\/max-emden.de\/wordpress\/wp-json\/wp\/v2\/comments?post=13409"}],"version-history":[{"count":2,"href":"https:\/\/max-emden.de\/wordpress\/wp-json\/wp\/v2\/posts\/13409\/revisions"}],"predecessor-version":[{"id":13412,"href":"https:\/\/max-emden.de\/wordpress\/wp-json\/wp\/v2\/posts\/13409\/revisions\/13412"}],"wp:featuredmedia":[{"embeddable":true,"href":"https:\/\/max-emden.de\/wordpress\/wp-json\/wp\/v2\/media\/13410"}],"wp:attachment":[{"href":"https:\/\/max-emden.de\/wordpress\/wp-json\/wp\/v2\/media?parent=13409"}],"wp:term":[{"taxonomy":"category","embeddable":true,"href":"https:\/\/max-emden.de\/wordpress\/wp-json\/wp\/v2\/categories?post=13409"},{"taxonomy":"post_tag","embeddable":true,"href":"https:\/\/max-emden.de\/wordpress\/wp-json\/wp\/v2\/tags?post=13409"}],"curies":[{"name":"wp","href":"https:\/\/api.w.org\/{rel}","templated":true}]}}