{"id":13576,"date":"2021-12-21T22:00:21","date_gmt":"2021-12-21T21:00:21","guid":{"rendered":"https:\/\/max-emden.de\/wordpress\/?p=13576"},"modified":"2022-01-27T18:01:12","modified_gmt":"2022-01-27T17:01:12","slug":"wirtschaft-zum-anfassen-zu-besuch-bei-der-feuerwehr-und-der-aok-in-emden","status":"publish","type":"post","link":"https:\/\/max-emden.de\/wordpress\/wirtschaft-zum-anfassen-zu-besuch-bei-der-feuerwehr-und-der-aok-in-emden\/","title":{"rendered":"Wirtschaft zum Anfassen: Zu Besuch bei der Feuerwehr und der AOK in Emden"},"content":{"rendered":"<p>Am Montag und Dienstag, den 15. und 16. November 2021, fanden Betriebserkundungen des 10. Jahrgangs im Rahmen des Projekts \u201eWirtschaft zum Anfassen\u201c (WzA) statt. Wegen der zurzeit herrschenden Coronabedingungen fiel das Projekt kleiner als in den Vorjahren aus.<\/p>\n<p>\u201eWirtschaft zum Anfassen\u201c stellt einen wichtigen Bestandteil der Berufsorientierung am Max-Windm\u00fcller-Gymnasium dar, denn die Besichtigungen erm\u00f6glichen einen tieferen Einblick in Betriebe und Berufsfelder und k\u00f6nnen Sch\u00fcler*innen bei der Entscheidungswahl f\u00fcr einen sp\u00e4teren Beruf eine echte Hilfe sein.<\/p>\n<p>Welche Anforderungen stellt eine Firma an ihre Mitarbeiter? Wie ist die Ausbildung strukturiert? Welche Chancen bietet ein \u201eduales Studium\u201c? Welche F\u00e4higkeiten sollte ein Anw\u00e4rter mitbringen? Diese und \u00e4hnliche Fragen wurden uns bei dem Besuch der Feuerwehr und der AOK in Emden beantwortet.<\/p>\n<p>Bei der Feuerwehr stellte eine Vertreterin der Stadt Emden uns das Berufsbild \u201eBrandmeisteranw\u00e4rter*in\u201c vor. F\u00fcr diese 1,5-j\u00e4hrige Ausbildung, die am Ende in ein Beamtenverh\u00e4ltnis m\u00fcndet, ist eine abgeschlossene Ausbildung im handwerklichen Bereich Voraussetzung.<\/p>\n<p>Im Rahmen unseres Besuches bei der Feuerwehr erhielten wir eine F\u00fchrung durch das Geb\u00e4ude, konnten die verschiedenen Einsatzfahrzeuge aus der N\u00e4he betrachten und durften sogar mit der Drehleiter fahren, was uns einen ganz besonderen Blick \u00fcber Emden erm\u00f6glichte. Bei der Feuerwehr wurde uns aufgezeigt, wie vielseitig und anspruchsvoll es ist, hier zu arbeiten. Zum Aufgabenfeld der Feuerwehr geh\u00f6rt es nicht nur Br\u00e4nde zu l\u00f6schen. So gibt es zum Beispiel auch H\u00f6henretter*innen und Taucher*innen. Des Weiteren hat die Feuerwehr der Stadt Emden in NRW Hilfe nach der Flutkatstrophe geleistet. Dabei hat die Feuerwehr stets eine Vielzahl an beh\u00f6rdlichen Auflagen zu ber\u00fccksichtigen. Eines wurde ganz klar: Ordnung und Struktur sind das A und O bei der Feuerwehr.<br \/>\nAbschlie\u00dfend haben wir am Beispiel eines Stromausfalls gemeinsam erarbeitet, wie man sich in Notsituationen verhalten sollte und was die Aufgabe der Feuerwehr in solch einer Situation ist.<\/p>\n<p>Weitere Ausbildungsberufe bei der Stadt Emden, die uns vorgestellt wurden, sind zum Beispiel Stadtsekret\u00e4ranw\u00e4rter*in, Verwaltungsfachangestellte*r, Kaufmann-\/frau f\u00fcr B\u00fcro-management, Veranstaltungskaufmann\/-frau, Fachkraft f\u00fcr Veranstaltungstechnik oder f\u00fcr Abwassertechnik, Bauzeichner*in, Notfallsanit\u00e4ter*in, Stra\u00dfenw\u00e4rter*in, Fachinformatiker*in oder Kfz-Mechatroniker*in. Dar\u00fcber hinaus bieten sich bei der Stadt Emden M\u00f6glichkeiten zu einem \u201eDualen Studium\u201c in den Bereichen Verwaltung und Social Work (Abschluss jeweils: Bachelor of Art).<\/p>\n<p>Zudem findet man bei der Stadt Emden M\u00f6glichkeiten, ein Schulpraktikum zu absolvieren, ein \u201eFreiwilliges Soziales Jahr\u201c in Schulen, Kitas oder Jugendzentren bzw. einen Bundesfreiwilligendienst abzuhalten.<\/p>\n<p>Nicht nur die Stadt Emden bietet interessante Ausbildungsberufe an, sondern auch die AOK. Neben der Feuerwehr hat am Montag und Dienstag jeweils eine Kleingruppen des 10. Jahrgangs die AOK in Emden besucht.<\/p>\n<p>Die AOK wird oft \u201enur\u201c mit einer normalen Krankenkasse in Verbindung gebracht. Uns wurde jedoch aufgezeigt, dass es viele verschieden Berufe im Versicherungswesen gibt. So wurden uns verschiedene Ausbildungsm\u00f6glichkeiten bei der AOK dargelegt, die unterschiedliche Bereiche abdecken.<\/p>\n<p>Es gibt viele unterschiedliche Ausbildungspl\u00e4tze, die jedes Jahr in verschiedenen Formen angeboten werden. Ein Ausbildungsplatz, der j\u00e4hrlich angeboten wird, w\u00e4re zum Beispiel eine Ausbildung zum*zur Sozialversicherungsfachangestellten. In diesem Beruf lernt man unter anderem, wie Kunden fachkundig beraten werden und man zu einem kompetenten Ansprechpartner wird. Es werden aber auch andere Ausbildungsberufe, wie zum Beispiel Kaufmann\/frau f\u00fcr B\u00fcromanagement,\u00a0 Gesundheitswesen oder f\u00fcr Dialogmarketing angeboten.<\/p>\n<p>F\u00fcr alle Ausbildungen muss ein Schulabschluss vorgelegt werden. Die meisten Ausbildungen werden normalerwiese in drei verschiedene Lehrjahre unterteilt. Alternativ zu einer Ausbildung w\u00e4re auch ein duales Studium im Versicherungsbereich bei der AOK m\u00f6glich. Angebote f\u00fcr duale Studieng\u00e4nge w\u00e4ren zum Beispiel Business Administration und HealthCare Management oder auch Soziale Arbeit im Gesundheitswesen (Abschluss: Bachelor of Arts).<\/p>\n<p>Besonders interessant waren f\u00fcr uns die Einblicke in das Bewerbungsverfahren. So sind zum Beispiel Kriterien wie gute Noten, eine offene und teamf\u00e4hige Pers\u00f6nlichkeit, Zuverl\u00e4ssigkeit, Begeisterung und Neugierde wichtig. Auch wurde uns aufgezeigt, welche Auswirkungen vorhandene Fehltage auf dem Schulzeugnis auf eine Bewerbung im Allgemeinen haben.<\/p>\n<p>Des Weiteren haben wir uns bei der AOK intensiv damit besch\u00e4ftigt, welche gesetzlichen Sozialversicherungen es gibt und in welchem Fall eine Versicherung einspringt. Au\u00dferdem haben wie an einem Beispiel gemeinsam ausgerechnet, wie hoch die monatlichen Beitr\u00e4ge eines Arbeitnehmers sind.<\/p>\n<p>Neben den verschiedenen Ausbildungsberufen und duale Studieng\u00e4nge, werden au\u00dferdem Schulpraktika bei der AOK angeboten, bei denen die jungen Menschen die M\u00f6glichkeit haben, den Betrieb n\u00e4her kennenzulernen.<\/p>\n<p>Neben den hier in voller L\u00e4nge vorgestellten Betrieben hat sich in diesem Jahr ebenfalls das Uptsalboom Parkhotel und der Bau- und Entsorgungsbetrieb der Stadt Emden beteiligt. Die Fahrt zur Papenbuger MEYERWERFT musste wegen der im November steigenden Fallzahlen kurzfristig abgesagt werden.<\/p>\n<p>Die Schule hofft, dass WzA im kommenden Jahr wieder voller Vielseitigkeit stattfinden kann. An der Teilnahme interessierte Betriebe k\u00f6nnen jederzeit Kontakt mit Wilke Held, dem Fachobman f\u00fcr Wirtschaft und Politik, Kontakt aufnehmen.<\/p>\n<p style=\"text-align: right;\"><em>Bericht auf Grundlage der Berichte von Jannis K\u00f6nig und Antonia Grabowski (Jahrgang 10)<\/em><\/p>\n<p>&nbsp;<\/p>\n<style id=\"bwg-style-0\">    #bwg_container1_0 #bwg_container2_0 .bwg_carousel_watermark_spun_0 {        text-align: left;        vertical-align: bottom;    }       #bwg_container1_0 #bwg_container2_0 .bwg_carousel_watermark_image_0 {        max-height: 90px;        max-width: 45px;        opacity: 0.30;    }    #bwg_container1_0 #bwg_container2_0 .bwg_carousel_watermark_text_0,    #bwg_container1_0 #bwg_container2_0 .bwg_carousel_watermark_text_0:hover {        font-size: 20px;        font-family: Arial;        color: #FFFFFF !important;        opacity: 0.30;    }    #bwg_container1_0 #bwg_container2_0 #bwg_carousel0 {        margin-bottom: 0.5px;        margin-top: 0.5px;        font-size: 14px;        font-family: 0;    }    #bwg_container1_0 #bwg_container2_0 .bwg_carousel-container0 {        height: 600px;        background-color: rgba(0, 0, 0, 0.00);    }    #bwg_container1_0 #bwg_container2_0 .bwg_carousel-feature0 {        border-width: 2px;        border-style: solid;        border-color: #5D204F;    }    #bwg_container1_0 #bwg_container2_0 .bwg_carousel-feature0 .bwg_carousel-caption0 .bwg_carousel_title_text_0 {        background-color:#0;        margin: 0px;        padding: 5px;        font-weight:0;        font-size:14px;        opacity: 1.00;        border-radius: 5;        color:#0!important);    }    #bwg_container1_0 #bwg_container2_0 #bwg_carousel-right0 {        right: 60px;    }    #bwg_container1_0 #bwg_container2_0 #spider_carousel_left-ico_0,    #bwg_container1_0 #bwg_container2_0 #spider_carousel_right-ico_0 {        background-color: #000000;        border-radius: 20px;        border: 0px none #FFFFFF;        color: #FFFFFF;        height: 40px;        font-size: 20px;        width: 40px;        opacity: 1.00;    }    #bwg_container1_0 #bwg_container2_0 #spider_carousel_left-ico_0:hover,    #bwg_container1_0 #bwg_container2_0 #spider_carousel_right-ico_0:hover {        color: #CCCCCC;    }    #bwg_container1_0 #bwg_container2_0 #bwg_carousel_play_pause_0 {        background: transparent url(\"https:\/\/max-emden.de\/wordpress\/wp-content\/plugins\/photo-gallery\/images\/blank.gif\") repeat scroll 0 0;    }    #bwg_container1_0 #bwg_container2_0 #bwg_carousel_play_pause_0:hover #bwg_carousel_play_pause-ico_0 {        display: flex !important;    }    #bwg_container1_0 #bwg_container2_0 #bwg_carousel_play_pause-ico_0 {        color: #FFFFFF;        font-size: 20px;    }    #bwg_container1_0 #bwg_container2_0 #bwg_carousel_play_pause-ico_0:hover {        color: #CCCCCC;    }    #bwg_container1_0 #bwg_container2_0 .bwg_carousel_embed_0 {                margin-left: 0px;            }    #bwg_container1_0 #bwg_container2_0 .bwg_gal_title_0 {    background-color: rgba(0, 0, 0, 0);    color: #323A45;    display: block;    font-family: Ubuntu;    font-size: 16px;    font-weight: bold;    padding: 2px;    text-shadow: 0px 0px 0px #888888;    text-align: center;    }    <\/style>    <div id=\"bwg_container1_0\"         class=\"bwg_container bwg_thumbnail bwg_carousel \"         data-right-click-protection=\"1\"         data-bwg=\"0\"         data-scroll=\"0\"         data-gallery-type=\"carousel\"         data-gallery-view-type=\"carousel\"         data-current-url=\"\/wordpress\/wp-json\/wp\/v2\/posts\/13576\"         data-lightbox-url=\"https:\/\/max-emden.de\/wordpress\/wp-admin\/admin-ajax.php?action=GalleryBox&#038;current_view=0&#038;gallery_id=339&#038;tag=0&#038;theme_id=1&#038;shortcode_id=704&#038;sort_by=alt&#038;order_by=asc&#038;current_url=%2Fwordpress%2Fwp-json%2Fwp%2Fv2%2Fposts%2F13576\"         data-gallery-id=\"339\"         data-popup-width=\"800\"         data-popup-height=\"500\"         data-is-album=\"gallery\"         data-buttons-position=\"bottom\">      <div id=\"bwg_container2_0\">             <div id=\"ajax_loading_0\" class=\"bwg_loading_div_1\">      <div class=\"bwg_loading_div_2\">        <div class=\"bwg_loading_div_3\">          <div id=\"loading_div_0\" class=\"bwg_spider_ajax_loading\">          <\/div>        <\/div>      <\/div>    <\/div>            <form id=\"gal_front_form_0\"              class=\"bwg-hidden\"              method=\"post\"              action=\"#\"              data-current=\"0\"              data-shortcode-id=\"704\"              data-gallery-type=\"carousel\"              data-gallery-id=\"339\"              data-tag=\"0\"              data-album-id=\"0\"              data-theme-id=\"1\"              data-ajax-url=\"https:\/\/max-emden.de\/wordpress\/wp-admin\/admin-ajax.php?action=bwg_frontend_data\">          <div id=\"bwg_container3_0\" class=\"bwg-background bwg-background-0\">                  <div class=\"bwg-carousel bwg_carousel-container0 bwg-carousel-images-wrapper bwg-container\"           data-bwg=\"0\"           data-params='{&quot;data&quot;:[{&quot;id&quot;:&quot;6256&quot;,&quot;alt&quot;:&quot;AOK 1&quot;,&quot;description&quot;:&quot;Aperture: 2&amp;lt;br \\\/&amp;gt;Camera: iPhone 6s&amp;lt;br \\\/&amp;gt;Iso: 50&amp;lt;br \\\/&amp;gt;&quot;,&quot;image_url&quot;:&quot;\\\/Politik\\\/WzA21\\\/AOK_1.jpeg?bwg=1640120653&quot;,&quot;thumb_url&quot;:&quot;\\\/Politik\\\/WzA21\\\/thumb\\\/AOK_1.jpeg?bwg=1640120653&quot;,&quot;date&quot;:&quot;2021-12-21 21:03:52&quot;,&quot;is_embed&quot;:false,&quot;is_embed_video&quot;:false,&quot;is_embed_instagram_post&quot;:false},{&quot;id&quot;:&quot;6253&quot;,&quot;alt&quot;:&quot;Feuerwehr 1&quot;,&quot;description&quot;:&quot;Aperture: 2&amp;lt;br \\\/&amp;gt;Camera: iPhone 6s&amp;lt;br \\\/&amp;gt;Iso: 32&amp;lt;br \\\/&amp;gt;Orientation: 1&amp;lt;br \\\/&amp;gt;&quot;,&quot;image_url&quot;:&quot;\\\/Politik\\\/WzA21\\\/Feuerwehr_1.jpeg?bwg=1640120653&quot;,&quot;thumb_url&quot;:&quot;\\\/Politik\\\/WzA21\\\/thumb\\\/Feuerwehr_1.jpeg?bwg=1640120653&quot;,&quot;date&quot;:&quot;2021-12-21 21:03:49&quot;,&quot;is_embed&quot;:false,&quot;is_embed_video&quot;:false,&quot;is_embed_instagram_post&quot;:false},{&quot;id&quot;:&quot;6254&quot;,&quot;alt&quot;:&quot;Feuerwehr 2&quot;,&quot;description&quot;:&quot;Aperture: 2&amp;lt;br \\\/&amp;gt;Camera: iPhone 6s&amp;lt;br \\\/&amp;gt;Iso: 200&amp;lt;br \\\/&amp;gt;&quot;,&quot;image_url&quot;:&quot;\\\/Politik\\\/WzA21\\\/Feuerwehr_2.jpeg?bwg=1640120653&quot;,&quot;thumb_url&quot;:&quot;\\\/Politik\\\/WzA21\\\/thumb\\\/Feuerwehr_2.jpeg?bwg=1640120653&quot;,&quot;date&quot;:&quot;2021-12-21 21:03:50&quot;,&quot;is_embed&quot;:false,&quot;is_embed_video&quot;:false,&quot;is_embed_instagram_post&quot;:false},{&quot;id&quot;:&quot;6257&quot;,&quot;alt&quot;:&quot;Feuerwehr 3&quot;,&quot;description&quot;:&quot;Aperture: 2&amp;lt;br \\\/&amp;gt;Camera: iPhone 6s&amp;lt;br \\\/&amp;gt;Iso: 25&amp;lt;br \\\/&amp;gt;&quot;,&quot;image_url&quot;:&quot;\\\/Politik\\\/WzA21\\\/Feuerwehr_3.jpeg?bwg=1640120653&quot;,&quot;thumb_url&quot;:&quot;\\\/Politik\\\/WzA21\\\/thumb\\\/Feuerwehr_3.jpeg?bwg=1640120653&quot;,&quot;date&quot;:&quot;2021-12-21 21:03:53&quot;,&quot;is_embed&quot;:false,&quot;is_embed_video&quot;:false,&quot;is_embed_instagram_post&quot;:false},{&quot;id&quot;:&quot;6255&quot;,&quot;alt&quot;:&quot;Feuerwehr 4&quot;,&quot;description&quot;:&quot;&quot;,&quot;image_url&quot;:&quot;\\\/Politik\\\/WzA21\\\/Feuerwehr_4.jpeg?bwg=1640120653&quot;,&quot;thumb_url&quot;:&quot;\\\/Politik\\\/WzA21\\\/thumb\\\/Feuerwehr_4.jpeg?bwg=1640120653&quot;,&quot;date&quot;:&quot;2021-12-21 21:03:52&quot;,&quot;is_embed&quot;:false,&quot;is_embed_video&quot;:false,&quot;is_embed_instagram_post&quot;:false},{&quot;id&quot;:&quot;6258&quot;,&quot;alt&quot;:&quot;Feuerwehr 5&quot;,&quot;description&quot;:&quot;Aperture: 2&amp;lt;br \\\/&amp;gt;Camera: iPhone 6s&amp;lt;br \\\/&amp;gt;Iso: 80&amp;lt;br \\\/&amp;gt;&quot;,&quot;image_url&quot;:&quot;\\\/Politik\\\/WzA21\\\/Feuerwehr_5.jpeg?bwg=1640120653&quot;,&quot;thumb_url&quot;:&quot;\\\/Politik\\\/WzA21\\\/thumb\\\/Feuerwehr_5.jpeg?bwg=1640120653&quot;,&quot;date&quot;:&quot;2021-12-21 21:03:55&quot;,&quot;is_embed&quot;:false,&quot;is_embed_video&quot;:false,&quot;is_embed_instagram_post&quot;:false}],&quot;image_width&quot;:&quot;600&quot;,&quot;image_height&quot;:&quot;600&quot;,&quot;enable_image_title&quot;:&quot;0&quot;,&quot;carousel_interval&quot;:&quot;5&quot;,&quot;carousel_image_column_number&quot;:&quot;5&quot;,&quot;carousel_enable_autoplay&quot;:&quot;0&quot;,&quot;carousel_image_par&quot;:&quot;0.75&quot;,&quot;carousel_r_width&quot;:&quot;800&quot;,&quot;carousel_fit_containerWidth&quot;:&quot;1&quot;,&quot;carousel_prev_next_butt&quot;:&quot;1&quot;,&quot;carousel_play_pause_butt&quot;:&quot;1&quot;,&quot;car_inter&quot;:0,&quot;watermark_type&quot;:&quot;none&quot;,&quot;watermark_text&quot;:&quot;web-dorado.com&quot;,&quot;watermark_font_size&quot;:&quot;20&quot;,&quot;watermark_link&quot;:&quot;https%3A%2F%2Fweb-dorado.com&quot;,&quot;watermark_url&quot;:&quot;http:\\\/\\\/max-emden.de\\\/wordpress\\\/wp-content\\\/plugins\\\/photo-gallery\\\/images\\\/watermark.png&quot;,&quot;watermark_width&quot;:&quot;90&quot;,&quot;watermark_height&quot;:&quot;90&quot;,&quot;current_image_id&quot;:&quot;6256&quot;,&quot;carousel_play_pause_btn_size&quot;:&quot;20&quot;,&quot;bwg_currentCenterNum&quot;:1,&quot;bwg_currentlyMoving&quot;:false,&quot;carousel&quot;:&quot;&quot;}'           data-lightbox-url=\"https:\/\/max-emden.de\/wordpress\/wp-admin\/admin-ajax.php?action=GalleryBox&#038;current_view=0&#038;gallery_id=339&#038;tag=0&#038;theme_id=1&#038;shortcode_id=704&#038;sort_by=alt&#038;order_by=asc&#038;current_url=%2Fwordpress%2Fwp-json%2Fwp%2Fv2%2Fposts%2F13576\">        <div id=\"bwg_carousel0\" class=\"bwg_carousel-cont-child\">                      <div class=\"bwg_carousel-feature0\" onclick=\"bwg_params_carousel[0]['carousel'].shift(this);\" image_id=\"6256\" image_key=\"0\">              <div class=\"bwg_carousel_image_container_0\">              <span id=\"bwg_carousel_play_pause_0\" class=\"bwg_carousel_play_pause\" style=\"display: ;\">                <span>                  <span id=\"bwg_carousel_play_pause-ico_0\" class=\"bwg_carousel_play_pause-ico\">                    <i class=\"bwg-icon-play bwg_ctrl_btn_0 bwg_carousel_play_pause_0\"><\/i>                  <\/span>                <\/span>              <\/span>                              <\/div>                              <a id=\"bwg_img_link_0_0\"  class=\"bwg_lightbox bwg_lightbox_0\" href=\"https:\/\/max-emden.de\/wordpress\/wp-content\/uploads\/photo-gallery\/Politik\/WzA21\/AOK_1.jpeg?bwg=1640120653\" data-image-id=\"6256\" data-elementor-open-lightbox=\"no\">                  <div  style=\"background-image: url('https:\/\/max-emden.de\/wordpress\/wp-content\/uploads\/photo-gallery\/Politik\/WzA21\/AOK_1.jpeg?bwg=1640120653');\"                     class=\"bwg-carousel-image bwg_carousel-image0 \"                    alt=\"AOK 1\"><\/div>                <\/a>                            <\/div>                        <div class=\"bwg_carousel-feature0\" onclick=\"bwg_params_carousel[0]['carousel'].shift(this);\" image_id=\"6253\" image_key=\"1\">              <div class=\"bwg_carousel_image_container_0\">              <span id=\"bwg_carousel_play_pause_0\" class=\"bwg_carousel_play_pause\" style=\"display: ;\">                <span>                  <span id=\"bwg_carousel_play_pause-ico_0\" class=\"bwg_carousel_play_pause-ico\">                    <i class=\"bwg-icon-play bwg_ctrl_btn_0 bwg_carousel_play_pause_0\"><\/i>                  <\/span>                <\/span>              <\/span>                              <\/div>                              <a id=\"bwg_img_link_1_0\"  class=\"bwg_lightbox bwg_lightbox_0\" href=\"https:\/\/max-emden.de\/wordpress\/wp-content\/uploads\/photo-gallery\/Politik\/WzA21\/Feuerwehr_1.jpeg?bwg=1640120653\" data-image-id=\"6253\" data-elementor-open-lightbox=\"no\">                  <div  style=\"background-image: url('https:\/\/max-emden.de\/wordpress\/wp-content\/uploads\/photo-gallery\/Politik\/WzA21\/Feuerwehr_1.jpeg?bwg=1640120653');\"                     class=\"bwg-carousel-image bwg_carousel-image0 \"                    alt=\"Feuerwehr 1\"><\/div>                <\/a>                            <\/div>                        <div class=\"bwg_carousel-feature0\" onclick=\"bwg_params_carousel[0]['carousel'].shift(this);\" image_id=\"6254\" image_key=\"2\">              <div class=\"bwg_carousel_image_container_0\">              <span id=\"bwg_carousel_play_pause_0\" class=\"bwg_carousel_play_pause\" style=\"display: ;\">                <span>                  <span id=\"bwg_carousel_play_pause-ico_0\" class=\"bwg_carousel_play_pause-ico\">                    <i class=\"bwg-icon-play bwg_ctrl_btn_0 bwg_carousel_play_pause_0\"><\/i>                  <\/span>                <\/span>              <\/span>                              <\/div>                              <a id=\"bwg_img_link_2_0\"  class=\"bwg_lightbox bwg_lightbox_0\" href=\"https:\/\/max-emden.de\/wordpress\/wp-content\/uploads\/photo-gallery\/Politik\/WzA21\/Feuerwehr_2.jpeg?bwg=1640120653\" data-image-id=\"6254\" data-elementor-open-lightbox=\"no\">                  <div  style=\"background-image: url('https:\/\/max-emden.de\/wordpress\/wp-content\/uploads\/photo-gallery\/Politik\/WzA21\/Feuerwehr_2.jpeg?bwg=1640120653');\"                     class=\"bwg-carousel-image bwg_carousel-image0 \"                    alt=\"Feuerwehr 2\"><\/div>                <\/a>                            <\/div>                        <div class=\"bwg_carousel-feature0\" onclick=\"bwg_params_carousel[0]['carousel'].shift(this);\" image_id=\"6257\" image_key=\"3\">              <div class=\"bwg_carousel_image_container_0\">              <span id=\"bwg_carousel_play_pause_0\" class=\"bwg_carousel_play_pause\" style=\"display: ;\">                <span>                  <span id=\"bwg_carousel_play_pause-ico_0\" class=\"bwg_carousel_play_pause-ico\">                    <i class=\"bwg-icon-play bwg_ctrl_btn_0 bwg_carousel_play_pause_0\"><\/i>                  <\/span>                <\/span>              <\/span>                              <\/div>                              <a id=\"bwg_img_link_3_0\"  class=\"bwg_lightbox bwg_lightbox_0\" href=\"https:\/\/max-emden.de\/wordpress\/wp-content\/uploads\/photo-gallery\/Politik\/WzA21\/Feuerwehr_3.jpeg?bwg=1640120653\" data-image-id=\"6257\" data-elementor-open-lightbox=\"no\">                  <div  id=\"bwg_carousel_preload_0_3\" data-background = 'https:\/\/max-emden.de\/wordpress\/wp-content\/uploads\/photo-gallery\/Politik\/WzA21\/Feuerwehr_3.jpeg?bwg=1640120653'                    class=\"bwg-carousel-image bwg_carousel-image0  bwg_carousel_preload\"                    alt=\"Feuerwehr 3\"><\/div>                <\/a>                            <\/div>                        <div class=\"bwg_carousel-feature0\" onclick=\"bwg_params_carousel[0]['carousel'].shift(this);\" image_id=\"6255\" image_key=\"4\">              <div class=\"bwg_carousel_image_container_0\">              <span id=\"bwg_carousel_play_pause_0\" class=\"bwg_carousel_play_pause\" style=\"display: ;\">                <span>                  <span id=\"bwg_carousel_play_pause-ico_0\" class=\"bwg_carousel_play_pause-ico\">                    <i class=\"bwg-icon-play bwg_ctrl_btn_0 bwg_carousel_play_pause_0\"><\/i>                  <\/span>                <\/span>              <\/span>                              <\/div>                              <a id=\"bwg_img_link_4_0\"  class=\"bwg_lightbox bwg_lightbox_0\" href=\"https:\/\/max-emden.de\/wordpress\/wp-content\/uploads\/photo-gallery\/Politik\/WzA21\/Feuerwehr_4.jpeg?bwg=1640120653\" data-image-id=\"6255\" data-elementor-open-lightbox=\"no\">                  <div  style=\"background-image: url('https:\/\/max-emden.de\/wordpress\/wp-content\/uploads\/photo-gallery\/Politik\/WzA21\/Feuerwehr_4.jpeg?bwg=1640120653');\"                     class=\"bwg-carousel-image bwg_carousel-image0 \"                    alt=\"Feuerwehr 4\"><\/div>                <\/a>                            <\/div>                        <div class=\"bwg_carousel-feature0\" onclick=\"bwg_params_carousel[0]['carousel'].shift(this);\" image_id=\"6258\" image_key=\"5\">              <div class=\"bwg_carousel_image_container_0\">              <span id=\"bwg_carousel_play_pause_0\" class=\"bwg_carousel_play_pause\" style=\"display: ;\">                <span>                  <span id=\"bwg_carousel_play_pause-ico_0\" class=\"bwg_carousel_play_pause-ico\">                    <i class=\"bwg-icon-play bwg_ctrl_btn_0 bwg_carousel_play_pause_0\"><\/i>                  <\/span>                <\/span>              <\/span>                              <\/div>                              <a id=\"bwg_img_link_5_0\"  class=\"bwg_lightbox bwg_lightbox_0\" href=\"https:\/\/max-emden.de\/wordpress\/wp-content\/uploads\/photo-gallery\/Politik\/WzA21\/Feuerwehr_5.jpeg?bwg=1640120653\" data-image-id=\"6258\" data-elementor-open-lightbox=\"no\">                  <div  style=\"background-image: url('https:\/\/max-emden.de\/wordpress\/wp-content\/uploads\/photo-gallery\/Politik\/WzA21\/Feuerwehr_5.jpeg?bwg=1640120653');\"                     class=\"bwg-carousel-image bwg_carousel-image0 \"                    alt=\"Feuerwehr 5\"><\/div>                <\/a>                            <\/div>                    <\/div>        <div id=\"bwg_carousel-left0\">          <span id=\"spider_carousel_left-ico_0\"><span><i class=\"bwg-icon-chevron-left bwg_carousel_prev_btn_0\"><\/i><\/span><\/span>        <\/div>        <div id=\"bwg_carousel-right0\">          <span id=\"spider_carousel_right-ico_0\"><span><i class=\"bwg-icon-chevron-right bwg_carousel_next_btn_0\"><\/i><\/span><\/span>        <\/div>      <\/div>                <\/div>        <\/form>        <style>          #bwg_container1_0 #bwg_container2_0 #spider_popup_overlay_0 {          background-color: #000000;          opacity: 0.70;          }          <\/style>        <div id=\"bwg_spider_popup_loading_0\" class=\"bwg_spider_popup_loading\"><\/div>        <div id=\"spider_popup_overlay_0\" class=\"spider_popup_overlay\" onclick=\"spider_destroypopup(1000)\"><\/div>        <input type=\"hidden\" id=\"bwg_random_seed_0\" value=\"925344659\">                <\/div>    <\/div>    <script>      if (document.readyState === 'complete') {        if( typeof bwg_main_ready == 'function' ) {          if ( jQuery(\"#bwg_container1_0\").height() ) {            bwg_main_ready(jQuery(\"#bwg_container1_0\"));          }        }      } else {        document.addEventListener('DOMContentLoaded', function() {          if( typeof bwg_main_ready == 'function' ) {            if ( jQuery(\"#bwg_container1_0\").height() ) {             bwg_main_ready(jQuery(\"#bwg_container1_0\"));            }          }        });      }    <\/script>    \n","protected":false},"excerpt":{"rendered":"<p>Am Montag und Dienstag, den 15. und 16. November 2021, fanden Betriebserkundungen des 10. Jahrgangs im Rahmen des Projekts \u201eWirtschaft zum Anfassen\u201c (WzA) statt. Wegen<a class=\"moretag\" href=\"https:\/\/max-emden.de\/wordpress\/wirtschaft-zum-anfassen-zu-besuch-bei-der-feuerwehr-und-der-aok-in-emden\/\"> [&#8230;]<\/a><\/p>\n","protected":false},"author":1,"featured_media":13577,"comment_status":"closed","ping_status":"closed","sticky":false,"template":"","format":"standard","meta":{"footnotes":""},"categories":[3,45],"tags":[],"class_list":["post-13576","post","type-post","status-publish","format-standard","has-post-thumbnail","hentry","category-berufsorientierung","category-politik-wirtschaft"],"_links":{"self":[{"href":"https:\/\/max-emden.de\/wordpress\/wp-json\/wp\/v2\/posts\/13576","targetHints":{"allow":["GET"]}}],"collection":[{"href":"https:\/\/max-emden.de\/wordpress\/wp-json\/wp\/v2\/posts"}],"about":[{"href":"https:\/\/max-emden.de\/wordpress\/wp-json\/wp\/v2\/types\/post"}],"author":[{"embeddable":true,"href":"https:\/\/max-emden.de\/wordpress\/wp-json\/wp\/v2\/users\/1"}],"replies":[{"embeddable":true,"href":"https:\/\/max-emden.de\/wordpress\/wp-json\/wp\/v2\/comments?post=13576"}],"version-history":[{"count":2,"href":"https:\/\/max-emden.de\/wordpress\/wp-json\/wp\/v2\/posts\/13576\/revisions"}],"predecessor-version":[{"id":13580,"href":"https:\/\/max-emden.de\/wordpress\/wp-json\/wp\/v2\/posts\/13576\/revisions\/13580"}],"wp:featuredmedia":[{"embeddable":true,"href":"https:\/\/max-emden.de\/wordpress\/wp-json\/wp\/v2\/media\/13577"}],"wp:attachment":[{"href":"https:\/\/max-emden.de\/wordpress\/wp-json\/wp\/v2\/media?parent=13576"}],"wp:term":[{"taxonomy":"category","embeddable":true,"href":"https:\/\/max-emden.de\/wordpress\/wp-json\/wp\/v2\/categories?post=13576"},{"taxonomy":"post_tag","embeddable":true,"href":"https:\/\/max-emden.de\/wordpress\/wp-json\/wp\/v2\/tags?post=13576"}],"curies":[{"name":"wp","href":"https:\/\/api.w.org\/{rel}","templated":true}]}}