{"id":13612,"date":"2022-01-12T10:43:23","date_gmt":"2022-01-12T09:43:23","guid":{"rendered":"https:\/\/max-emden.de\/wordpress\/?p=13612"},"modified":"2022-01-27T18:02:36","modified_gmt":"2022-01-27T17:02:36","slug":"neues-jahrbuch-jetzt-erhaeltlich","status":"publish","type":"post","link":"https:\/\/max-emden.de\/wordpress\/neues-jahrbuch-jetzt-erhaeltlich\/","title":{"rendered":"Neues Jahrbuch jetzt erh\u00e4ltlich!"},"content":{"rendered":"<p><a href=\"https:\/\/max-emden.de\/wordpress\/wp-content\/uploads\/2022\/01\/K800_Jahrbuch-2021_cr.jpg\"><img fetchpriority=\"high\" decoding=\"async\" class=\"aligncenter wp-image-13613 size-full\" src=\"https:\/\/max-emden.de\/wordpress\/wp-content\/uploads\/2022\/01\/K800_Jahrbuch-2021_cr.jpg\" alt=\"\" width=\"800\" height=\"600\" srcset=\"https:\/\/max-emden.de\/wordpress\/wp-content\/uploads\/2022\/01\/K800_Jahrbuch-2021_cr.jpg 800w, https:\/\/max-emden.de\/wordpress\/wp-content\/uploads\/2022\/01\/K800_Jahrbuch-2021_cr-300x225.jpg 300w, https:\/\/max-emden.de\/wordpress\/wp-content\/uploads\/2022\/01\/K800_Jahrbuch-2021_cr-768x576.jpg 768w\" sizes=\"(max-width: 800px) 100vw, 800px\" \/><\/a><\/p>\n<p>Gl\u00fccklicherweise gibt es schon seit vielen Jahren an unserer Schule eine Schulchronik, denn was war 2020\/2021 f\u00fcr ein verr\u00fccktes Schuljahr! Das neue Jahrbuch f\u00fcr 2020\/2021, das dieses Mal von Rainer Ellmann-Bahr, Johannes Hessel und Dr. Fabian Robben erstellt wurde, ist jetzt erschienen &#8211; \u00fcber 100 Seiten mit Artikeln und vielen Fotos zu einem Schuljahr, das von vielen Videokonferenzen, Homelearning und Szenarien gepr\u00e4gt war, die es so in der Schulgeschichte des Max noch nicht gab!<\/p>\n","protected":false},"excerpt":{"rendered":"<p>Gl\u00fccklicherweise gibt es schon seit vielen Jahren an unserer Schule eine Schulchronik, denn was war 2020\/2021 f\u00fcr ein verr\u00fccktes Schuljahr! Das neue Jahrbuch f\u00fcr 2020\/2021,<a class=\"moretag\" href=\"https:\/\/max-emden.de\/wordpress\/neues-jahrbuch-jetzt-erhaeltlich\/\"> [&#8230;]<\/a><\/p>\n","protected":false},"author":3,"featured_media":13613,"comment_status":"closed","ping_status":"closed","sticky":false,"template":"","format":"standard","meta":{"footnotes":""},"categories":[2],"tags":[96],"class_list":["post-13612","post","type-post","status-publish","format-standard","has-post-thumbnail","hentry","category-allgemein","tag-aktuell"],"_links":{"self":[{"href":"https:\/\/max-emden.de\/wordpress\/wp-json\/wp\/v2\/posts\/13612","targetHints":{"allow":["GET"]}}],"collection":[{"href":"https:\/\/max-emden.de\/wordpress\/wp-json\/wp\/v2\/posts"}],"about":[{"href":"https:\/\/max-emden.de\/wordpress\/wp-json\/wp\/v2\/types\/post"}],"author":[{"embeddable":true,"href":"https:\/\/max-emden.de\/wordpress\/wp-json\/wp\/v2\/users\/3"}],"replies":[{"embeddable":true,"href":"https:\/\/max-emden.de\/wordpress\/wp-json\/wp\/v2\/comments?post=13612"}],"version-history":[{"count":2,"href":"https:\/\/max-emden.de\/wordpress\/wp-json\/wp\/v2\/posts\/13612\/revisions"}],"predecessor-version":[{"id":13616,"href":"https:\/\/max-emden.de\/wordpress\/wp-json\/wp\/v2\/posts\/13612\/revisions\/13616"}],"wp:featuredmedia":[{"embeddable":true,"href":"https:\/\/max-emden.de\/wordpress\/wp-json\/wp\/v2\/media\/13613"}],"wp:attachment":[{"href":"https:\/\/max-emden.de\/wordpress\/wp-json\/wp\/v2\/media?parent=13612"}],"wp:term":[{"taxonomy":"category","embeddable":true,"href":"https:\/\/max-emden.de\/wordpress\/wp-json\/wp\/v2\/categories?post=13612"},{"taxonomy":"post_tag","embeddable":true,"href":"https:\/\/max-emden.de\/wordpress\/wp-json\/wp\/v2\/tags?post=13612"}],"curies":[{"name":"wp","href":"https:\/\/api.w.org\/{rel}","templated":true}]}}