{"id":13623,"date":"2022-01-14T08:57:08","date_gmt":"2022-01-14T07:57:08","guid":{"rendered":"https:\/\/max-emden.de\/wordpress\/?p=13623"},"modified":"2022-01-27T17:58:22","modified_gmt":"2022-01-27T16:58:22","slug":"von-wegen-lesefaul","status":"publish","type":"post","link":"https:\/\/max-emden.de\/wordpress\/von-wegen-lesefaul\/","title":{"rendered":"Von wegen lesefaul!"},"content":{"rendered":"<div dir=\"ltr\">\n<figure id=\"attachment_13625\" aria-describedby=\"caption-attachment-13625\" style=\"width: 800px\" class=\"wp-caption alignnone\"><a href=\"https:\/\/max-emden.de\/wordpress\/wp-content\/uploads\/2022\/01\/K800_Ida-Kittel-VorleseWB-2021.jpg\"><img fetchpriority=\"high\" decoding=\"async\" class=\"wp-image-13625 size-full\" src=\"https:\/\/max-emden.de\/wordpress\/wp-content\/uploads\/2022\/01\/K800_Ida-Kittel-VorleseWB-2021.jpg\" alt=\"\" width=\"800\" height=\"600\" \/><\/a><figcaption id=\"caption-attachment-13625\" class=\"wp-caption-text\"><em>Ida Kittel hat den Schulentscheid im Vorlesewettbewerb gewonnen<\/em><\/figcaption><\/figure>\n<p>Im gesamten 6. Jahrgang haben die Sch\u00fcler:innen des Max begeistert am Vorlesewettbewerb mitgewirkt und in ihren Klassen drei Sieger:innen gek\u00fcrt &#8211; hier musste in Einzelf\u00e4llen sogar das Los entscheiden, da es so viele herausraugende Leser:innen gab. Am 12.01. war es dann soweit: Der schulinterne Entscheid. Vor einer Lehrer:innenjury haben die drei Kandidat:innen aus B\u00fcchern vorgelesen, die das interessante Spektrum der Jugendliteratur abdeckten. Von spannenden Einblicken in die Gamingwelt \u00fcber die fiktive Welt von anthropomorphen Tieren, die knifflige F\u00e4lle l\u00f6sen und ihre Freundschaft beweisen, bis hin zu einem modernen Klassiker der Jugendliteratur &#8211; Harry Potter. Aus dem 5. Band von Joanne K. Rowling pr\u00e4sentierte die Siegerin des schulinternen Entscheids, Ida Magdalena Kittel aus der 6c, eine der wohl spannensten Passagen der Reihe in einer herausragenden Ausdrucksst\u00e4rke und Varianz, die die Jury begeisterte.<\/p>\n<\/div>\n<div dir=\"ltr\">Wir gratulieren zu diesem Erfolg und freuen uns auf den Stadtentscheid!<\/div>\n<div dir=\"ltr\" style=\"text-align: right;\"><\/div>\n<div dir=\"ltr\" style=\"text-align: right;\"><em>Beitrag: Matthias Frank<\/em><\/div>\n","protected":false},"excerpt":{"rendered":"<p>Im gesamten 6. Jahrgang haben die Sch\u00fcler:innen des Max begeistert am Vorlesewettbewerb mitgewirkt und in ihren Klassen drei Sieger:innen gek\u00fcrt &#8211; hier musste in Einzelf\u00e4llen<a class=\"moretag\" href=\"https:\/\/max-emden.de\/wordpress\/von-wegen-lesefaul\/\"> [&#8230;]<\/a><\/p>\n","protected":false},"author":3,"featured_media":13625,"comment_status":"closed","ping_status":"closed","sticky":false,"template":"","format":"standard","meta":{"footnotes":""},"categories":[58],"tags":[96],"class_list":["post-13623","post","type-post","status-publish","format-standard","has-post-thumbnail","hentry","category-deutsch","tag-aktuell"],"_links":{"self":[{"href":"https:\/\/max-emden.de\/wordpress\/wp-json\/wp\/v2\/posts\/13623","targetHints":{"allow":["GET"]}}],"collection":[{"href":"https:\/\/max-emden.de\/wordpress\/wp-json\/wp\/v2\/posts"}],"about":[{"href":"https:\/\/max-emden.de\/wordpress\/wp-json\/wp\/v2\/types\/post"}],"author":[{"embeddable":true,"href":"https:\/\/max-emden.de\/wordpress\/wp-json\/wp\/v2\/users\/3"}],"replies":[{"embeddable":true,"href":"https:\/\/max-emden.de\/wordpress\/wp-json\/wp\/v2\/comments?post=13623"}],"version-history":[{"count":5,"href":"https:\/\/max-emden.de\/wordpress\/wp-json\/wp\/v2\/posts\/13623\/revisions"}],"predecessor-version":[{"id":13629,"href":"https:\/\/max-emden.de\/wordpress\/wp-json\/wp\/v2\/posts\/13623\/revisions\/13629"}],"wp:featuredmedia":[{"embeddable":true,"href":"https:\/\/max-emden.de\/wordpress\/wp-json\/wp\/v2\/media\/13625"}],"wp:attachment":[{"href":"https:\/\/max-emden.de\/wordpress\/wp-json\/wp\/v2\/media?parent=13623"}],"wp:term":[{"taxonomy":"category","embeddable":true,"href":"https:\/\/max-emden.de\/wordpress\/wp-json\/wp\/v2\/categories?post=13623"},{"taxonomy":"post_tag","embeddable":true,"href":"https:\/\/max-emden.de\/wordpress\/wp-json\/wp\/v2\/tags?post=13623"}],"curies":[{"name":"wp","href":"https:\/\/api.w.org\/{rel}","templated":true}]}}