{"id":13630,"date":"2022-01-18T08:27:58","date_gmt":"2022-01-18T07:27:58","guid":{"rendered":"https:\/\/max-emden.de\/wordpress\/?p=13630"},"modified":"2022-01-27T18:51:18","modified_gmt":"2022-01-27T17:51:18","slug":"global-student-forum-mia-berichtet-von-ihrer-teilnahme","status":"publish","type":"post","link":"https:\/\/max-emden.de\/wordpress\/global-student-forum-mia-berichtet-von-ihrer-teilnahme\/","title":{"rendered":"Global Student Forum &#8211; Mia berichtet von ihrer Teilnahme"},"content":{"rendered":"<figure id=\"attachment_13633\" aria-describedby=\"caption-attachment-13633\" style=\"width: 1701px\" class=\"wp-caption alignnone\"><a href=\"https:\/\/max-emden.de\/wordpress\/wp-content\/uploads\/2022\/01\/Day-3.3_cr.jpg\"><img fetchpriority=\"high\" decoding=\"async\" class=\"wp-image-13633 size-full\" src=\"https:\/\/max-emden.de\/wordpress\/wp-content\/uploads\/2022\/01\/Day-3.3_cr.jpg\" alt=\"\" width=\"1701\" height=\"877\" srcset=\"https:\/\/max-emden.de\/wordpress\/wp-content\/uploads\/2022\/01\/Day-3.3_cr.jpg 1701w, https:\/\/max-emden.de\/wordpress\/wp-content\/uploads\/2022\/01\/Day-3.3_cr-300x155.jpg 300w, https:\/\/max-emden.de\/wordpress\/wp-content\/uploads\/2022\/01\/Day-3.3_cr-1024x528.jpg 1024w, https:\/\/max-emden.de\/wordpress\/wp-content\/uploads\/2022\/01\/Day-3.3_cr-768x396.jpg 768w, https:\/\/max-emden.de\/wordpress\/wp-content\/uploads\/2022\/01\/Day-3.3_cr-1536x792.jpg 1536w\" sizes=\"(max-width: 1701px) 100vw, 1701px\" \/><\/a><figcaption id=\"caption-attachment-13633\" class=\"wp-caption-text\"><em>Teilnehmer aus aller Welt beim Virtual Global Student Forum<\/em><\/figcaption><\/figure>\n<p>Dima aus Neuseeland, Haruma aus Japan, Ivana aus Serbien, Shiven aus Kanada, Dante aus Polen, Maisarah aus Malaysia, Artem aus Russland und ich aus Deutschland. An drei Nachmittagen zusammen in einem Breakout-Room. Wie es dazu kam und worum es ging? Das m\u00f6chte ich euch im folgenden Kurzbericht erz\u00e4hlen. Nicht nur wir acht, sondern insgesamt 100 Sch\u00fclerinnen und Sch\u00fcler aus aller Welt nahmen vom 7. bis zum 9. Dezember 2021 an einem virtuellen Sch\u00fcler*innenforum der UNESCO teil.<br \/>\nF\u00fcr die Detailinteressierten: Der offizielle Titel der dreit\u00e4gigen Veranstaltung lautete \u201cVirtual Student Forum on Global Citizenship Education for Sustainable Developement\u201d (Virtuelles Sch\u00fcler*innenforum zur \u201cWeltb\u00fcrgerschaft\u201d-Bildung f\u00fcr Nachhaltige Entwicklung) und das Thema \u201cTaking Action for People and the Planet\u201d (Handeln f\u00fcr Menschen und den Planeten). Sperriger Titel, aber brandaktuelles Thema.<br \/>\nAls einzige deutsche Teilnehmerin wurde mir die Ehre zuteil, eine der Vertreterinnen und Vertreter der Region \u201cEuropa &amp; Nordamerika\u201d zu sein.<br \/>\nAber worum ging es nun konkret?<br \/>\nAn den ersten beiden Tagen des Online-Forums fanden sich die 100 \u201cChangemaker\u201d-Sch\u00fcler*innen (\u201cVer\u00e4nderungsmacher\u201d) abwechselnd im Plenum und in Kleingruppen in Breakout-Sessions zusammen. Die sieben anderen oben genannten Jugendlichen sowie zwei Youth Leaders der UNESCO, mit denen ich auch in den kommenden Breakout-Sessions zusammenarbeiten w\u00fcrde, traf ich erstmals am ersten Tag des Forums im Themenworkshop zum Thema \u201cIntercultural Dialogue and Storytelling\u201d (Interkultureller Dialog und \u201cGeschichtenerz\u00e4hlen\u201d). Auf Englisch starteten wir unseren eigenen interkulturellen Dialog, lernten uns kennen und sprachen dar\u00fcber, wie der Austausch zwischen Menschen mit verschiedenen kulturellen Hintergr\u00fcnden und Storytelling zu einer besseren Welt beitragen k\u00f6nnen. Was genau unter Storytelling zu verstehen ist, war mir zuvor \u00fcbrigens auch nicht ganz klar \u2013 wenn es euch interessiert, findet ihr dazu im Internet recht gute Artikel.<br \/>\nIn den folgenden Breakout-Sessions diskutierten wir unter anderem den Einfluss transformativer und h\u00f6herer Bildung und wie diese dabei hilft, \u201cChangemaker\u201d zu werden. Im Plenum, also im Videokonferenz-Raum mit allen Teilnehmenden, wurden jeweils die Ergebnisse der Kleingruppen nach den Breakout-Sessions zusammengetragen. Au\u00dferdem trugen einzelne junge Engagierte, globale UNESCO-Verantwortliche und Projektpartner*innen mit diversen Statements und Inputs zum Programm bei. Auch durch gruppendynamische Mentimeter wurden zwischendurch Meinungsbilder erstellt und die Diskussionen aufgelockert.<br \/>\n\u00c0 propos Auflockerung: Besonders erfolgreich waren meiner Meinung nach der Ansatz und die Umsetzung des Forums, die den Fokus wirklich auf die jugendlichen Teilnehmenden legten. Nicht nur wurde ein Gro\u00dfteil der Moderation von sogenannten Youth Leaders \u2013 jungen Engagierten in bereits bestehenden internationalen UNESCO-Projekten \u2013 \u00fcbernommen, sondern auch der Aufbau und die Themen des Forums sollten ganz den W\u00fcnschen der Sch\u00fcler*innen entsprechen. Dazu wurden im September bereits 20 Sch\u00fcler*innen \u2013 mich eingeschlossen \u2013 zu einem Consultation Workshop (Beratungsworkshop) eingeladen, bei dem wir mit unseren ganz pers\u00f6nlichen Interessen, Erfahrungen und W\u00fcnschen das Programm des Forums im Dezember mitgestalten durften.<br \/>\nZur\u00fcck zum Forum im Dezember und zum dritten und letzten Tag der Veranstaltung. Dieser fand als \u00f6ffentliches Webinar (Online-Seminar) statt und diente dazu, die Ergebnisse, Antworten, Ziele und W\u00fcnsche, die wir in den vergangenen beiden Tagen erarbeitet hatten, in die \u00d6ffentlichkeit zu tragen. Zuschauerinnen und Zuschauer aus der ganzen Welt h\u00f6rten und sahen zu, darunter auch die UNESCO-Nationalkoordinator*innen und politische Entscheidungstr\u00e4ger. Dies war letztlich das Ziel des Forums: Jugendlichen, die bereits in lokalem, nationalem und internationalem Engagement Erfahrungen gesammelt haben, Geh\u00f6r zu verschaffen und ihnen die M\u00f6glichkeit zu geben, sich einerseits untereinander auszutauschen und andererseits ihre Ideen, Ziele und Tr\u00e4ume von einer besseren Welt \u00f6ffentlich zu verbreiten.<\/p>\n<p style=\"text-align: right;\"><em>Bericht: Mia Bredebusch<\/em><\/p>\n","protected":false},"excerpt":{"rendered":"<p>Dima aus Neuseeland, Haruma aus Japan, Ivana aus Serbien, Shiven aus Kanada, Dante aus Polen, Maisarah aus Malaysia, Artem aus Russland und ich aus Deutschland.<a class=\"moretag\" href=\"https:\/\/max-emden.de\/wordpress\/global-student-forum-mia-berichtet-von-ihrer-teilnahme\/\"> [&#8230;]<\/a><\/p>\n","protected":false},"author":3,"featured_media":13635,"comment_status":"closed","ping_status":"closed","sticky":false,"template":"","format":"standard","meta":{"footnotes":""},"categories":[35,11,89],"tags":[96],"class_list":["post-13630","post","type-post","status-publish","format-standard","has-post-thumbnail","hentry","category-interkulturelles-lernen","category-nachhaltigkeit","category-unesco","tag-aktuell"],"_links":{"self":[{"href":"https:\/\/max-emden.de\/wordpress\/wp-json\/wp\/v2\/posts\/13630","targetHints":{"allow":["GET"]}}],"collection":[{"href":"https:\/\/max-emden.de\/wordpress\/wp-json\/wp\/v2\/posts"}],"about":[{"href":"https:\/\/max-emden.de\/wordpress\/wp-json\/wp\/v2\/types\/post"}],"author":[{"embeddable":true,"href":"https:\/\/max-emden.de\/wordpress\/wp-json\/wp\/v2\/users\/3"}],"replies":[{"embeddable":true,"href":"https:\/\/max-emden.de\/wordpress\/wp-json\/wp\/v2\/comments?post=13630"}],"version-history":[{"count":3,"href":"https:\/\/max-emden.de\/wordpress\/wp-json\/wp\/v2\/posts\/13630\/revisions"}],"predecessor-version":[{"id":13634,"href":"https:\/\/max-emden.de\/wordpress\/wp-json\/wp\/v2\/posts\/13630\/revisions\/13634"}],"wp:featuredmedia":[{"embeddable":true,"href":"https:\/\/max-emden.de\/wordpress\/wp-json\/wp\/v2\/media\/13635"}],"wp:attachment":[{"href":"https:\/\/max-emden.de\/wordpress\/wp-json\/wp\/v2\/media?parent=13630"}],"wp:term":[{"taxonomy":"category","embeddable":true,"href":"https:\/\/max-emden.de\/wordpress\/wp-json\/wp\/v2\/categories?post=13630"},{"taxonomy":"post_tag","embeddable":true,"href":"https:\/\/max-emden.de\/wordpress\/wp-json\/wp\/v2\/tags?post=13630"}],"curies":[{"name":"wp","href":"https:\/\/api.w.org\/{rel}","templated":true}]}}