{"id":13639,"date":"2022-01-24T19:18:41","date_gmt":"2022-01-24T18:18:41","guid":{"rendered":"https:\/\/max-emden.de\/wordpress\/?p=13639"},"modified":"2022-02-01T13:42:03","modified_gmt":"2022-02-01T12:42:03","slug":"film-regt-zur-teilnahme-am-projekt-impulspatenschaften-der-stadt-emden-an","status":"publish","type":"post","link":"https:\/\/max-emden.de\/wordpress\/film-regt-zur-teilnahme-am-projekt-impulspatenschaften-der-stadt-emden-an\/","title":{"rendered":"Film regt zur Teilnahme am Projekt \u201eImpulspatenschaften\u201c der Stadt Emden an"},"content":{"rendered":"<p>Ausgehend vom Semesterthema \u201e<em>el mundo de hoy \u2013 los movimientos migratorios en Espa<\/em><em>\u00f1a<\/em>\u201d, in dem die Migrationsbewegungen in der heutigen Welt thematisiert werden, nutzten die Sch\u00fcler*innen des Spanischkurses im Jahrgang 13 die M\u00f6glichkeit den Film <em>\u201eWir sind jetzt hier\u201c<\/em> in der Ev.-luth. Pauluskirchengemeinde zu sehen, der im Rahmen der Interkulturellen Woche gezeigt wurde.<\/p>\n<p>In dem Film erz\u00e4hlen sieben Personen vom Ankommen in Deutschland &#8211; von lustigen und begl\u00fcckenden Momenten und von Momenten tiefster Verzweiflung &#8211; von ihren \u00c4ngsten und wie sie mit ihnen umgegangen sind, von Rassismus und von der Liebe. Ihre Geschichten geben einen pers\u00f6nlichen Einblick in die emotionalen Turbulenzen, die eine Flucht fast immer nach sich zieht und die Protagonisten erz\u00e4hlen viel dar\u00fcber, was es auch in den Jahren noch braucht, damit Integration gelingt.<\/p>\n<p>Im Anschluss an den Film fand eine Diskussionsrunde statt, in der sich die Sch\u00fcler*nnen mit den anderen ZuschauerInnen \u00fcber den Inhalt und die eigenen Erfahrungen austauschten. Viele der Zuschauer sind ehrenamtlich in der Fl\u00fcchtlingssozialarbeit t\u00e4tig und haben von ihrem Alltag berichtet.<\/p>\n<p>In diesem Zusammenhang wurde das neue Projekt \u201eImpulspatenschaften\u201c der Freiwilligenagentur der Stadt Emden vorgestellt, wodurch weitere Begegnungen zwischen Ehrenamtlichen und gefl\u00fcchteten Menschen geschaffen werden sollen. Weitere Details zur Teilnahme k\u00f6nnen dem Informationsschreiben der Stadt Emden entnommen werden (siehe unten).<\/p>\n<p>Zwei JAG- Sch\u00fclerinnen aus dem Spanisch-Kooperationskurs, Jana Sutter und Anna Bredemeier, haben sich bereits zweimal mit einer syrischen Familie getroffen. Bei einem gemeinsamen Abendessen bei der Gastfamilie konnten sie die Esskultur kennenlernen und einen Einblick in das Alltagsleben gewinnen: \u201eObwohl die Familie nur begrenzt Deutsch spricht, war es ein guter Austausch m\u00f6glich und alle hatten gemeinsam viel Spa\u00df! In Zukunft sind auch weitere Treffen geplant\u2026 F\u00fcr Menschen, die Lust daran haben neue Kulturen kennenzulernen und noch dazu Spa\u00df daran haben anderen zu helfen, ist das Projekt genau richtig!\u201c<\/p>\n<figure id=\"attachment_13641\" aria-describedby=\"caption-attachment-13641\" style=\"width: 828px\" class=\"wp-caption alignnone\"><a href=\"https:\/\/max-emden.de\/wordpress\/wp-content\/uploads\/2022\/01\/K800_Impulspatenschaften2.jpg\"><img fetchpriority=\"high\" decoding=\"async\" class=\"wp-image-13641 size-full\" src=\"https:\/\/max-emden.de\/wordpress\/wp-content\/uploads\/2022\/01\/K800_Impulspatenschaften2.jpg\" alt=\"\" width=\"828\" height=\"600\" srcset=\"https:\/\/max-emden.de\/wordpress\/wp-content\/uploads\/2022\/01\/K800_Impulspatenschaften2.jpg 828w, https:\/\/max-emden.de\/wordpress\/wp-content\/uploads\/2022\/01\/K800_Impulspatenschaften2-300x217.jpg 300w, https:\/\/max-emden.de\/wordpress\/wp-content\/uploads\/2022\/01\/K800_Impulspatenschaften2-768x557.jpg 768w\" sizes=\"(max-width: 828px) 100vw, 828px\" \/><\/a><figcaption id=\"caption-attachment-13641\" class=\"wp-caption-text\"><em>Haben sich mit ihrem Semesterthema praktisch auseinandergesetzt &#8211; der Spanisch-Kurs 13<\/em><\/figcaption><\/figure>\n<p><em>Informationstext der Stadt Emden:<\/em><\/p>\n<p><strong>Menschen st\u00e4rken Menschen<\/strong><\/p>\n<p><strong><em>Mit einer kleinen Geste, kann man schon vieles bewegen, schon ein einfaches Gespr\u00e4ch kann vieles bewirken<\/em><\/strong><\/p>\n<p>Mit einem neuen Projekt m\u00f6chte die Freiwilligenagentur und die Fl\u00fcchtlingssozialarbeit im Fachdienst Gemeinwesen verschiedene Begegnungen schaffen. Ehrenamtliche und Gefl\u00fcchtete Menschen k\u00f6nnen sich f\u00fcr drei Treffen verabreden und gemeinsam verschiedene Aktivit\u00e4ten durchf\u00fchren.<\/p>\n<p>Patenschaften sind eine beliebte Form des Engagements. Viele interessierte Freiwillige empfinden es allerdings als zu anspruchsvoll und zeitaufw\u00e4ndig sich langfristig zu binden. Sie m\u00f6chten erstmal das Engagement ausprobieren und dieses soll evtl. auch nur f\u00fcr einen begrenzten Zeitraum gelten. Auf der anderen Seite gibt es in Emden weiterhin eine Vielzahl von gefl\u00fcchteten Menschen, die gerne einheimische Menschen und ihre neue Umgebung besser kennenlernen m\u00f6chten. Das neue Projekt \u201eImpulspatenschaften\u201c bietet jetzt eine L\u00f6sung an.\u00a0 Der niedrigschwellige Ansatz sieht vor: Freiwillige treffen sich mit Gefl\u00fcchteten zun\u00e4chst drei Mal, f\u00fcr eine konkrete Aktivit\u00e4t, zu einem bestimmten Bedarf. Dieses kann z.B. ein gemeinsamer Museumsbesuch, ein Theaterbesuch, eine Stadtf\u00fchrung, ein Besuch des Schwimmbades oder vielleicht auch ein gemeinsamer Kinderausflug in einem Indoor-Spielplatz sein. Auch eigene Ideen sind durchaus willkommen. Die beiden Partner unterschreiben eine gemeinsame Vereinbarung, dass sie sich f\u00fcr drei Treffen verabreden. Diese Vereinbarung ist jedoch nicht bindend, d.h. wenn man nach einem Treffen merkt, dass die Chemie nicht stimmt, muss man nat\u00fcrlich kein weiteres Treffen verabreden. Auf der anderen Seite k\u00f6nnen durch die Treffen aber auch echte Freundschaften entstehen und die Patenschaft kann weitergef\u00fchrt werden.<\/p>\n<p>Mitmachen kann jeder und es sind auch keine Fremdsprachenkenntnisse erforderlich. Das Projekt \u201eImpulspatenschaften\u201c wird gef\u00f6rdert durch das Bundesamt f\u00fcr Familie und zivilgesellschaftliche Aufgaben und ist durch die Kooperation der Bundesarbeitsgemeinschaft f\u00fcr Freiwilligenagenturen entstanden. F\u00fcr die gemeinsamen Unternehmungen, z.B. f\u00fcr Eintrittsgelder etc. stehen durch das F\u00f6rderprogramm Mittel zur Verf\u00fcgung und k\u00f6nnen erstattet werden. Diese Ausgaben m\u00fcssen vorab mit der Freiwilligenagentur abgestimmt werden.<\/p>\n<p>Interessenten k\u00f6nnen sich bei der Freiwilligenagentur Emden, Tel. 049 21\/87 16 44 oder per E-Mail an <a href=\"mailto:freiwilligenagentur@emden.de\">freiwilligenagentur@emden.de<\/a> melden.<\/p>\n","protected":false},"excerpt":{"rendered":"<p>Ausgehend vom Semesterthema \u201eel mundo de hoy \u2013 los movimientos migratorios en Espa\u00f1a\u201d, in dem die Migrationsbewegungen in der heutigen Welt thematisiert werden, nutzten die<a class=\"moretag\" href=\"https:\/\/max-emden.de\/wordpress\/film-regt-zur-teilnahme-am-projekt-impulspatenschaften-der-stadt-emden-an\/\"> [&#8230;]<\/a><\/p>\n","protected":false},"author":3,"featured_media":13641,"comment_status":"closed","ping_status":"closed","sticky":false,"template":"","format":"standard","meta":{"footnotes":""},"categories":[51],"tags":[96],"class_list":["post-13639","post","type-post","status-publish","format-standard","has-post-thumbnail","hentry","category-spanisch","tag-aktuell"],"_links":{"self":[{"href":"https:\/\/max-emden.de\/wordpress\/wp-json\/wp\/v2\/posts\/13639","targetHints":{"allow":["GET"]}}],"collection":[{"href":"https:\/\/max-emden.de\/wordpress\/wp-json\/wp\/v2\/posts"}],"about":[{"href":"https:\/\/max-emden.de\/wordpress\/wp-json\/wp\/v2\/types\/post"}],"author":[{"embeddable":true,"href":"https:\/\/max-emden.de\/wordpress\/wp-json\/wp\/v2\/users\/3"}],"replies":[{"embeddable":true,"href":"https:\/\/max-emden.de\/wordpress\/wp-json\/wp\/v2\/comments?post=13639"}],"version-history":[{"count":2,"href":"https:\/\/max-emden.de\/wordpress\/wp-json\/wp\/v2\/posts\/13639\/revisions"}],"predecessor-version":[{"id":13642,"href":"https:\/\/max-emden.de\/wordpress\/wp-json\/wp\/v2\/posts\/13639\/revisions\/13642"}],"wp:featuredmedia":[{"embeddable":true,"href":"https:\/\/max-emden.de\/wordpress\/wp-json\/wp\/v2\/media\/13641"}],"wp:attachment":[{"href":"https:\/\/max-emden.de\/wordpress\/wp-json\/wp\/v2\/media?parent=13639"}],"wp:term":[{"taxonomy":"category","embeddable":true,"href":"https:\/\/max-emden.de\/wordpress\/wp-json\/wp\/v2\/categories?post=13639"},{"taxonomy":"post_tag","embeddable":true,"href":"https:\/\/max-emden.de\/wordpress\/wp-json\/wp\/v2\/tags?post=13639"}],"curies":[{"name":"wp","href":"https:\/\/api.w.org\/{rel}","templated":true}]}}