{"id":137,"date":"2014-12-30T18:14:44","date_gmt":"2014-12-30T18:14:44","guid":{"rendered":"http:\/\/cms06169.apps-1and1.net\/?p=137"},"modified":"2015-07-24T11:32:43","modified_gmt":"2015-07-24T11:32:43","slug":"spendenaktion-der-sv","status":"publish","type":"post","link":"https:\/\/max-emden.de\/wordpress\/spendenaktion-der-sv\/","title":{"rendered":"Spendenaktion der SV"},"content":{"rendered":"<p>270\u20ac, 340\u20ac und am Schluss noch einmal 490\u20ac, insgesamt also 1100\u20ac &#8211; so viel Geld sammelten die Sch\u00fclerinnen und Sch\u00fcler der Sch\u00fclervertretung des Gymnasiums am Treckfahrtstief an den vergangenen drei Adventssonnabenden im MediaMarkt Emden. Dieser hatte einen Teil seiner Verkaufsfl\u00e4che ger\u00e4umt, um den Jungen und M\u00e4dchen die M\u00f6glichkeit zu geben, auf die gro\u00dfe Not der Fl\u00fcchtlinge im Nahen Osten hinzuweisen: Etwa 12 Millionen Menschen in Syrien und im Irak leiden derzeit unter den verheerenden Zust\u00e4nden, die aus der Flucht vor dem andauernden B\u00fcrgerkrieg und den ISIS-Milizen resultieren. Versch\u00e4rft wird deren Situation noch durch den Wintereinbruch, angesichts dessen der Tode vieler Menschen bef\u00fcrchtet wird.<\/p>\n<p><!--more-->Die Sch\u00fclervertretung des GaT hat sich deshalb entschlossen, etwas dagegen zu tun: Mit Stellw\u00e4nden und in vielen Gespr\u00e4chen informierten sie die Kunden des Elektronikmarktes \u00fcber die sich abzeichnende humanit\u00e4re Katastrophe. Parallel dazu buken die Sch\u00fclerinnen und Sch\u00fcler hei\u00dfe Waffeln im Akkord, mit denen die vielen Spendenwilligen belohnt wurden.<\/p>\n<p>Das Geld wird nun an das Fl\u00fcchtlingswerk der Vereinten Nationen (UNHCR) gehen und den Menschen in Syrien und dem Irak helfen: Insgesamt knapp 300 warme Decken k\u00f6nnen von dem Erl\u00f6s der Aktion angeschafft werden.<\/p>\n<p>&#8230;\u00a0<a href=\"http:\/\/www.gat-emden.de\/presse\/2014\/oz31122014Waffeln.jpg\" target=\"_blank\">Bericht der OZ<\/a><\/p>\n","protected":false},"excerpt":{"rendered":"<p>270\u20ac, 340\u20ac und am Schluss noch einmal 490\u20ac, insgesamt also 1100\u20ac &#8211; so viel Geld sammelten die Sch\u00fclerinnen und Sch\u00fcler der Sch\u00fclervertretung des Gymnasiums am<a class=\"moretag\" href=\"https:\/\/max-emden.de\/wordpress\/spendenaktion-der-sv\/\"> [&#8230;]<\/a><\/p>\n","protected":false},"author":1,"featured_media":138,"comment_status":"closed","ping_status":"closed","sticky":false,"template":"","format":"standard","meta":{"footnotes":""},"categories":[24,10,17],"tags":[],"class_list":["post-137","post","type-post","status-publish","format-standard","has-post-thumbnail","hentry","category-armut-und-elend-bekaempfen","category-menschenrechte-fuer-alle-verwirklichen","category-schuelervertretung"],"_links":{"self":[{"href":"https:\/\/max-emden.de\/wordpress\/wp-json\/wp\/v2\/posts\/137","targetHints":{"allow":["GET"]}}],"collection":[{"href":"https:\/\/max-emden.de\/wordpress\/wp-json\/wp\/v2\/posts"}],"about":[{"href":"https:\/\/max-emden.de\/wordpress\/wp-json\/wp\/v2\/types\/post"}],"author":[{"embeddable":true,"href":"https:\/\/max-emden.de\/wordpress\/wp-json\/wp\/v2\/users\/1"}],"replies":[{"embeddable":true,"href":"https:\/\/max-emden.de\/wordpress\/wp-json\/wp\/v2\/comments?post=137"}],"version-history":[{"count":2,"href":"https:\/\/max-emden.de\/wordpress\/wp-json\/wp\/v2\/posts\/137\/revisions"}],"predecessor-version":[{"id":604,"href":"https:\/\/max-emden.de\/wordpress\/wp-json\/wp\/v2\/posts\/137\/revisions\/604"}],"wp:featuredmedia":[{"embeddable":true,"href":"https:\/\/max-emden.de\/wordpress\/wp-json\/wp\/v2\/media\/138"}],"wp:attachment":[{"href":"https:\/\/max-emden.de\/wordpress\/wp-json\/wp\/v2\/media?parent=137"}],"wp:term":[{"taxonomy":"category","embeddable":true,"href":"https:\/\/max-emden.de\/wordpress\/wp-json\/wp\/v2\/categories?post=137"},{"taxonomy":"post_tag","embeddable":true,"href":"https:\/\/max-emden.de\/wordpress\/wp-json\/wp\/v2\/tags?post=137"}],"curies":[{"name":"wp","href":"https:\/\/api.w.org\/{rel}","templated":true}]}}