{"id":13777,"date":"2022-02-16T21:16:31","date_gmt":"2022-02-16T20:16:31","guid":{"rendered":"https:\/\/max-emden.de\/wordpress\/?p=13777"},"modified":"2022-05-13T20:54:45","modified_gmt":"2022-05-13T18:54:45","slug":"informationsveranstaltungen-fuer-viertklaesslerinnen","status":"publish","type":"post","link":"https:\/\/max-emden.de\/wordpress\/informationsveranstaltungen-fuer-viertklaesslerinnen\/","title":{"rendered":"Informationsveranstaltungen f\u00fcr Viertkl\u00e4ssler*innen"},"content":{"rendered":"\t\t<div data-elementor-type=\"wp-post\" data-elementor-id=\"13777\" class=\"elementor elementor-13777\" data-elementor-post-type=\"post\">\n\t\t\t\t\t\t<section class=\"elementor-section elementor-top-section elementor-element elementor-element-785446c6 elementor-section-boxed elementor-section-height-default elementor-section-height-default\" data-id=\"785446c6\" data-element_type=\"section\" data-e-type=\"section\">\n\t\t\t\t\t\t<div class=\"elementor-container elementor-column-gap-default\">\n\t\t\t\t\t<div class=\"elementor-column elementor-col-100 elementor-top-column elementor-element elementor-element-cd1f7c1\" data-id=\"cd1f7c1\" data-element_type=\"column\" data-e-type=\"column\">\n\t\t\t<div class=\"elementor-widget-wrap elementor-element-populated\">\n\t\t\t\t\t\t<div class=\"elementor-element elementor-element-2e9f4b83 elementor-widget elementor-widget-text-editor\" data-id=\"2e9f4b83\" data-element_type=\"widget\" data-e-type=\"widget\" data-widget_type=\"text-editor.default\">\n\t\t\t\t<div class=\"elementor-widget-container\">\n\t\t\t\t\t\t\t\t\t<hr \/><h2 style=\"text-align: center;\"><strong>Das Max l\u00e4dt ein!<\/strong><\/h2><p style=\"text-align: center;\"><strong>Neuer Termin f\u00fcr Informationsveranstaltungen f\u00fcr Viertkl\u00e4ssler*innen und ihre Eltern<\/strong><\/p><p><strong>\u00a0<\/strong><\/p><p style=\"text-align: center;\"><strong>Liebe Viertkl\u00e4ssler*innen, sehr geehrte Eltern,<\/strong><\/p><p style=\"text-align: center;\"><strong>wie bereits angek\u00fcndigt, m\u00f6chten wir Sie und Euch nun herzlich zu einer<\/strong><\/p><h3 style=\"text-align: center;\"><strong>Informationsveranstaltung am Samstag, dem 26.3.2022,<\/strong><\/h3><p style=\"text-align: center;\"><strong>vor Ort einladen.<\/strong><\/p><p><strong>Alle Familien, die sich f\u00fcr den November angemeldet hatten, haben eine Einladungsemail bekommen.<\/strong><\/p><p><strong>Da wir zur Herbstveranstaltung sehr hohe Anmeldezahlen hatten, bieten wir wiederum drei Termine zur Auswahl an:<\/strong><\/p><table width=\"680\"><tbody><tr><td width=\"28\">\u00a0<\/td><td width=\"151\">\u00a0<\/td><td width=\"47\">\u00a0<\/td><td colspan=\"2\" width=\"454\"><p><strong>Programm<\/strong><\/p><\/td><\/tr><tr><td width=\"28\"><p><strong>A<\/strong><\/p><\/td><td width=\"151\"><p><strong>9.00 \u2013 11.00 Uhr<\/strong><\/p><\/td><td width=\"47\">\u00a0<\/td><td rowspan=\"3\" width=\"227\"><p><strong>Schulf\u00fchrung und Gespr\u00e4chsangebote f\u00fcr Eltern<\/strong><\/p><\/td><td rowspan=\"3\" width=\"227\"><p><strong>Erkundung der Schule und Schnupperunterricht f\u00fcr Sch\u00fcler*innen<\/strong><\/p><\/td><\/tr><tr><td width=\"28\"><p><strong>B<\/strong><\/p><\/td><td width=\"151\"><p><strong>\u00a012.00 \u2013 14.00 Uhr<\/strong><\/p><\/td><td width=\"47\">\u00a0<\/td><\/tr><tr><td width=\"28\"><p><strong>C<\/strong><\/p><\/td><td width=\"151\"><p><strong>\u00a015.00 \u2013 17.00 Uhr<\/strong><\/p><\/td><td width=\"47\">\u00a0<\/td><\/tr><\/tbody><\/table><p><strong>\u00a0<\/strong><\/p><p><strong>Pro Familie k\u00f6nnen maximal 3 Personen teilnehmen. \u00dcber die dann g\u00fcltigen Corona-Regelungen werden wir Sie und Euch rechtzeitig informieren.<\/strong><\/p><p><strong>Selbstverst\u00e4ndlich sind auch Sch\u00fcler*innen und Eltern herzlich willkommen, die sich nicht f\u00fcr die Herbstveranstaltungen angemeldet hatten. N\u00e4here Angaben dazu finden Sie hier:<\/strong><\/p><p><a href=\"https:\/\/max-emden.de\/wordpress\/wp-content\/uploads\/2022\/03\/Einldung-An-die-ViertklaesslerZum26032022N.pdf\"><strong><u>Einladung <\/u><\/strong><\/a><\/p><p><strong>Anmeldeschluss ist der 9.3. 2022.<\/strong><\/p><p><strong>Wir freuen uns auf viele G\u00e4ste!<\/strong><\/p>\t\t\t\t\t\t\t\t<\/div>\n\t\t\t\t<\/div>\n\t\t\t\t\t<\/div>\n\t\t<\/div>\n\t\t\t\t\t<\/div>\n\t\t<\/section>\n\t\t\t\t<section class=\"elementor-section elementor-top-section elementor-element elementor-element-9b17af8 elementor-section-boxed elementor-section-height-default elementor-section-height-default\" data-id=\"9b17af8\" data-element_type=\"section\" data-e-type=\"section\">\n\t\t\t\t\t\t<div class=\"elementor-container elementor-column-gap-default\">\n\t\t\t\t\t<div class=\"elementor-column elementor-col-100 elementor-top-column elementor-element elementor-element-44aff7a\" data-id=\"44aff7a\" data-element_type=\"column\" data-e-type=\"column\">\n\t\t\t<div class=\"elementor-widget-wrap elementor-element-populated\">\n\t\t\t\t\t\t<div class=\"elementor-element elementor-element-e54ad82 elementor-widget elementor-widget-video\" data-id=\"e54ad82\" data-element_type=\"widget\" data-e-type=\"widget\" data-settings=\"{&quot;youtube_url&quot;:&quot;https:\\\/\\\/www.youtube.com\\\/watch?v=0L7kzRqSXbg&amp;t=8s&quot;,&quot;video_type&quot;:&quot;youtube&quot;,&quot;controls&quot;:&quot;yes&quot;}\" data-widget_type=\"video.default\">\n\t\t\t\t<div class=\"elementor-widget-container\">\n\t\t\t\t\t\t\t<div class=\"elementor-wrapper elementor-open-inline\">\n\t\t\t<div class=\"elementor-video\"><\/div>\t\t<\/div>\n\t\t\t\t\t\t<\/div>\n\t\t\t\t<\/div>\n\t\t\t\t\t<\/div>\n\t\t<\/div>\n\t\t\t\t\t<\/div>\n\t\t<\/section>\n\t\t\t\t<\/div>\n\t\t","protected":false},"excerpt":{"rendered":"<p>Das Max l\u00e4dt ein! Neuer Termin f\u00fcr Informationsveranstaltungen f\u00fcr Viertkl\u00e4ssler*innen und ihre Eltern \u00a0 Liebe Viertkl\u00e4ssler*innen, sehr geehrte Eltern, wie bereits angek\u00fcndigt, m\u00f6chten wir Sie<a class=\"moretag\" href=\"https:\/\/max-emden.de\/wordpress\/informationsveranstaltungen-fuer-viertklaesslerinnen\/\"> [&#8230;]<\/a><\/p>\n","protected":false},"author":1,"featured_media":833,"comment_status":"closed","ping_status":"closed","sticky":false,"template":"","format":"standard","meta":{"footnotes":""},"categories":[2],"tags":[],"class_list":["post-13777","post","type-post","status-publish","format-standard","has-post-thumbnail","hentry","category-allgemein"],"_links":{"self":[{"href":"https:\/\/max-emden.de\/wordpress\/wp-json\/wp\/v2\/posts\/13777","targetHints":{"allow":["GET"]}}],"collection":[{"href":"https:\/\/max-emden.de\/wordpress\/wp-json\/wp\/v2\/posts"}],"about":[{"href":"https:\/\/max-emden.de\/wordpress\/wp-json\/wp\/v2\/types\/post"}],"author":[{"embeddable":true,"href":"https:\/\/max-emden.de\/wordpress\/wp-json\/wp\/v2\/users\/1"}],"replies":[{"embeddable":true,"href":"https:\/\/max-emden.de\/wordpress\/wp-json\/wp\/v2\/comments?post=13777"}],"version-history":[{"count":15,"href":"https:\/\/max-emden.de\/wordpress\/wp-json\/wp\/v2\/posts\/13777\/revisions"}],"predecessor-version":[{"id":14120,"href":"https:\/\/max-emden.de\/wordpress\/wp-json\/wp\/v2\/posts\/13777\/revisions\/14120"}],"wp:featuredmedia":[{"embeddable":true,"href":"https:\/\/max-emden.de\/wordpress\/wp-json\/wp\/v2\/media\/833"}],"wp:attachment":[{"href":"https:\/\/max-emden.de\/wordpress\/wp-json\/wp\/v2\/media?parent=13777"}],"wp:term":[{"taxonomy":"category","embeddable":true,"href":"https:\/\/max-emden.de\/wordpress\/wp-json\/wp\/v2\/categories?post=13777"},{"taxonomy":"post_tag","embeddable":true,"href":"https:\/\/max-emden.de\/wordpress\/wp-json\/wp\/v2\/tags?post=13777"}],"curies":[{"name":"wp","href":"https:\/\/api.w.org\/{rel}","templated":true}]}}