{"id":13857,"date":"2022-02-28T20:00:04","date_gmt":"2022-02-28T19:00:04","guid":{"rendered":"https:\/\/max-emden.de\/wordpress\/?p=13857"},"modified":"2022-03-09T12:03:09","modified_gmt":"2022-03-09T11:03:09","slug":"delf-tout-est-bien-qui-finit-bien","status":"publish","type":"post","link":"https:\/\/max-emden.de\/wordpress\/delf-tout-est-bien-qui-finit-bien\/","title":{"rendered":"DELF: Tout est bien qui finit bien\u00a0!"},"content":{"rendered":"<p>Tout est bien qui finit bien! Ende gut, alles gut! Im September letzten Jahres absolvierten 5 Sch\u00fcler*innen des Max und 4 Sch\u00fcler*innen des JAG ihre DELF-Pr\u00fcfung. Die Vorbereitung auf die Pr\u00fcfung im Rahmen der DELF-AG war bereits im Fr\u00fchjahr 2021 gestartet, die zun\u00e4chst f\u00fcr Juni geplante Pr\u00fcfung dann aber aufgrund der Corona-Pandemie in den Herbst verschoben worden.<\/p>\n<figure id=\"attachment_13858\" aria-describedby=\"caption-attachment-13858\" style=\"width: 926px\" class=\"wp-caption alignnone\"><a href=\"https:\/\/max-emden.de\/wordpress\/wp-content\/uploads\/2022\/02\/K1024_DELF-2022-2-HP-e1646074526502.jpg\"><img fetchpriority=\"high\" decoding=\"async\" class=\"wp-image-13858 size-full\" src=\"https:\/\/max-emden.de\/wordpress\/wp-content\/uploads\/2022\/02\/K1024_DELF-2022-2-HP-e1646074526502.jpg\" alt=\"\" width=\"926\" height=\"632\" srcset=\"https:\/\/max-emden.de\/wordpress\/wp-content\/uploads\/2022\/02\/K1024_DELF-2022-2-HP-e1646074526502.jpg 926w, https:\/\/max-emden.de\/wordpress\/wp-content\/uploads\/2022\/02\/K1024_DELF-2022-2-HP-e1646074526502-300x205.jpg 300w, https:\/\/max-emden.de\/wordpress\/wp-content\/uploads\/2022\/02\/K1024_DELF-2022-2-HP-e1646074526502-768x524.jpg 768w\" sizes=\"(max-width: 926px) 100vw, 926px\" \/><\/a><figcaption id=\"caption-attachment-13858\" class=\"wp-caption-text\"><em>Die Max-Absolvent*innen mit ihren Diplomen: Mia, Mira und Torren (B1) und Lotta und Nisanur (A2), vertreten durch DELF-AG-Leiter Severin Tillmann<\/em><\/figcaption><\/figure>\n<p>Nun endlich, ein knappes Jahr nach Start der Vorbereitungen, konnten alle Sch\u00fcler*innen ihre offiziellen DELF-Diplome in Empfang nehmen. Die DELF-AG kann somit weiterhin stolz von sich behaupten, seit \u00fcber 10 Jahren mit einer 100%igen Erfolgsquote aufwarten zu k\u00f6nnen.<\/p>\n<p>Herzlichen Gl\u00fcckwunsch und F\u00e9licitation!<\/p>\n<p>&nbsp;<\/p>\n<p>&nbsp;<\/p>\n","protected":false},"excerpt":{"rendered":"<p>Tout est bien qui finit bien! Ende gut, alles gut! Im September letzten Jahres absolvierten 5 Sch\u00fcler*innen des Max und 4 Sch\u00fcler*innen des JAG ihre<a class=\"moretag\" href=\"https:\/\/max-emden.de\/wordpress\/delf-tout-est-bien-qui-finit-bien\/\"> [&#8230;]<\/a><\/p>\n","protected":false},"author":3,"featured_media":13858,"comment_status":"closed","ping_status":"closed","sticky":false,"template":"","format":"standard","meta":{"footnotes":""},"categories":[31,90],"tags":[96],"class_list":["post-13857","post","type-post","status-publish","format-standard","has-post-thumbnail","hentry","category-franzoesisch","category-kov","tag-aktuell"],"_links":{"self":[{"href":"https:\/\/max-emden.de\/wordpress\/wp-json\/wp\/v2\/posts\/13857","targetHints":{"allow":["GET"]}}],"collection":[{"href":"https:\/\/max-emden.de\/wordpress\/wp-json\/wp\/v2\/posts"}],"about":[{"href":"https:\/\/max-emden.de\/wordpress\/wp-json\/wp\/v2\/types\/post"}],"author":[{"embeddable":true,"href":"https:\/\/max-emden.de\/wordpress\/wp-json\/wp\/v2\/users\/3"}],"replies":[{"embeddable":true,"href":"https:\/\/max-emden.de\/wordpress\/wp-json\/wp\/v2\/comments?post=13857"}],"version-history":[{"count":4,"href":"https:\/\/max-emden.de\/wordpress\/wp-json\/wp\/v2\/posts\/13857\/revisions"}],"predecessor-version":[{"id":13862,"href":"https:\/\/max-emden.de\/wordpress\/wp-json\/wp\/v2\/posts\/13857\/revisions\/13862"}],"wp:featuredmedia":[{"embeddable":true,"href":"https:\/\/max-emden.de\/wordpress\/wp-json\/wp\/v2\/media\/13858"}],"wp:attachment":[{"href":"https:\/\/max-emden.de\/wordpress\/wp-json\/wp\/v2\/media?parent=13857"}],"wp:term":[{"taxonomy":"category","embeddable":true,"href":"https:\/\/max-emden.de\/wordpress\/wp-json\/wp\/v2\/categories?post=13857"},{"taxonomy":"post_tag","embeddable":true,"href":"https:\/\/max-emden.de\/wordpress\/wp-json\/wp\/v2\/tags?post=13857"}],"curies":[{"name":"wp","href":"https:\/\/api.w.org\/{rel}","templated":true}]}}