{"id":14036,"date":"2022-04-06T15:35:29","date_gmt":"2022-04-06T13:35:29","guid":{"rendered":"https:\/\/max-emden.de\/wordpress\/?p=14036"},"modified":"2022-05-07T23:21:42","modified_gmt":"2022-05-07T21:21:42","slug":"neues-video-online-sieben-schulen-ein-planet-das-wetterballon-projekt-der-cap-schulen","status":"publish","type":"post","link":"https:\/\/max-emden.de\/wordpress\/neues-video-online-sieben-schulen-ein-planet-das-wetterballon-projekt-der-cap-schulen\/","title":{"rendered":"Neues Video online: &#8222;Sieben Schulen &#8211; ein Planet: Das Wetterballon-Projekt der CAP-Schulen&#8220;"},"content":{"rendered":"<p>Sieben Schulen &#8211; ein Planet: Unter diesem Titel haben die Schulen des Climate Action Projects im vergangenen Herbst ein gro\u00dfes gemeinsames Projekt durchgef\u00fchrt: An allen Standorten wurden Wetterballons gestartet, die bis in die Stratosph\u00e4re flogen. W\u00e4hrend des Aufstieges wurden Wetterdaten aufgezeichnet, die nachfolgend ausgewertet werden konnten. Zwar gelangen nicht \u00fcberall reibungslose Fl\u00fcge &#8211; so leider auch in Emden, wo der Max-Ballon weit \u00fcber die eigentlich berechnete Route hinausflog und letztlich im Kurischen Haff landete &#8211; doch insgesamt stellte das Projekt einen gro\u00dfen Erfolg dar: Neben den Wetterdaten gelangen wundersch\u00f6ne Bilder, die die Verletzlichkeit unseres Planeten zeigen. Einen Eindruck von diesem Projekt gibt der Film: Sieben Schulen &#8211; ein Planet: Das Wetterballon-Projekt der CAP-Schulen.<\/p>\n<div class=\"lyte-wrapper fourthree\" style=\"width:420px;max-width:100%;margin:5px;\"><div class=\"lyMe\" id=\"WYL_2t-cofgKli0\"><div id=\"lyte_2t-cofgKli0\" data-src=\"https:\/\/max-emden.de\/wordpress\/wp-content\/plugins\/wp-youtube-lyte\/lyteCache.php?origThumbUrl=%2F%2Fi.ytimg.com%2Fvi%2F2t-cofgKli0%2Fhqdefault.jpg\" class=\"pL\"><div class=\"tC\"><div class=\"tT\"><\/div><\/div><div class=\"play\"><\/div><div class=\"ctrl\"><div class=\"Lctrl\"><\/div><div class=\"Rctrl\"><\/div><\/div><\/div><noscript><a href=\"https:\/\/youtu.be\/2t-cofgKli0\" rel=\"nofollow\"><img fetchpriority=\"high\" decoding=\"async\" src=\"https:\/\/max-emden.de\/wordpress\/wp-content\/plugins\/wp-youtube-lyte\/lyteCache.php?origThumbUrl=https%3A%2F%2Fi.ytimg.com%2Fvi%2F2t-cofgKli0%2F0.jpg\" alt=\"YouTube-Video-Vorschaubild\" width=\"420\" height=\"295\" \/><br \/>Dieses Video auf YouTube ansehen<\/a><\/noscript><\/div><\/div><div class=\"lL\" style=\"max-width:100%;width:420px;margin:5px;\"><\/div><\/p>\n<p style=\"text-align: right;\">Das Projekt fand in Kooperation mit CommunityKlima e.V.im Rahmen des 75j\u00e4hrigen Bestehens Niedersachsen statt und wurde durch Mittel der Aktion \u201e75 Jahre Demokratie in Niedersachsen &#8211; Alles klar!?\u201c unterst\u00fctzt.<\/p>\n<p style=\"text-align: right;\">Vielen Dank!<\/p>\n","protected":false},"excerpt":{"rendered":"<p>Sieben Schulen &#8211; ein Planet: Unter diesem Titel haben die Schulen des Climate Action Projects im vergangenen Herbst ein gro\u00dfes gemeinsames Projekt durchgef\u00fchrt: An allen<a class=\"moretag\" href=\"https:\/\/max-emden.de\/wordpress\/neues-video-online-sieben-schulen-ein-planet-das-wetterballon-projekt-der-cap-schulen\/\"> [&#8230;]<\/a><\/p>\n","protected":false},"author":3,"featured_media":14037,"comment_status":"closed","ping_status":"closed","sticky":false,"template":"","format":"standard","meta":{"footnotes":""},"categories":[11,89],"tags":[96],"class_list":["post-14036","post","type-post","status-publish","format-standard","has-post-thumbnail","hentry","category-nachhaltigkeit","category-unesco","tag-aktuell"],"_links":{"self":[{"href":"https:\/\/max-emden.de\/wordpress\/wp-json\/wp\/v2\/posts\/14036","targetHints":{"allow":["GET"]}}],"collection":[{"href":"https:\/\/max-emden.de\/wordpress\/wp-json\/wp\/v2\/posts"}],"about":[{"href":"https:\/\/max-emden.de\/wordpress\/wp-json\/wp\/v2\/types\/post"}],"author":[{"embeddable":true,"href":"https:\/\/max-emden.de\/wordpress\/wp-json\/wp\/v2\/users\/3"}],"replies":[{"embeddable":true,"href":"https:\/\/max-emden.de\/wordpress\/wp-json\/wp\/v2\/comments?post=14036"}],"version-history":[{"count":2,"href":"https:\/\/max-emden.de\/wordpress\/wp-json\/wp\/v2\/posts\/14036\/revisions"}],"predecessor-version":[{"id":14039,"href":"https:\/\/max-emden.de\/wordpress\/wp-json\/wp\/v2\/posts\/14036\/revisions\/14039"}],"wp:featuredmedia":[{"embeddable":true,"href":"https:\/\/max-emden.de\/wordpress\/wp-json\/wp\/v2\/media\/14037"}],"wp:attachment":[{"href":"https:\/\/max-emden.de\/wordpress\/wp-json\/wp\/v2\/media?parent=14036"}],"wp:term":[{"taxonomy":"category","embeddable":true,"href":"https:\/\/max-emden.de\/wordpress\/wp-json\/wp\/v2\/categories?post=14036"},{"taxonomy":"post_tag","embeddable":true,"href":"https:\/\/max-emden.de\/wordpress\/wp-json\/wp\/v2\/tags?post=14036"}],"curies":[{"name":"wp","href":"https:\/\/api.w.org\/{rel}","templated":true}]}}