{"id":14105,"date":"2022-05-09T10:41:11","date_gmt":"2022-05-09T08:41:11","guid":{"rendered":"https:\/\/max-emden.de\/wordpress\/?p=14105"},"modified":"2022-06-06T13:37:05","modified_gmt":"2022-06-06T11:37:05","slug":"stiftesammlung-der-umwelt-ag","status":"publish","type":"post","link":"https:\/\/max-emden.de\/wordpress\/stiftesammlung-der-umwelt-ag\/","title":{"rendered":"Stiftesammlung der Umwelt-AG"},"content":{"rendered":"<p>Vor den Osterferien haben sich die Mitglieder der Umwelt-AG des 5. und 6. Jahrgangs auf den Weg gemacht und die \u00a0leeren Stifte eingesammelt, die in den Sammelbeh\u00e4ltern verschiedener Klassen- und Kursr\u00e4ume zu finden waren. Insgesamt 11 kg leere Stifte, Korrekturroller, Patronen und Textmarker waren das Ergebnis.<\/p>\n<p>Diese werden jetzt an ein Recyclingunternehmen gesendet und dort fachm\u00e4nnisch zu neuen Rohstoffen verarbeitet. Im Gegenzug erhalten wir pro Kilo gespendeter Stifte einen Euro f\u00fcr den guten Zweck.<\/p>\n<p>Und damit das Umweltretten demn\u00e4chst noch einfacher und auch noch effektiver wird, wird die Umwelt-AG ab jetzt jeden ersten Freitag im Monat in den Pausen in der Pausenhalle eure alten Stifte entgegennehmen. Bringt dann bitte einfach die im Klassenraum oder auch zu Hause gesammelten Stifte vorbei, wir k\u00fcmmern uns um den Rest.<\/p>\n<p>Weiterhin haben wir uns noch einem weiteren Recyclingprogramm angeschlossen: ab sofort k\u00f6nnen auch Zahnpflegeartikel (Zahnb\u00fcrsten, Zahnseidebeh\u00e4lter, etc.) bei uns abgegeben werden. Diese werden allerdings nicht im Klassenraum gesammelt: bringt uns die bitte auch jeweils am ersten Freitag im Monat in der Pausenhalle vorbei. Wir sammeln diese dann in verschlie\u00dfbaren Beh\u00e4ltern.<\/p>\n<p>Die erste Sammelaktion in der Pausenhalle ist am 03.06.2022.<\/p>\n<figure id=\"attachment_14110\" aria-describedby=\"caption-attachment-14110\" style=\"width: 212px\" class=\"wp-caption alignleft\"><a href=\"https:\/\/max-emden.de\/wordpress\/wp-content\/uploads\/2022\/05\/IMG_1027-scaled.jpg\"><img fetchpriority=\"high\" decoding=\"async\" class=\"wp-image-14110 size-medium\" src=\"https:\/\/max-emden.de\/wordpress\/wp-content\/uploads\/2022\/05\/IMG_1027-212x300.jpg\" alt=\"\" width=\"212\" height=\"300\" srcset=\"https:\/\/max-emden.de\/wordpress\/wp-content\/uploads\/2022\/05\/IMG_1027-212x300.jpg 212w, https:\/\/max-emden.de\/wordpress\/wp-content\/uploads\/2022\/05\/IMG_1027-725x1024.jpg 725w, https:\/\/max-emden.de\/wordpress\/wp-content\/uploads\/2022\/05\/IMG_1027-768x1085.jpg 768w, https:\/\/max-emden.de\/wordpress\/wp-content\/uploads\/2022\/05\/IMG_1027-1087x1536.jpg 1087w, https:\/\/max-emden.de\/wordpress\/wp-content\/uploads\/2022\/05\/IMG_1027-1450x2048.jpg 1450w, https:\/\/max-emden.de\/wordpress\/wp-content\/uploads\/2022\/05\/IMG_1027-scaled.jpg 1812w\" sizes=\"(max-width: 212px) 100vw, 212px\" \/><\/a><figcaption id=\"caption-attachment-14110\" class=\"wp-caption-text\">Stifte-Recycling &#8211; Akzeptierte Abf\u00e4lle<\/figcaption><\/figure>\n<figure id=\"attachment_14111\" aria-describedby=\"caption-attachment-14111\" style=\"width: 220px\" class=\"wp-caption alignleft\"><a href=\"https:\/\/max-emden.de\/wordpress\/wp-content\/uploads\/2022\/05\/IMG_1028-scaled.jpg\"><img decoding=\"async\" class=\"wp-image-14111 size-medium\" src=\"https:\/\/max-emden.de\/wordpress\/wp-content\/uploads\/2022\/05\/IMG_1028-220x300.jpg\" alt=\"\" width=\"220\" height=\"300\" srcset=\"https:\/\/max-emden.de\/wordpress\/wp-content\/uploads\/2022\/05\/IMG_1028-220x300.jpg 220w, https:\/\/max-emden.de\/wordpress\/wp-content\/uploads\/2022\/05\/IMG_1028-751x1024.jpg 751w, https:\/\/max-emden.de\/wordpress\/wp-content\/uploads\/2022\/05\/IMG_1028-768x1047.jpg 768w, https:\/\/max-emden.de\/wordpress\/wp-content\/uploads\/2022\/05\/IMG_1028-1127x1536.jpg 1127w, https:\/\/max-emden.de\/wordpress\/wp-content\/uploads\/2022\/05\/IMG_1028-1503x2048.jpg 1503w, https:\/\/max-emden.de\/wordpress\/wp-content\/uploads\/2022\/05\/IMG_1028-scaled.jpg 1879w\" sizes=\"(max-width: 220px) 100vw, 220px\" \/><\/a><figcaption id=\"caption-attachment-14111\" class=\"wp-caption-text\">Zahnpflege-Recyclingprogramm &#8211; Akzeptierte Abf\u00e4lle<\/figcaption><\/figure>\n","protected":false},"excerpt":{"rendered":"<p>Vor den Osterferien haben sich die Mitglieder der Umwelt-AG des 5. und 6. Jahrgangs auf den Weg gemacht und die \u00a0leeren Stifte eingesammelt, die in<a class=\"moretag\" href=\"https:\/\/max-emden.de\/wordpress\/stiftesammlung-der-umwelt-ag\/\"> [&#8230;]<\/a><\/p>\n","protected":false},"author":1,"featured_media":14106,"comment_status":"closed","ping_status":"closed","sticky":false,"template":"","format":"standard","meta":{"footnotes":""},"categories":[60,11],"tags":[],"class_list":["post-14105","post","type-post","status-publish","format-standard","has-post-thumbnail","hentry","category-erdkunde","category-nachhaltigkeit"],"_links":{"self":[{"href":"https:\/\/max-emden.de\/wordpress\/wp-json\/wp\/v2\/posts\/14105","targetHints":{"allow":["GET"]}}],"collection":[{"href":"https:\/\/max-emden.de\/wordpress\/wp-json\/wp\/v2\/posts"}],"about":[{"href":"https:\/\/max-emden.de\/wordpress\/wp-json\/wp\/v2\/types\/post"}],"author":[{"embeddable":true,"href":"https:\/\/max-emden.de\/wordpress\/wp-json\/wp\/v2\/users\/1"}],"replies":[{"embeddable":true,"href":"https:\/\/max-emden.de\/wordpress\/wp-json\/wp\/v2\/comments?post=14105"}],"version-history":[{"count":4,"href":"https:\/\/max-emden.de\/wordpress\/wp-json\/wp\/v2\/posts\/14105\/revisions"}],"predecessor-version":[{"id":14113,"href":"https:\/\/max-emden.de\/wordpress\/wp-json\/wp\/v2\/posts\/14105\/revisions\/14113"}],"wp:featuredmedia":[{"embeddable":true,"href":"https:\/\/max-emden.de\/wordpress\/wp-json\/wp\/v2\/media\/14106"}],"wp:attachment":[{"href":"https:\/\/max-emden.de\/wordpress\/wp-json\/wp\/v2\/media?parent=14105"}],"wp:term":[{"taxonomy":"category","embeddable":true,"href":"https:\/\/max-emden.de\/wordpress\/wp-json\/wp\/v2\/categories?post=14105"},{"taxonomy":"post_tag","embeddable":true,"href":"https:\/\/max-emden.de\/wordpress\/wp-json\/wp\/v2\/tags?post=14105"}],"curies":[{"name":"wp","href":"https:\/\/api.w.org\/{rel}","templated":true}]}}