{"id":14126,"date":"2022-05-22T11:00:04","date_gmt":"2022-05-22T09:00:04","guid":{"rendered":"https:\/\/max-emden.de\/wordpress\/?p=14126"},"modified":"2022-10-31T00:41:50","modified_gmt":"2022-10-30T23:41:50","slug":"berlin-berlneinbremen-bremen-wir-fahren-endlich-nach-bremen","status":"publish","type":"post","link":"https:\/\/max-emden.de\/wordpress\/berlin-berlneinbremen-bremen-wir-fahren-endlich-nach-bremen\/","title":{"rendered":"Berlin, Berl\u2026Nein\u2026Bremen, Bremen, wir fahren endlich nach Bremen!"},"content":{"rendered":"<p style=\"font-weight: 400;\">Am 18.05.2022 fand die Vorrunde des Werder Bremen Schul-Cups 2022 in Warsingsfehn statt. Das Max-Windm\u00fcller-Gymnasium als Werder-Partnerschule nahm mit einer Jungenfu\u00dfballmannschaft des Jahrgangs 2009\/10 teil. Hoch motiviert bestieg das Team morgens um 08:30 Uhr den Bus und hoffte, dass die Spiele gut und viele Tore fallen w\u00fcrden. Das Wetter meinte es sehr gut mit uns an diesem Tag. Keine Wolke am Himmel und die Sonne brannte gnadenlos auf uns herab. Auch Schatten gab es auf dem Sportplatzgel\u00e4nde in Warsingsfehn kaum. P\u00fcnktlich um 10:00 Uhr starteten die Vorrundenspiele. In unserer Gruppe waren die IGS Augustfehn, die Frederikenschule Gro\u00dfheide und die IGS Moormerland vertreten.<\/p>\n<p style=\"font-weight: 400;\">Gegen diese drei Schulen wurde die Vorrunde bestritten, um sich dann f\u00fcr die Playoffs zu qualifizieren. Unser Schulteam konnte alle drei Spiele souver\u00e4n f\u00fcr sich entscheiden. Gegen Augustfehn gewannen wir 3:0, gegen Gro\u00dfheide 5:0 und gegen Moormerland 2:0. Diese Ergebnisse waren m\u00f6glich, weil Hannes Liedtke und Felix Rosenfeld eine b\u00e4renstarke Abwehrleistung zeigten und Milad Eskandari im Sturm viele sch\u00f6ne Tore erzielte.<\/p>\n<p style=\"font-weight: 400;\">Damit ging die Max-Mannschaft als klarer Favorit in die Playoffs. Dort trafen wir in der ersten Runde auf die Schule am Osterfehn, die wir sehr deutlich mit 3:0 schlagen konnten. Hier konnte das j\u00fcngste Mitglied unser Mannschaft, Jaden Gashi, sein erstes Turniertor erzielen und Jalte Andiek und Loet Firus \u00fcberzeugten im Mittelfeld. Mit diesem Sieg hatten wir uns bereits f\u00fcr das Halbfinale und somit f\u00fcr die Endrunde in Bremen qualifiziert. Die Hitze wurde immer unertr\u00e4glicher und die Turnierorganisation entschied, die Spielzeit von 15 auf 10 min zu verk\u00fcrzen. Zus\u00e4tzlich wurden die Wassersprenger angeschaltet, um den Spielern und Betreuern etwas Abk\u00fchlung zu erm\u00f6glichen. Im Halbfinale trafen wir erneut auf die IGS Augustfehn, die wir in der Vorrunde bereits geschlagen hatten. Diesmal ging jedoch Augustfehn 1:0 in F\u00fchrung. Mit ganz viel Kraft und Motivation konnten wir den Spielstand durch ein Tor von Enno Thiele ausgleichen. In der letzten Minute des Spiels konnte Hannes Liedkte dann einen Freisto\u00df verwandeln, der uns endg\u00fcltig den Sieg brachte. Damit waren wir im Finale angelangt!<\/p>\n<p style=\"font-weight: 400;\">Das Finale fand gegen das Internatsgymnasium Esens statt, das ebenso wie wir noch kein Spiel verloren hatte. Unsere Mannschaft war hoch motiviert und es zeigte sich schnell, dass wir \u00fcberlegen spielten. Diese k\u00f6rperliche und spielerische \u00dcberlegenheit konnten wir jedoch nicht in Tore umsetzen. Wir hatten viele gute Abschl\u00fcsse, von denen zwei Versuche am Pfosten und einer an der Latte landeten. Ein Eigentor der Mannschaft aus Esens brachte uns schlie\u00dflich den 1:0 Sieg. Beim Abpfiff fielen unsere Spieler vor Ersch\u00f6pfung zu Boden und freuten sich, dass sie sich sowohl f\u00fcr die Endrunde qualifiziert als auch das Turnier gewonnen hatten. Im Anschluss wurde der Sieg mit einem ausgiebigen Essen in einem amerikanischen Schnellrestaurant gefeiert. Am 01.07.2022 findet die Endrunde auf den Kunstrasenpl\u00e4tzen am Weserstadion in Bremen statt und das Max ist dabei!<\/p>\n<p>Wir danken dem F\u00f6rderverein f\u00fcr die gro\u00dfz\u00fcgige Unterst\u00fctzung der Fahrt!<\/p>\n<p style=\"font-weight: 400;\">Mannschaftsmitglieder:<\/p>\n<p style=\"font-weight: 400;\">Tammo de Vries (TW); Hannes Liedtke (4 Tore); Jalte Andiek (1 Tor); Enno Thiele (2 Tore); Milad Eskandari (5 Tore); Loet Firus (1 Tor); Felix Rosenfeld (1 Tor); Joel Weerda; Jaden Gashi (1 Tor); Joris Ulferts; Philipp Rothe<\/p>\n<figure id=\"attachment_14128\" aria-describedby=\"caption-attachment-14128\" style=\"width: 300px\" class=\"wp-caption alignleft\"><a href=\"https:\/\/max-emden.de\/wordpress\/wp-content\/uploads\/2022\/05\/PHOTO-2022-05-19-22-35-12.jpg\"><img fetchpriority=\"high\" decoding=\"async\" class=\"wp-image-14128 size-medium\" src=\"https:\/\/max-emden.de\/wordpress\/wp-content\/uploads\/2022\/05\/PHOTO-2022-05-19-22-35-12-300x225.jpg\" alt=\"\" width=\"300\" height=\"225\" srcset=\"https:\/\/max-emden.de\/wordpress\/wp-content\/uploads\/2022\/05\/PHOTO-2022-05-19-22-35-12-300x225.jpg 300w, https:\/\/max-emden.de\/wordpress\/wp-content\/uploads\/2022\/05\/PHOTO-2022-05-19-22-35-12-1024x768.jpg 1024w, https:\/\/max-emden.de\/wordpress\/wp-content\/uploads\/2022\/05\/PHOTO-2022-05-19-22-35-12-768x576.jpg 768w, https:\/\/max-emden.de\/wordpress\/wp-content\/uploads\/2022\/05\/PHOTO-2022-05-19-22-35-12-1536x1152.jpg 1536w, https:\/\/max-emden.de\/wordpress\/wp-content\/uploads\/2022\/05\/PHOTO-2022-05-19-22-35-12.jpg 1600w\" sizes=\"(max-width: 300px) 100vw, 300px\" \/><\/a><figcaption id=\"caption-attachment-14128\" class=\"wp-caption-text\">Die teilnehmenden Mannschaften<\/figcaption><\/figure>\n<figure id=\"attachment_14127\" aria-describedby=\"caption-attachment-14127\" style=\"width: 300px\" class=\"wp-caption alignleft\"><a href=\"https:\/\/max-emden.de\/wordpress\/wp-content\/uploads\/2022\/05\/PHOTO-2022-05-19-22-35-14-2.jpg\"><img decoding=\"async\" class=\"wp-image-14127 size-medium\" src=\"https:\/\/max-emden.de\/wordpress\/wp-content\/uploads\/2022\/05\/PHOTO-2022-05-19-22-35-14-2-300x225.jpg\" alt=\"\" width=\"300\" height=\"225\" srcset=\"https:\/\/max-emden.de\/wordpress\/wp-content\/uploads\/2022\/05\/PHOTO-2022-05-19-22-35-14-2-300x225.jpg 300w, https:\/\/max-emden.de\/wordpress\/wp-content\/uploads\/2022\/05\/PHOTO-2022-05-19-22-35-14-2-1024x768.jpg 1024w, https:\/\/max-emden.de\/wordpress\/wp-content\/uploads\/2022\/05\/PHOTO-2022-05-19-22-35-14-2-768x576.jpg 768w, https:\/\/max-emden.de\/wordpress\/wp-content\/uploads\/2022\/05\/PHOTO-2022-05-19-22-35-14-2-1536x1152.jpg 1536w, https:\/\/max-emden.de\/wordpress\/wp-content\/uploads\/2022\/05\/PHOTO-2022-05-19-22-35-14-2.jpg 1600w\" sizes=\"(max-width: 300px) 100vw, 300px\" \/><\/a><figcaption id=\"caption-attachment-14127\" class=\"wp-caption-text\">Das erfolgreiche MAX-Team<\/figcaption><\/figure>\n","protected":false},"excerpt":{"rendered":"<p>Am 18.05.2022 fand die Vorrunde des Werder Bremen Schul-Cups 2022 in Warsingsfehn statt. Das Max-Windm\u00fcller-Gymnasium als Werder-Partnerschule nahm mit einer Jungenfu\u00dfballmannschaft des Jahrgangs 2009\/10 teil.<a class=\"moretag\" href=\"https:\/\/max-emden.de\/wordpress\/berlin-berlneinbremen-bremen-wir-fahren-endlich-nach-bremen\/\"> [&#8230;]<\/a><\/p>\n","protected":false},"author":1,"featured_media":14127,"comment_status":"closed","ping_status":"closed","sticky":false,"template":"","format":"standard","meta":{"footnotes":""},"categories":[52],"tags":[],"class_list":["post-14126","post","type-post","status-publish","format-standard","has-post-thumbnail","hentry","category-sport"],"_links":{"self":[{"href":"https:\/\/max-emden.de\/wordpress\/wp-json\/wp\/v2\/posts\/14126","targetHints":{"allow":["GET"]}}],"collection":[{"href":"https:\/\/max-emden.de\/wordpress\/wp-json\/wp\/v2\/posts"}],"about":[{"href":"https:\/\/max-emden.de\/wordpress\/wp-json\/wp\/v2\/types\/post"}],"author":[{"embeddable":true,"href":"https:\/\/max-emden.de\/wordpress\/wp-json\/wp\/v2\/users\/1"}],"replies":[{"embeddable":true,"href":"https:\/\/max-emden.de\/wordpress\/wp-json\/wp\/v2\/comments?post=14126"}],"version-history":[{"count":5,"href":"https:\/\/max-emden.de\/wordpress\/wp-json\/wp\/v2\/posts\/14126\/revisions"}],"predecessor-version":[{"id":14729,"href":"https:\/\/max-emden.de\/wordpress\/wp-json\/wp\/v2\/posts\/14126\/revisions\/14729"}],"wp:featuredmedia":[{"embeddable":true,"href":"https:\/\/max-emden.de\/wordpress\/wp-json\/wp\/v2\/media\/14127"}],"wp:attachment":[{"href":"https:\/\/max-emden.de\/wordpress\/wp-json\/wp\/v2\/media?parent=14126"}],"wp:term":[{"taxonomy":"category","embeddable":true,"href":"https:\/\/max-emden.de\/wordpress\/wp-json\/wp\/v2\/categories?post=14126"},{"taxonomy":"post_tag","embeddable":true,"href":"https:\/\/max-emden.de\/wordpress\/wp-json\/wp\/v2\/tags?post=14126"}],"curies":[{"name":"wp","href":"https:\/\/api.w.org\/{rel}","templated":true}]}}