{"id":14246,"date":"2022-06-26T19:45:04","date_gmt":"2022-06-26T17:45:04","guid":{"rendered":"https:\/\/max-emden.de\/wordpress\/?p=14246"},"modified":"2022-07-03T15:58:17","modified_gmt":"2022-07-03T13:58:17","slug":"max-stellt-klimarat-in-berlin-vor","status":"publish","type":"post","link":"https:\/\/max-emden.de\/wordpress\/max-stellt-klimarat-in-berlin-vor\/","title":{"rendered":"Max stellt Klimarat in Berlin vor"},"content":{"rendered":"<p><a href=\"https:\/\/max-emden.de\/wordpress\/wp-content\/uploads\/2022\/06\/Schulleitertagung-2022-1.jpg\"><img fetchpriority=\"high\" decoding=\"async\" class=\"alignnone size-full wp-image-14248\" src=\"https:\/\/max-emden.de\/wordpress\/wp-content\/uploads\/2022\/06\/Schulleitertagung-2022-1.jpg\" alt=\"\" width=\"1500\" height=\"1125\" srcset=\"https:\/\/max-emden.de\/wordpress\/wp-content\/uploads\/2022\/06\/Schulleitertagung-2022-1.jpg 1500w, https:\/\/max-emden.de\/wordpress\/wp-content\/uploads\/2022\/06\/Schulleitertagung-2022-1-300x225.jpg 300w, https:\/\/max-emden.de\/wordpress\/wp-content\/uploads\/2022\/06\/Schulleitertagung-2022-1-1024x768.jpg 1024w, https:\/\/max-emden.de\/wordpress\/wp-content\/uploads\/2022\/06\/Schulleitertagung-2022-1-768x576.jpg 768w\" sizes=\"(max-width: 1500px) 100vw, 1500px\" \/><\/a>Im Rahmen der Schulleitertagung der UNESCO-Projektschulen haben Max-Direktor Frank Tapper, Max-Lehrer Johannes Hessel und S\u00f6nke Duits, einer der beiden aktuellen Vorsitzenden des Klimarats, die Arbeit des Gremiums vorgestellt, das inzwischen auch international auf Interesse gesto\u00dfen ist und Vorbildcharakter hat. Im Weltsaal des Ausw\u00e4rtigen Amtes trafen die drei Max-Delegierten auch Claudia Dierkes-Harrtwig vom nieders\u00e4chsischen Kultusministerium- ein sch\u00f6nes Wiedersehen in der Hauptstadt!<\/p>\n","protected":false},"excerpt":{"rendered":"<p>Im Rahmen der Schulleitertagung der UNESCO-Projektschulen haben Max-Direktor Frank Tapper, Max-Lehrer Johannes Hessel und S\u00f6nke Duits, einer der beiden aktuellen Vorsitzenden des Klimarats, die Arbeit<a class=\"moretag\" href=\"https:\/\/max-emden.de\/wordpress\/max-stellt-klimarat-in-berlin-vor\/\"> [&#8230;]<\/a><\/p>\n","protected":false},"author":3,"featured_media":14247,"comment_status":"closed","ping_status":"closed","sticky":false,"template":"","format":"standard","meta":{"footnotes":""},"categories":[11,89],"tags":[96],"class_list":["post-14246","post","type-post","status-publish","format-standard","has-post-thumbnail","hentry","category-nachhaltigkeit","category-unesco","tag-aktuell"],"_links":{"self":[{"href":"https:\/\/max-emden.de\/wordpress\/wp-json\/wp\/v2\/posts\/14246","targetHints":{"allow":["GET"]}}],"collection":[{"href":"https:\/\/max-emden.de\/wordpress\/wp-json\/wp\/v2\/posts"}],"about":[{"href":"https:\/\/max-emden.de\/wordpress\/wp-json\/wp\/v2\/types\/post"}],"author":[{"embeddable":true,"href":"https:\/\/max-emden.de\/wordpress\/wp-json\/wp\/v2\/users\/3"}],"replies":[{"embeddable":true,"href":"https:\/\/max-emden.de\/wordpress\/wp-json\/wp\/v2\/comments?post=14246"}],"version-history":[{"count":1,"href":"https:\/\/max-emden.de\/wordpress\/wp-json\/wp\/v2\/posts\/14246\/revisions"}],"predecessor-version":[{"id":14249,"href":"https:\/\/max-emden.de\/wordpress\/wp-json\/wp\/v2\/posts\/14246\/revisions\/14249"}],"wp:featuredmedia":[{"embeddable":true,"href":"https:\/\/max-emden.de\/wordpress\/wp-json\/wp\/v2\/media\/14247"}],"wp:attachment":[{"href":"https:\/\/max-emden.de\/wordpress\/wp-json\/wp\/v2\/media?parent=14246"}],"wp:term":[{"taxonomy":"category","embeddable":true,"href":"https:\/\/max-emden.de\/wordpress\/wp-json\/wp\/v2\/categories?post=14246"},{"taxonomy":"post_tag","embeddable":true,"href":"https:\/\/max-emden.de\/wordpress\/wp-json\/wp\/v2\/tags?post=14246"}],"curies":[{"name":"wp","href":"https:\/\/api.w.org\/{rel}","templated":true}]}}