{"id":14272,"date":"2022-07-01T10:03:28","date_gmt":"2022-07-01T08:03:28","guid":{"rendered":"https:\/\/max-emden.de\/wordpress\/?p=14272"},"modified":"2022-07-11T19:00:05","modified_gmt":"2022-07-11T17:00:05","slug":"viel-los-auf-dem-wasser","status":"publish","type":"post","link":"https:\/\/max-emden.de\/wordpress\/viel-los-auf-dem-wasser\/","title":{"rendered":"Viel los auf dem Wasser!"},"content":{"rendered":"<figure id=\"attachment_14275\" aria-describedby=\"caption-attachment-14275\" style=\"width: 1863px\" class=\"wp-caption alignnone\"><a href=\"https:\/\/max-emden.de\/wordpress\/wp-content\/uploads\/2022\/07\/20220630_140153.jpg\"><img fetchpriority=\"high\" decoding=\"async\" class=\"wp-image-14275 size-full\" src=\"https:\/\/max-emden.de\/wordpress\/wp-content\/uploads\/2022\/07\/20220630_140153.jpg\" alt=\"\" width=\"1863\" height=\"1048\" srcset=\"https:\/\/max-emden.de\/wordpress\/wp-content\/uploads\/2022\/07\/20220630_140153.jpg 1863w, https:\/\/max-emden.de\/wordpress\/wp-content\/uploads\/2022\/07\/20220630_140153-300x169.jpg 300w, https:\/\/max-emden.de\/wordpress\/wp-content\/uploads\/2022\/07\/20220630_140153-1024x576.jpg 1024w, https:\/\/max-emden.de\/wordpress\/wp-content\/uploads\/2022\/07\/20220630_140153-768x432.jpg 768w, https:\/\/max-emden.de\/wordpress\/wp-content\/uploads\/2022\/07\/20220630_140153-1536x864.jpg 1536w\" sizes=\"(max-width: 1863px) 100vw, 1863px\" \/><\/a><figcaption id=\"caption-attachment-14275\" class=\"wp-caption-text\"><em>Voll motiviert: Die 6a bei Training auf dem Delft.<\/em><\/figcaption><\/figure>\n<p>Das Schuljahr n\u00e4hert sich dem Ende und nach zwei Jahren Pause steht endlich wieder die Max-Drachenboot-Regatta an. Am vorletzten Schultag fahren alle Klassen ihre schnellsten Jahrgangs- und Doppeljahrgangsteams aus &#8211; da ist nat\u00fcrlich zu vor Training n\u00f6tig. Deshalb lernen die Max-Klassen Emden momentan von seiner sch\u00f6nsten Seite kennen, denn trainiert wird auf dem Delft!<\/p>\n<figure id=\"attachment_14276\" aria-describedby=\"caption-attachment-14276\" style=\"width: 1931px\" class=\"wp-caption alignnone\"><a href=\"https:\/\/max-emden.de\/wordpress\/wp-content\/uploads\/2022\/07\/20220629_124536.jpg\"><img decoding=\"async\" class=\"wp-image-14276 size-full\" src=\"https:\/\/max-emden.de\/wordpress\/wp-content\/uploads\/2022\/07\/20220629_124536.jpg\" alt=\"\" width=\"1931\" height=\"1088\" srcset=\"https:\/\/max-emden.de\/wordpress\/wp-content\/uploads\/2022\/07\/20220629_124536.jpg 1931w, https:\/\/max-emden.de\/wordpress\/wp-content\/uploads\/2022\/07\/20220629_124536-300x169.jpg 300w, https:\/\/max-emden.de\/wordpress\/wp-content\/uploads\/2022\/07\/20220629_124536-1024x577.jpg 1024w, https:\/\/max-emden.de\/wordpress\/wp-content\/uploads\/2022\/07\/20220629_124536-768x433.jpg 768w, https:\/\/max-emden.de\/wordpress\/wp-content\/uploads\/2022\/07\/20220629_124536-1536x865.jpg 1536w, https:\/\/max-emden.de\/wordpress\/wp-content\/uploads\/2022\/07\/20220629_124536-388x220.jpg 388w\" sizes=\"(max-width: 1931px) 100vw, 1931px\" \/><\/a><figcaption id=\"caption-attachment-14276\" class=\"wp-caption-text\"><em>Erstmals sind auch wieder unsere J\u00fcngsten, hier die 5b, am Start.<\/em><\/figcaption><\/figure>\n<p>&nbsp;<\/p>\n","protected":false},"excerpt":{"rendered":"<p>Das Schuljahr n\u00e4hert sich dem Ende und nach zwei Jahren Pause steht endlich wieder die Max-Drachenboot-Regatta an. Am vorletzten Schultag fahren alle Klassen ihre schnellsten<a class=\"moretag\" href=\"https:\/\/max-emden.de\/wordpress\/viel-los-auf-dem-wasser\/\"> [&#8230;]<\/a><\/p>\n","protected":false},"author":3,"featured_media":14275,"comment_status":"closed","ping_status":"closed","sticky":false,"template":"","format":"standard","meta":{"footnotes":""},"categories":[65,13],"tags":[96],"class_list":["post-14272","post","type-post","status-publish","format-standard","has-post-thumbnail","hentry","category-drachenboot-regatta","category-rudergymnasium","tag-aktuell"],"_links":{"self":[{"href":"https:\/\/max-emden.de\/wordpress\/wp-json\/wp\/v2\/posts\/14272","targetHints":{"allow":["GET"]}}],"collection":[{"href":"https:\/\/max-emden.de\/wordpress\/wp-json\/wp\/v2\/posts"}],"about":[{"href":"https:\/\/max-emden.de\/wordpress\/wp-json\/wp\/v2\/types\/post"}],"author":[{"embeddable":true,"href":"https:\/\/max-emden.de\/wordpress\/wp-json\/wp\/v2\/users\/3"}],"replies":[{"embeddable":true,"href":"https:\/\/max-emden.de\/wordpress\/wp-json\/wp\/v2\/comments?post=14272"}],"version-history":[{"count":1,"href":"https:\/\/max-emden.de\/wordpress\/wp-json\/wp\/v2\/posts\/14272\/revisions"}],"predecessor-version":[{"id":14277,"href":"https:\/\/max-emden.de\/wordpress\/wp-json\/wp\/v2\/posts\/14272\/revisions\/14277"}],"wp:featuredmedia":[{"embeddable":true,"href":"https:\/\/max-emden.de\/wordpress\/wp-json\/wp\/v2\/media\/14275"}],"wp:attachment":[{"href":"https:\/\/max-emden.de\/wordpress\/wp-json\/wp\/v2\/media?parent=14272"}],"wp:term":[{"taxonomy":"category","embeddable":true,"href":"https:\/\/max-emden.de\/wordpress\/wp-json\/wp\/v2\/categories?post=14272"},{"taxonomy":"post_tag","embeddable":true,"href":"https:\/\/max-emden.de\/wordpress\/wp-json\/wp\/v2\/tags?post=14272"}],"curies":[{"name":"wp","href":"https:\/\/api.w.org\/{rel}","templated":true}]}}