{"id":14330,"date":"2022-07-10T21:04:26","date_gmt":"2022-07-10T19:04:26","guid":{"rendered":"https:\/\/max-emden.de\/wordpress\/?p=14330"},"modified":"2022-07-12T18:07:00","modified_gmt":"2022-07-12T16:07:00","slug":"endlich-wieder-hafenmeile","status":"publish","type":"post","link":"https:\/\/max-emden.de\/wordpress\/endlich-wieder-hafenmeile\/","title":{"rendered":"Endlich wieder Hafenmeile!"},"content":{"rendered":"<figure id=\"attachment_14332\" aria-describedby=\"caption-attachment-14332\" style=\"width: 1108px\" class=\"wp-caption alignnone\"><a href=\"https:\/\/max-emden.de\/wordpress\/wp-content\/uploads\/2022\/07\/Max-YoungStars-Hafenmeile-2022-LR-1.jpg\"><img fetchpriority=\"high\" decoding=\"async\" class=\"wp-image-14332 size-full\" src=\"https:\/\/max-emden.de\/wordpress\/wp-content\/uploads\/2022\/07\/Max-YoungStars-Hafenmeile-2022-LR-1.jpg\" alt=\"\" width=\"1108\" height=\"768\" srcset=\"https:\/\/max-emden.de\/wordpress\/wp-content\/uploads\/2022\/07\/Max-YoungStars-Hafenmeile-2022-LR-1.jpg 1108w, https:\/\/max-emden.de\/wordpress\/wp-content\/uploads\/2022\/07\/Max-YoungStars-Hafenmeile-2022-LR-1-300x208.jpg 300w, https:\/\/max-emden.de\/wordpress\/wp-content\/uploads\/2022\/07\/Max-YoungStars-Hafenmeile-2022-LR-1-1024x710.jpg 1024w, https:\/\/max-emden.de\/wordpress\/wp-content\/uploads\/2022\/07\/Max-YoungStars-Hafenmeile-2022-LR-1-768x532.jpg 768w\" sizes=\"(max-width: 1108px) 100vw, 1108px\" \/><\/a><figcaption id=\"caption-attachment-14332\" class=\"wp-caption-text\"><em>Erster Start seit 2019: die Max-YoungStars <\/em><\/figcaption><\/figure>\n<p>Nach zwei Jahren Pause fand am 9.7.2022 endlich wieder das Sparkassen-Drachenbootrennen im Emder Binnenhafen statt! Zu den Teilnehmern geh\u00f6rte auch wieder ein Team des Max-Windm\u00fcller-Gymnasiums: Die Max-YoungStars hatten sich erstmals vor der Pandemie bei der Hafenmeile 2019 pr\u00e4sentiert und damals bereits Pl\u00e4ne f\u00fcr die Zukunft geschmiedet. Doch Corona sorgte f\u00fcr eine zweijahrige Pause, die am Sonnabend ein Ende fand. Gleich im ersten Rennen kam es mit dem JAG und der BBS II zum Prestige-Triell der Emder Schulen &#8211;\u00a0 doch ein Fehlstart sorgte f\u00fcr eine notwendige Rennwiederholung. Am Ende der ersten Vorlaufserie gingen die drei Teams also erneut an den Start und lieferten sich einen harten Kampf: Nach einem guten Start konnte die BBS II verdient ihre F\u00fchrung bis ins Ziel bringen, doch der Zweikampf der Gymnasien sorgte f\u00fcr Spannung bis zum letzten Meter. Nachdem das JAG-Boot zu Beginn in F\u00fchrung lag, gelang es den YoungStars im Laufe des Rennens immer weiter aufzuholen. Mit einer Drachenkopfzungenl\u00e4nge und nur vier Hunderstelsekunden lagen die Max-Paddler:innen am Ende vor dem JAG-Boot &#8211; ein sch\u00f6ner Erfolg f\u00fcr das Team!<\/p>\n<figure id=\"attachment_14333\" aria-describedby=\"caption-attachment-14333\" style=\"width: 1024px\" class=\"wp-caption alignnone\"><a href=\"https:\/\/max-emden.de\/wordpress\/wp-content\/uploads\/2022\/07\/Max-YoungStars-Hafenmeile-2022-LR-3.jpg\"><img decoding=\"async\" class=\"wp-image-14333 size-full\" src=\"https:\/\/max-emden.de\/wordpress\/wp-content\/uploads\/2022\/07\/Max-YoungStars-Hafenmeile-2022-LR-3.jpg\" alt=\"\" width=\"1024\" height=\"768\" srcset=\"https:\/\/max-emden.de\/wordpress\/wp-content\/uploads\/2022\/07\/Max-YoungStars-Hafenmeile-2022-LR-3.jpg 1024w, https:\/\/max-emden.de\/wordpress\/wp-content\/uploads\/2022\/07\/Max-YoungStars-Hafenmeile-2022-LR-3-300x225.jpg 300w, https:\/\/max-emden.de\/wordpress\/wp-content\/uploads\/2022\/07\/Max-YoungStars-Hafenmeile-2022-LR-3-768x576.jpg 768w\" sizes=\"(max-width: 1024px) 100vw, 1024px\" \/><\/a><figcaption id=\"caption-attachment-14333\" class=\"wp-caption-text\"><em>Packendes Finish: Am Ende lag das Max-Boot auf Platz 2 hinter der BBS II und vor dem JAG-Team<br \/><\/em><\/figcaption><\/figure>\n<p>In den n\u00e4chsten beiden Vorlaufrennen lief es leider nicht so gut: St\u00fcrmische B\u00f6en sorgten bei der Einfahrt in den Delft f\u00fcr das leichte Boot, das mit zw\u00f6lf M\u00e4dchen und sieben Jungen an den Start gegangen war, f\u00fcr massive Beeintr\u00e4chtigung der Zeiten, sodass die Windlotterie am Ende zu Platz 14 f\u00fchrte.<\/p>\n<p>Noch besser verlief der Regattatag f\u00fcr ERV DeichDynamik: Das aus Sch\u00fclermannschaften des Max hervorgegangene Team konnte erstmals die Sporting Dragons, den Seriensieger der vergangenen Jahre, bezwingen! Bereits im dritten Vorlauf kam es zum ersten direkten Kr\u00e4ftemessen, bei dem die DeichDynamiker die Emder Drachenbootfreunde in ungl\u00e4ubiges Staunen versetzten: Zum ersten Mal seit 2015 mussten die Sporting Dragons eine Niederlage in einem Rennen hinnehmen! Dieses Ausrufezeichenzeichen sorgte f\u00fcr Finale mit Hochspannung, f\u00fcr das sich die drei Vorlaufschnellsten Sporting Dragons, EKC Seeteufel und ERV DeichDynamik qualifizieren konnten. Vom Start weg blieben die DeichDynamiker und die Sporting Dragons auf einer H\u00f6he und lieferten sich \u00fcber die vollen 250 Meter einen packenden Kampf, der erst mit den letzten Schl\u00e4gen seinen Sieger fand: 23 Hunderstel lag der ERV am Ende vorn, der damit 2023 nach f\u00fcnf Siegen der Sporting Dragons als neuer Titelverteidiger an den Start gehen kann.<\/p>\n<figure id=\"attachment_14335\" aria-describedby=\"caption-attachment-14335\" style=\"width: 1147px\" class=\"wp-caption alignnone\"><a href=\"https:\/\/max-emden.de\/wordpress\/wp-content\/uploads\/2022\/07\/K1024_DSC_7959.jpg\"><img decoding=\"async\" class=\"wp-image-14335 size-full\" src=\"https:\/\/max-emden.de\/wordpress\/wp-content\/uploads\/2022\/07\/K1024_DSC_7959.jpg\" alt=\"\" width=\"1147\" height=\"768\" srcset=\"https:\/\/max-emden.de\/wordpress\/wp-content\/uploads\/2022\/07\/K1024_DSC_7959.jpg 1147w, https:\/\/max-emden.de\/wordpress\/wp-content\/uploads\/2022\/07\/K1024_DSC_7959-300x201.jpg 300w, https:\/\/max-emden.de\/wordpress\/wp-content\/uploads\/2022\/07\/K1024_DSC_7959-1024x686.jpg 1024w, https:\/\/max-emden.de\/wordpress\/wp-content\/uploads\/2022\/07\/K1024_DSC_7959-768x514.jpg 768w\" sizes=\"(max-width: 1147px) 100vw, 1147px\" \/><\/a><figcaption id=\"caption-attachment-14335\" class=\"wp-caption-text\"><em>Das Team ERV DeichDynamik auf Bahn 1 kurz vorm \u00dcberqueren des Ziels im Finallauf gegen die Sporting Dragons und den EKC<\/em><\/figcaption><\/figure>\n<p>&nbsp;<\/p>\n","protected":false},"excerpt":{"rendered":"<p>Nach zwei Jahren Pause fand am 9.7.2022 endlich wieder das Sparkassen-Drachenbootrennen im Emder Binnenhafen statt! Zu den Teilnehmern geh\u00f6rte auch wieder ein Team des Max-Windm\u00fcller-Gymnasiums:<a class=\"moretag\" href=\"https:\/\/max-emden.de\/wordpress\/endlich-wieder-hafenmeile\/\"> [&#8230;]<\/a><\/p>\n","protected":false},"author":3,"featured_media":14332,"comment_status":"closed","ping_status":"closed","sticky":false,"template":"","format":"standard","meta":{"footnotes":""},"categories":[13],"tags":[96],"class_list":["post-14330","post","type-post","status-publish","format-standard","has-post-thumbnail","hentry","category-rudergymnasium","tag-aktuell"],"_links":{"self":[{"href":"https:\/\/max-emden.de\/wordpress\/wp-json\/wp\/v2\/posts\/14330","targetHints":{"allow":["GET"]}}],"collection":[{"href":"https:\/\/max-emden.de\/wordpress\/wp-json\/wp\/v2\/posts"}],"about":[{"href":"https:\/\/max-emden.de\/wordpress\/wp-json\/wp\/v2\/types\/post"}],"author":[{"embeddable":true,"href":"https:\/\/max-emden.de\/wordpress\/wp-json\/wp\/v2\/users\/3"}],"replies":[{"embeddable":true,"href":"https:\/\/max-emden.de\/wordpress\/wp-json\/wp\/v2\/comments?post=14330"}],"version-history":[{"count":4,"href":"https:\/\/max-emden.de\/wordpress\/wp-json\/wp\/v2\/posts\/14330\/revisions"}],"predecessor-version":[{"id":14338,"href":"https:\/\/max-emden.de\/wordpress\/wp-json\/wp\/v2\/posts\/14330\/revisions\/14338"}],"wp:featuredmedia":[{"embeddable":true,"href":"https:\/\/max-emden.de\/wordpress\/wp-json\/wp\/v2\/media\/14332"}],"wp:attachment":[{"href":"https:\/\/max-emden.de\/wordpress\/wp-json\/wp\/v2\/media?parent=14330"}],"wp:term":[{"taxonomy":"category","embeddable":true,"href":"https:\/\/max-emden.de\/wordpress\/wp-json\/wp\/v2\/categories?post=14330"},{"taxonomy":"post_tag","embeddable":true,"href":"https:\/\/max-emden.de\/wordpress\/wp-json\/wp\/v2\/tags?post=14330"}],"curies":[{"name":"wp","href":"https:\/\/api.w.org\/{rel}","templated":true}]}}