{"id":14356,"date":"2022-07-07T18:04:58","date_gmt":"2022-07-07T16:04:58","guid":{"rendered":"https:\/\/max-emden.de\/wordpress\/?p=14356"},"modified":"2022-07-12T18:06:21","modified_gmt":"2022-07-12T16:06:21","slug":"jahrgang-10-stimmt-fuer-den-engelke-kurzfilmwettbewerb-ab","status":"publish","type":"post","link":"https:\/\/max-emden.de\/wordpress\/jahrgang-10-stimmt-fuer-den-engelke-kurzfilmwettbewerb-ab\/","title":{"rendered":"Jahrgang 10 stimmt f\u00fcr den Engelke &#8211; Kurzfilmwettbewerb ab"},"content":{"rendered":"<p>Am 10. Juni besuchte der zehnte Jahrgang das Emder Filmfest um sich ausgew\u00e4hlte Kurzfilme anzusehen und \u00fcber den Sieger abzustimmen.<\/p>\n<p>Den \u201eEngelke Kurzfilmpreis\u201c der Sparkasse Emden, der mit 2500 Euro dotiert ist, erhielt \u201eGet Home Safe\u201c der deutschen Regisseurin\u00a0Tamara Deni\u0107. Der Thriller vermittele eindringlich die Bedrohung einer jungen Frau auf dem n\u00e4chtlichen Heimweg, hie\u00df es in der Begr\u00fcndung.<\/p>\n","protected":false},"excerpt":{"rendered":"<p>Am 10. Juni besuchte der zehnte Jahrgang das Emder Filmfest um sich ausgew\u00e4hlte Kurzfilme anzusehen und \u00fcber den Sieger abzustimmen. Den \u201eEngelke Kurzfilmpreis\u201c der Sparkasse<a class=\"moretag\" href=\"https:\/\/max-emden.de\/wordpress\/jahrgang-10-stimmt-fuer-den-engelke-kurzfilmwettbewerb-ab\/\"> [&#8230;]<\/a><\/p>\n","protected":false},"author":1,"featured_media":14357,"comment_status":"closed","ping_status":"closed","sticky":false,"template":"","format":"standard","meta":{"footnotes":""},"categories":[2],"tags":[],"class_list":["post-14356","post","type-post","status-publish","format-standard","has-post-thumbnail","hentry","category-allgemein"],"_links":{"self":[{"href":"https:\/\/max-emden.de\/wordpress\/wp-json\/wp\/v2\/posts\/14356","targetHints":{"allow":["GET"]}}],"collection":[{"href":"https:\/\/max-emden.de\/wordpress\/wp-json\/wp\/v2\/posts"}],"about":[{"href":"https:\/\/max-emden.de\/wordpress\/wp-json\/wp\/v2\/types\/post"}],"author":[{"embeddable":true,"href":"https:\/\/max-emden.de\/wordpress\/wp-json\/wp\/v2\/users\/1"}],"replies":[{"embeddable":true,"href":"https:\/\/max-emden.de\/wordpress\/wp-json\/wp\/v2\/comments?post=14356"}],"version-history":[{"count":1,"href":"https:\/\/max-emden.de\/wordpress\/wp-json\/wp\/v2\/posts\/14356\/revisions"}],"predecessor-version":[{"id":14358,"href":"https:\/\/max-emden.de\/wordpress\/wp-json\/wp\/v2\/posts\/14356\/revisions\/14358"}],"wp:featuredmedia":[{"embeddable":true,"href":"https:\/\/max-emden.de\/wordpress\/wp-json\/wp\/v2\/media\/14357"}],"wp:attachment":[{"href":"https:\/\/max-emden.de\/wordpress\/wp-json\/wp\/v2\/media?parent=14356"}],"wp:term":[{"taxonomy":"category","embeddable":true,"href":"https:\/\/max-emden.de\/wordpress\/wp-json\/wp\/v2\/categories?post=14356"},{"taxonomy":"post_tag","embeddable":true,"href":"https:\/\/max-emden.de\/wordpress\/wp-json\/wp\/v2\/tags?post=14356"}],"curies":[{"name":"wp","href":"https:\/\/api.w.org\/{rel}","templated":true}]}}