{"id":14587,"date":"2022-09-28T21:32:41","date_gmt":"2022-09-28T19:32:41","guid":{"rendered":"https:\/\/max-emden.de\/wordpress\/?p=14587"},"modified":"2022-10-31T14:34:43","modified_gmt":"2022-10-31T13:34:43","slug":"walzer-ins-nirgendwo-bewegendes-theater-ueber-den-krieg","status":"publish","type":"post","link":"https:\/\/max-emden.de\/wordpress\/walzer-ins-nirgendwo-bewegendes-theater-ueber-den-krieg\/","title":{"rendered":"&#8222;Walzer ins Nirgendwo&#8220; &#8211; bewegendes Theater \u00fcber den Krieg"},"content":{"rendered":"<figure id=\"attachment_14615\" aria-describedby=\"caption-attachment-14615\" style=\"width: 1364px\" class=\"wp-caption alignnone\"><a href=\"https:\/\/max-emden.de\/wordpress\/wp-content\/uploads\/2022\/09\/Walzer-ins-Nirgendwo-LR-3.jpg\"><img fetchpriority=\"high\" decoding=\"async\" class=\"wp-image-14615 size-full\" src=\"https:\/\/max-emden.de\/wordpress\/wp-content\/uploads\/2022\/09\/Walzer-ins-Nirgendwo-LR-3.jpg\" alt=\"\" width=\"1364\" height=\"768\" srcset=\"https:\/\/max-emden.de\/wordpress\/wp-content\/uploads\/2022\/09\/Walzer-ins-Nirgendwo-LR-3.jpg 1364w, https:\/\/max-emden.de\/wordpress\/wp-content\/uploads\/2022\/09\/Walzer-ins-Nirgendwo-LR-3-300x169.jpg 300w, https:\/\/max-emden.de\/wordpress\/wp-content\/uploads\/2022\/09\/Walzer-ins-Nirgendwo-LR-3-1024x577.jpg 1024w, https:\/\/max-emden.de\/wordpress\/wp-content\/uploads\/2022\/09\/Walzer-ins-Nirgendwo-LR-3-768x432.jpg 768w\" sizes=\"(max-width: 1364px) 100vw, 1364px\" \/><\/a><figcaption id=\"caption-attachment-14615\" class=\"wp-caption-text\"><em>Marie-Madeleine Krause und Willi Schl\u00fcter begeisterten ihr Publikum<\/em><\/figcaption><\/figure>\n<p>Und pl\u00f6tzlich ist alles anders&#8230; In seinem neuen St\u00fcck &#8222;Walzer ins Nirgendwo&#8220; l\u00e4sst Antonio Ricc\u00f2 einen Gro\u00dfvater, der auf der Suche nach seiner Enkelin ist, und eine junge Schwangere aufeinandertreffen, deren Leben sich durch den Krieg vollst\u00e4ndig ver\u00e4ndert hat. In einer U-Bahn-Station treffen die beiden Charaktere, die so unterschiedlich sind, aufeinander &#8211; und stellen fest, dass sie die Angst um ihre Lieben, ihr Heim, ihre Zukunft sie eint.<\/p>\n<figure id=\"attachment_14613\" aria-describedby=\"caption-attachment-14613\" style=\"width: 1364px\" class=\"wp-caption alignnone\"><a href=\"https:\/\/max-emden.de\/wordpress\/wp-content\/uploads\/2022\/09\/Walzer-ins-Nirgendwo-LR-2.jpg\"><img decoding=\"async\" class=\"wp-image-14613 size-full\" src=\"https:\/\/max-emden.de\/wordpress\/wp-content\/uploads\/2022\/09\/Walzer-ins-Nirgendwo-LR-2.jpg\" alt=\"\" width=\"1364\" height=\"768\" srcset=\"https:\/\/max-emden.de\/wordpress\/wp-content\/uploads\/2022\/09\/Walzer-ins-Nirgendwo-LR-2.jpg 1364w, https:\/\/max-emden.de\/wordpress\/wp-content\/uploads\/2022\/09\/Walzer-ins-Nirgendwo-LR-2-300x169.jpg 300w, https:\/\/max-emden.de\/wordpress\/wp-content\/uploads\/2022\/09\/Walzer-ins-Nirgendwo-LR-2-1024x577.jpg 1024w, https:\/\/max-emden.de\/wordpress\/wp-content\/uploads\/2022\/09\/Walzer-ins-Nirgendwo-LR-2-768x432.jpg 768w\" sizes=\"(max-width: 1364px) 100vw, 1364px\" \/><\/a><figcaption id=\"caption-attachment-14613\" class=\"wp-caption-text\"><em>Walzer, w\u00e4hrend oben die Bomben einschlagen<\/em><\/figcaption><\/figure>\n<p>Antonio Ricc\u00f2 hat in &#8222;Walzer ins Nirgendwo&#8220; viele klassische Songs der Friedensbewegung eingebaut, die dem Zuschauer immer wieder Zeit geben, seinen eigenen Gedanken und Gef\u00fchlen nachzuh\u00e4ngen. Besonders beeindruckend: W\u00e4hrend das Schauspieler-Duo im Vordergrund sitzt, wird zu Fabrizio de Andr\u00e9s &#8222;La guerra di Piero&#8220; der deutsche Text des Antikriegsliedes projiziert.<\/p>\n<p>Gemeinsam mit Willi Schl\u00fcter, der bereits in &#8222;Das Boot ist voll&#8220; in der Neuen Kirche und in der Johannes \u00e0 Lasco-Bibliothek begeisterte, hat Ricc\u00f2 ein St\u00fcck geschrieben, das zwar vom Ukraine-Krieg inspiriert wurde, doch vielmehr die universelle Folgen des Krieges zeigt. Mit Schl\u00fcter sorgt Marie-Madeleine Krause f\u00fcr ein intensives Theatererlebnis und zeigt zudem, dass sie nicht nur eine sehr gute Schauspielerin ist, sondern auch eine exzellente Gitarristin mit einer phantastischen Gesangsstimme.<\/p>\n<figure id=\"attachment_14612\" aria-describedby=\"caption-attachment-14612\" style=\"width: 1456px\" class=\"wp-caption alignnone\"><a href=\"https:\/\/max-emden.de\/wordpress\/wp-content\/uploads\/2022\/09\/Walzer-ins-Nirgendwo-LR-4.jpg\"><img decoding=\"async\" class=\"wp-image-14612 size-full\" src=\"https:\/\/max-emden.de\/wordpress\/wp-content\/uploads\/2022\/09\/Walzer-ins-Nirgendwo-LR-4.jpg\" alt=\"\" width=\"1456\" height=\"768\" srcset=\"https:\/\/max-emden.de\/wordpress\/wp-content\/uploads\/2022\/09\/Walzer-ins-Nirgendwo-LR-4.jpg 1456w, https:\/\/max-emden.de\/wordpress\/wp-content\/uploads\/2022\/09\/Walzer-ins-Nirgendwo-LR-4-300x158.jpg 300w, https:\/\/max-emden.de\/wordpress\/wp-content\/uploads\/2022\/09\/Walzer-ins-Nirgendwo-LR-4-1024x540.jpg 1024w, https:\/\/max-emden.de\/wordpress\/wp-content\/uploads\/2022\/09\/Walzer-ins-Nirgendwo-LR-4-768x405.jpg 768w\" sizes=\"(max-width: 1456px) 100vw, 1456px\" \/><\/a><figcaption id=\"caption-attachment-14612\" class=\"wp-caption-text\"><em>La guerra di Piero: Fabrizio Andr\u00e9s Antikriegslied in deutscher \u00dcbersetzung als Hintergrund f\u00fcr das Spiel der in die U-Bahnstation Geflohenen<\/em><\/figcaption><\/figure>\n<p>Nach einer Schulauff\u00fchrung f\u00fcr die Jahrg\u00e4nge 9 &#8211; 11 am Morgen haben Schl\u00fcter und Krause vom Theater in der List auch am Abend ihre Zuschauer begeistert und zum Nachdenken angeregt.<\/p>\n<p>In einer abschlie\u00dfenden Gespr\u00e4chsrunde gingen die Schulsprecher Tammo Petersen und Mia Bredebusch auf die Situation der ukrainischen Gefl\u00fcchteten in Emden ein. Constantin Strauch, Leiter des Fachdienstes Wohnen, Sebastian Janssen, Jobcenter Emden, und Edvija Imamovic von der Koordinierungsstelle f\u00fcr Migration und Teilhabe berichteten von der sich versch\u00e4rfenden Lage, die auch in Emden dazu gef\u00fchrt hat, dass das eigentlich angestrebte Ziel, den Gefl\u00fcchteten bald nach ihrer Ankunft eine eigene Wohnung zu vermitteln, nicht oder nur noch unter gro\u00dfen Schwierigkeiten erreicht werden kann. Aus diesem Grund ist nach der ehemaligen Barenburgschule nun die Nordseehalle zu einer Sammelunterkunft umfunktioniert worden. Dort werden bis zu 350 Menschen untergebracht werden &#8211; unter sehr schwierigen Bedingungen. Um diesen Menschen eine bessere Unterbringung zu erm\u00f6glichen, appelierte Constantin Strauch an die Anwesenden, Wohnraum, der angemietet werden kann, zur Verf\u00fcgung zu stellen.<\/p>\n<figure id=\"attachment_14614\" aria-describedby=\"caption-attachment-14614\" style=\"width: 1364px\" class=\"wp-caption alignnone\"><a href=\"https:\/\/max-emden.de\/wordpress\/wp-content\/uploads\/2022\/09\/Walzer-ins-Nirgendwo-LR-5.jpg\"><img loading=\"lazy\" decoding=\"async\" class=\"wp-image-14614 size-full\" src=\"https:\/\/max-emden.de\/wordpress\/wp-content\/uploads\/2022\/09\/Walzer-ins-Nirgendwo-LR-5.jpg\" alt=\"\" width=\"1364\" height=\"768\" srcset=\"https:\/\/max-emden.de\/wordpress\/wp-content\/uploads\/2022\/09\/Walzer-ins-Nirgendwo-LR-5.jpg 1364w, https:\/\/max-emden.de\/wordpress\/wp-content\/uploads\/2022\/09\/Walzer-ins-Nirgendwo-LR-5-300x169.jpg 300w, https:\/\/max-emden.de\/wordpress\/wp-content\/uploads\/2022\/09\/Walzer-ins-Nirgendwo-LR-5-1024x577.jpg 1024w, https:\/\/max-emden.de\/wordpress\/wp-content\/uploads\/2022\/09\/Walzer-ins-Nirgendwo-LR-5-768x432.jpg 768w\" sizes=\"(max-width: 1364px) 100vw, 1364px\" \/><\/a><figcaption id=\"caption-attachment-14614\" class=\"wp-caption-text\"><em>Mia Bredebusch und Tammo Petersen sprachen nach dem St\u00fcck mit Edvija Imamovic, Sebastian Janssen und Constantin Strauch (v.l.)<\/em><\/figcaption><\/figure>\n<p>Eine weitere Herausforderung stelle der schnelle Zugang zu \u00e4rztlicher Versorgung dar, wie Sebastian Janssen ausf\u00fchrte. Viele Menschen, die jetzt ankommen, seien von der Flucht und der Situation insgesamt gezeichnet und ben\u00f6tigten nicht selten medizinische Versorgung. Deshalb sei es wichtig, schnell Krankenversicherungsschutz zu erhalten. Um dies schnell zu gew\u00e4hrleisten, hat das Jobcenter eine Au\u00dfenstelle in der Nordseehalle eingerichtet.<\/p>\n<p>Auch Edvija Imamovic erl\u00e4uterte, dass die Ankunft der vielen Menschen, die vor dem Krieg in ihrer Heimat fliehen m\u00fcssen, eine gro\u00dfe Herausforderung darstelle. Im Unterschied zu 2015 seien dieses Mal vorwiegend Frauen unter den Gefl\u00fcchteten, die mit ihren Kindern nach Emden kommen. Als Schulpflichtige w\u00fcrden sie baldm\u00f6glichst an die Emder Schulen vermittelt werden, um Unterricht zu erhalten. Insgesamt sei die Situation sehr schwierig, da ein Ende der Flucht aus der Ukraine nicht abzusehen sei. Umso wertvoller sei deshalb die gro\u00dfe Hilfsbereitschaft, die auch dieses Mal zu verzeichnen sei. Ganz besonders hob Imamovic die vielen Freiwilligen aus den ehemaligen Sowjetrepubliken hervor, die mit ihren Sprachkenntnissen wichtige Unterst\u00fctzung leisteten.<\/p>\n<p>Eine M\u00f6glichkeit, Gefl\u00fcchtete selbst zu unterst\u00fctzen, bietet <a class=\"qi72231t nu7423ey n3hqoq4p r86q59rh b3qcqh3k fq87ekyn bdao358l fsf7x5fv rse6dlih s5oniofx m8h3af8h l7ghb35v kjdc1dyq kmwttqpk srn514ro oxkhqvkx rl78xhln nch0832m cr00lzj9 rn8ck1ys s3jn8y49 icdlwmnq _aa9_ _a6hd\" tabindex=\"0\" role=\"link\" href=\"https:\/\/emden-hilft.de\/\">#Emdenhilft<\/a>. Auch die Spenden des Abends gehen an\u00a0<a class=\"qi72231t nu7423ey n3hqoq4p r86q59rh b3qcqh3k fq87ekyn bdao358l fsf7x5fv rse6dlih s5oniofx m8h3af8h l7ghb35v kjdc1dyq kmwttqpk srn514ro oxkhqvkx rl78xhln nch0832m cr00lzj9 rn8ck1ys s3jn8y49 icdlwmnq _aa9_ _a6hd\" tabindex=\"0\" role=\"link\" href=\"https:\/\/www.instagram.com\/explore\/tags\/emdenhilft\/\">#Emdenhilft<\/a> &#8211; daf\u00fcr vielen Dank!<\/p>\n<p>Herzlichen Dank auch an den F\u00f6rderverein des Max-Windm\u00fcller-Gymnasiums, den Bauverein Neue Kirche und Kuhzifer e.V., die die Veranstaltungen erm\u00f6glicht haben!<\/p>\n<p>&nbsp;<\/p>\n","protected":false},"excerpt":{"rendered":"<p>Und pl\u00f6tzlich ist alles anders&#8230; In seinem neuen St\u00fcck &#8222;Walzer ins Nirgendwo&#8220; l\u00e4sst Antonio Ricc\u00f2 einen Gro\u00dfvater, der auf der Suche nach seiner Enkelin ist,<a class=\"moretag\" href=\"https:\/\/max-emden.de\/wordpress\/walzer-ins-nirgendwo-bewegendes-theater-ueber-den-krieg\/\"> [&#8230;]<\/a><\/p>\n","protected":false},"author":3,"featured_media":14612,"comment_status":"closed","ping_status":"closed","sticky":false,"template":"","format":"standard","meta":{"footnotes":""},"categories":[89],"tags":[96],"class_list":["post-14587","post","type-post","status-publish","format-standard","has-post-thumbnail","hentry","category-unesco","tag-aktuell"],"_links":{"self":[{"href":"https:\/\/max-emden.de\/wordpress\/wp-json\/wp\/v2\/posts\/14587","targetHints":{"allow":["GET"]}}],"collection":[{"href":"https:\/\/max-emden.de\/wordpress\/wp-json\/wp\/v2\/posts"}],"about":[{"href":"https:\/\/max-emden.de\/wordpress\/wp-json\/wp\/v2\/types\/post"}],"author":[{"embeddable":true,"href":"https:\/\/max-emden.de\/wordpress\/wp-json\/wp\/v2\/users\/3"}],"replies":[{"embeddable":true,"href":"https:\/\/max-emden.de\/wordpress\/wp-json\/wp\/v2\/comments?post=14587"}],"version-history":[{"count":5,"href":"https:\/\/max-emden.de\/wordpress\/wp-json\/wp\/v2\/posts\/14587\/revisions"}],"predecessor-version":[{"id":14618,"href":"https:\/\/max-emden.de\/wordpress\/wp-json\/wp\/v2\/posts\/14587\/revisions\/14618"}],"wp:featuredmedia":[{"embeddable":true,"href":"https:\/\/max-emden.de\/wordpress\/wp-json\/wp\/v2\/media\/14612"}],"wp:attachment":[{"href":"https:\/\/max-emden.de\/wordpress\/wp-json\/wp\/v2\/media?parent=14587"}],"wp:term":[{"taxonomy":"category","embeddable":true,"href":"https:\/\/max-emden.de\/wordpress\/wp-json\/wp\/v2\/categories?post=14587"},{"taxonomy":"post_tag","embeddable":true,"href":"https:\/\/max-emden.de\/wordpress\/wp-json\/wp\/v2\/tags?post=14587"}],"curies":[{"name":"wp","href":"https:\/\/api.w.org\/{rel}","templated":true}]}}