{"id":14603,"date":"2022-09-28T19:09:33","date_gmt":"2022-09-28T17:09:33","guid":{"rendered":"https:\/\/max-emden.de\/wordpress\/?p=14603"},"modified":"2022-10-11T14:05:52","modified_gmt":"2022-10-11T12:05:52","slug":"neu-am-max-unsere-schulsozialarbeiterin-katrin-sawyer","status":"publish","type":"post","link":"https:\/\/max-emden.de\/wordpress\/neu-am-max-unsere-schulsozialarbeiterin-katrin-sawyer\/","title":{"rendered":"Neu am Max: Unsere Schulsozialarbeiterin Katrin Sawyer"},"content":{"rendered":"<div class=\"I_ZkbNhI D_FY W_6D6F\" data-test-id=\"message-view-body\">\n<div class=\"msg-body P_wpofO mq_AS\" data-test-id=\"message-view-body-content\">\n<div dir=\"ltr\">\n<figure id=\"attachment_14604\" aria-describedby=\"caption-attachment-14604\" style=\"width: 768px\" class=\"wp-caption alignnone\"><a href=\"https:\/\/max-emden.de\/wordpress\/wp-content\/uploads\/2022\/09\/K1024_Katrin-Sawyer.jpg\"><img fetchpriority=\"high\" decoding=\"async\" class=\"wp-image-14604 size-full\" src=\"https:\/\/max-emden.de\/wordpress\/wp-content\/uploads\/2022\/09\/K1024_Katrin-Sawyer.jpg\" alt=\"\" width=\"768\" height=\"479\" srcset=\"https:\/\/max-emden.de\/wordpress\/wp-content\/uploads\/2022\/09\/K1024_Katrin-Sawyer.jpg 768w, https:\/\/max-emden.de\/wordpress\/wp-content\/uploads\/2022\/09\/K1024_Katrin-Sawyer-300x187.jpg 300w\" sizes=\"(max-width: 768px) 100vw, 768px\" \/><\/a><figcaption id=\"caption-attachment-14604\" class=\"wp-caption-text\"><em>Verst\u00e4rkt das Max-Team: Katrin Sawyer ist seit Anfang September bei uns<\/em><\/figcaption><\/figure>\n<\/div>\n<div class=\"jb_0 X_6MGW N_6Fd5\">\n<div>\n<div dir=\"ltr\"><\/div>\n<div dir=\"ltr\"><\/div>\n<div dir=\"ltr\">Seit kurzem hat das Max-Windm\u00fcller-Gymnasium eine neue Mitarbeiterin: Katrin Sawyer verst\u00e4rkt als Schulsozialarbeiterin unser Team!<\/div>\n<div dir=\"ltr\">Hier stellt sie sich vor:<\/div>\n<div dir=\"ltr\"><\/div>\n<div dir=\"ltr\"><em>Liebe Sch\u00fcler*innen, Liebe Eltern, Liebe Kolleg*innen,<\/em><\/div>\n<div dir=\"ltr\"><\/div>\n<div dir=\"ltr\"><em>Mein Name ist Katrin Sawyer und ich bin seit dem 1.09.22 mit 20,5 Stunden als Schulsozialarbeiterin am Max-Windm\u00fcller-Gymnasium t\u00e4tig.<\/em><\/div>\n<div dir=\"ltr\"><\/div>\n<div dir=\"ltr\"><em>Ich freue mich sehr \u00fcber die neue Aufgabe und m\u00f6chte mich kurz vorstellen: Ich bin seit 2016 bei der Outlaw GGmbH , einem Jugendhilfetr\u00e4ger in Emden, angestellt und war dort in der Familienhilfe, an der Grundschule Gr\u00fcner Weg und als Teamleitung in der Wohngruppe t\u00e4tig. Davor war ich einige Jahre in einer jugendgerichtlichen Unterbringung in Hamburg sowie in mehren Jugendzentren und station\u00e4ren Einrichtungen der Jugendhilfe in Oldenburg und Osnabr\u00fcck besch\u00e4ftigt.<\/em><\/div>\n<div dir=\"ltr\"><\/div>\n<div dir=\"ltr\"><em>Schulsozialarbeit ist ein Angebot der Jugendhilfe und richtet sich haupts\u00e4chlich an euch Sch\u00fcler*innen, aber auch nat\u00fcrlich an Sie als Eltern und das gesamte Lehrerkollegium. Das Angebot ist freiwillig, kostenlos und vertraulich. Ich biete euch bzw. Ihnen Gespr\u00e4che und Beratungen an, die selbstverst\u00e4ndlich der Schweigepflicht unterliegen.<\/em><\/div>\n<\/div>\n<\/div>\n<div dir=\"ltr\"><\/div>\n<div class=\"jb_0 X_6MGW N_6Fd5\">\n<div>\n<div dir=\"ltr\"><em>Ziel meiner Arbeit ist es, die Sch\u00fclerinnen und Sch\u00fcler in ihrer individuellen , sozialen und schulischen Entwicklung zu begleiten und zu f\u00f6rdern. Bei Schwierigkeiten und Problemen d\u00fcrft ihr bzw. d\u00fcrfen Sie sich jeder Zeit an mich wenden, damit wir gemeinsam nach L\u00f6sungen suchen k\u00f6nnen. Im Rahmen vermittelnder Gespr\u00e4che biete ich Unterst\u00fctzung bei der Bew\u00e4ltigung unterschiedlicher Problemsituationen an. <\/em><\/div>\n<div dir=\"ltr\"><\/div>\n<div dir=\"ltr\"><em>Ich arbeite eng mit anderen Institutionen und Einrichtungen zusammen, um in Krisensituationen ggf. auch Hilfen au\u00dferhalb der Schule zu vermitteln.<\/em><\/div>\n<div dir=\"ltr\"><\/div>\n<div dir=\"ltr\"><em>Mein B\u00fcro ist im Raum des Beratungsteams. Die genauen Arbeitszeiten m\u00fcssen noch festgelegt werden. Aktuell bin ich montags, dienstags und freitags von 8.30 Uhr bis 12.30 Uhr und dienstags und mittwochs von 11.00 bis 13.30 dort anzutreffen. Oder aber ihr k\u00f6nnt\/Sie k\u00f6nnen mir per Mail \u00fcber Iserv schreiben.<\/em><\/div>\n<div dir=\"ltr\"><\/div>\n<div dir=\"ltr\"><em>Ich freue mich darauf euch bzw. Sie kennenzulernen!<\/em><\/div>\n<div dir=\"ltr\"><\/div>\n<div dir=\"ltr\"><em>Liebe Gr\u00fc\u00dfe<\/em><\/div>\n<div dir=\"ltr\"><em>Katrin Sawyer (Sozialp\u00e4dagogin)<\/em><\/div>\n<\/div>\n<\/div>\n<\/div>\n<div class=\"jb_0 X_6MGW N_6Fd5\"><\/div>\n<\/div>\n","protected":false},"excerpt":{"rendered":"<p>Seit kurzem hat das Max-Windm\u00fcller-Gymnasium eine neue Mitarbeiterin: Katrin Sawyer verst\u00e4rkt als Schulsozialarbeiterin unser Team! Hier stellt sie sich vor: Liebe Sch\u00fcler*innen, Liebe Eltern, Liebe<a class=\"moretag\" href=\"https:\/\/max-emden.de\/wordpress\/neu-am-max-unsere-schulsozialarbeiterin-katrin-sawyer\/\"> [&#8230;]<\/a><\/p>\n","protected":false},"author":3,"featured_media":14604,"comment_status":"closed","ping_status":"closed","sticky":false,"template":"","format":"standard","meta":{"footnotes":""},"categories":[2],"tags":[96],"class_list":["post-14603","post","type-post","status-publish","format-standard","has-post-thumbnail","hentry","category-allgemein","tag-aktuell"],"_links":{"self":[{"href":"https:\/\/max-emden.de\/wordpress\/wp-json\/wp\/v2\/posts\/14603","targetHints":{"allow":["GET"]}}],"collection":[{"href":"https:\/\/max-emden.de\/wordpress\/wp-json\/wp\/v2\/posts"}],"about":[{"href":"https:\/\/max-emden.de\/wordpress\/wp-json\/wp\/v2\/types\/post"}],"author":[{"embeddable":true,"href":"https:\/\/max-emden.de\/wordpress\/wp-json\/wp\/v2\/users\/3"}],"replies":[{"embeddable":true,"href":"https:\/\/max-emden.de\/wordpress\/wp-json\/wp\/v2\/comments?post=14603"}],"version-history":[{"count":4,"href":"https:\/\/max-emden.de\/wordpress\/wp-json\/wp\/v2\/posts\/14603\/revisions"}],"predecessor-version":[{"id":14608,"href":"https:\/\/max-emden.de\/wordpress\/wp-json\/wp\/v2\/posts\/14603\/revisions\/14608"}],"wp:featuredmedia":[{"embeddable":true,"href":"https:\/\/max-emden.de\/wordpress\/wp-json\/wp\/v2\/media\/14604"}],"wp:attachment":[{"href":"https:\/\/max-emden.de\/wordpress\/wp-json\/wp\/v2\/media?parent=14603"}],"wp:term":[{"taxonomy":"category","embeddable":true,"href":"https:\/\/max-emden.de\/wordpress\/wp-json\/wp\/v2\/categories?post=14603"},{"taxonomy":"post_tag","embeddable":true,"href":"https:\/\/max-emden.de\/wordpress\/wp-json\/wp\/v2\/tags?post=14603"}],"curies":[{"name":"wp","href":"https:\/\/api.w.org\/{rel}","templated":true}]}}