{"id":14620,"date":"2022-09-29T18:59:55","date_gmt":"2022-09-29T16:59:55","guid":{"rendered":"https:\/\/max-emden.de\/wordpress\/?p=14620"},"modified":"2022-10-31T14:34:58","modified_gmt":"2022-10-31T13:34:58","slug":"aloha-reinke-eiben-startet-beim-ironman-auf-hawaii","status":"publish","type":"post","link":"https:\/\/max-emden.de\/wordpress\/aloha-reinke-eiben-startet-beim-ironman-auf-hawaii\/","title":{"rendered":"Aloha &#8211; Reinke Eiben startet beim Ironman auf Hawaii!"},"content":{"rendered":"<p>Das gab es bislang noch nicht am Max: Unser Sportlehrer Reinke Eiben startet in diesem Jahr beim Ironman-Triathlon auf Hawaii! Ein besonderes Erlebnis, \u00fcber das wir nat\u00fcrlich gerne berichten:<\/p>\n<figure id=\"attachment_14623\" aria-describedby=\"caption-attachment-14623\" style=\"width: 1599px\" class=\"wp-caption alignnone\"><a href=\"https:\/\/max-emden.de\/wordpress\/wp-content\/uploads\/2022\/09\/Ironman-Eiben-2022-1.jpeg\"><img fetchpriority=\"high\" decoding=\"async\" class=\"wp-image-14623 size-full\" src=\"https:\/\/max-emden.de\/wordpress\/wp-content\/uploads\/2022\/09\/Ironman-Eiben-2022-1.jpeg\" alt=\"\" width=\"1599\" height=\"1200\" srcset=\"https:\/\/max-emden.de\/wordpress\/wp-content\/uploads\/2022\/09\/Ironman-Eiben-2022-1.jpeg 1599w, https:\/\/max-emden.de\/wordpress\/wp-content\/uploads\/2022\/09\/Ironman-Eiben-2022-1-300x225.jpeg 300w, https:\/\/max-emden.de\/wordpress\/wp-content\/uploads\/2022\/09\/Ironman-Eiben-2022-1-1024x768.jpeg 1024w, https:\/\/max-emden.de\/wordpress\/wp-content\/uploads\/2022\/09\/Ironman-Eiben-2022-1-768x576.jpeg 768w, https:\/\/max-emden.de\/wordpress\/wp-content\/uploads\/2022\/09\/Ironman-Eiben-2022-1-1536x1153.jpeg 1536w\" sizes=\"(max-width: 1599px) 100vw, 1599px\" \/><\/a><figcaption id=\"caption-attachment-14623\" class=\"wp-caption-text\"><em>Auf nach Hawaii: Reinke Eiben startet beim legend\u00e4ren Triathlon am anderen Ende der Welt<\/em><\/figcaption><\/figure>\n<p><em>Liebe Sch\u00fclerinnen und Sch\u00fcler,<\/em><\/p>\n<p><em>da ich in letzter Zeit immer h\u00e4ufiger gefragt wurde, wann und wie das nun mit meinem Wettkampf auf Hawaii so l\u00e4uft und es scheinbar ein gro\u00dfes Interesse an dieser sportlichen Reise gibt, habe ich mich dazu entschlossen, die Erlebnisse hier und auf Instagram in regelm\u00e4\u00dfigen Abst\u00e4nden mit euch zu teilen.<\/em><\/p>\n<p><em>W\u00e4hrend ihr euch also auf der Insel Borkum befunden h\u00e4ttet, trete ich meinen Weg zu einer anderen, allerdings etwas weiter entfernten Insel an: Big Island in Hawaii. Weiter weg geht es eigentlich gar nicht: Knapp 27 Stunden Anreise liegen \u2013 mit einer Zwischen\u00fcbernachtung am Frankfurter Flughafen &#8211; vor mir. 18 Stunden reine Flugzeit. Zw\u00f6lf Stunden Zeitverschiebung. Wenn es hier abends um 18:00 Uhr dunkel wird, beginnt in Hawaii um 6:00 Uhr morgens der Tag. Also eine Reise sprichw\u00f6rtlich ans andere Ende der Welt.<\/em><\/p>\n<figure id=\"attachment_14624\" aria-describedby=\"caption-attachment-14624\" style=\"width: 878px\" class=\"wp-caption alignnone\"><a href=\"https:\/\/max-emden.de\/wordpress\/wp-content\/uploads\/2022\/09\/Ironman-Eiben-2022.jpeg\"><img decoding=\"async\" class=\"wp-image-14624 size-full\" src=\"https:\/\/max-emden.de\/wordpress\/wp-content\/uploads\/2022\/09\/Ironman-Eiben-2022.jpeg\" alt=\"\" width=\"878\" height=\"867\" srcset=\"https:\/\/max-emden.de\/wordpress\/wp-content\/uploads\/2022\/09\/Ironman-Eiben-2022.jpeg 878w, https:\/\/max-emden.de\/wordpress\/wp-content\/uploads\/2022\/09\/Ironman-Eiben-2022-300x296.jpeg 300w, https:\/\/max-emden.de\/wordpress\/wp-content\/uploads\/2022\/09\/Ironman-Eiben-2022-768x758.jpeg 768w\" sizes=\"(max-width: 878px) 100vw, 878px\" \/><\/a><figcaption id=\"caption-attachment-14624\" class=\"wp-caption-text\"><em>Unerwartete Qualifikation<\/em><\/figcaption><\/figure>\n<p><em>Dass es jetzt endlich so weit ist, wirkt gerade wie ein kleines Wunder. Nachdem ich letztes Jahr im Oktober von meiner Qualifikation erfuhr (man muss bei einem Ironman in seiner Altersklasse eine gewisse Platzierung erreichen, um sich f\u00fcr die sogenannte Ironman-WM in Hawaii zu qualifizieren \u2013 bei mir reichte ein f\u00fcnfter Platz in Hamburg ) stolperte ich von einer Krankheit in die n\u00e4chste. Meistens in den Ferien, also dann, wenn ich viel Zeit zum Trainieren gehabt h\u00e4tte. Den H\u00f6hepunkt bildeten ein Infekt und eine Coronainfektion im Mai und Juni \u2013 das waren fast zwei Monate ohne Training, nachdem es vorher schon gar nicht gelaufen war. Oft genug sa\u00df ich vor dem Rechner und hatte den Finger auf dem \u201eAbmelde-Button\u201c, weil ich keinen Sinn mehr in einem Start gesehen hatte. H\u00e4tte ich nicht bereits die Startgeb\u00fchr und Reisekosten gezahlt, ich w\u00e4re wohl nicht geflogen.<\/em><\/p>\n<p><em>Im Nachhinein w\u00e4re das ein gro\u00dfer Fehler gewesen, denn ich konnte die letzten drei Monate doch \u00fcberraschend schnell einiges an Fitness aufbauen und in den letzten Wochen wieder Einheiten trainieren, die ich im Juli im Traum nicht \u00fcberstanden h\u00e4tte. Zu meiner Wunschform fehlt mir zwar noch einiges (drei Monate w\u00e4ren optimal), die Fortschritte waren dann aber doch gr\u00f6\u00dfer als gedacht. Und hier steckt auch eine wichtige Message: Es lohnt sich f\u00fcr seinen Traum zu k\u00e4mpfen \u2013 egal, wie weit entfernt dieser auch scheinen mag!<\/em><\/p>\n<figure id=\"attachment_14625\" aria-describedby=\"caption-attachment-14625\" style=\"width: 1200px\" class=\"wp-caption alignnone\"><a href=\"https:\/\/max-emden.de\/wordpress\/wp-content\/uploads\/2022\/09\/Ironman-Eiben-2022-2-1.jpeg\"><img decoding=\"async\" class=\"wp-image-14625 size-full\" src=\"https:\/\/max-emden.de\/wordpress\/wp-content\/uploads\/2022\/09\/Ironman-Eiben-2022-2-1.jpeg\" alt=\"\" width=\"1200\" height=\"1599\" srcset=\"https:\/\/max-emden.de\/wordpress\/wp-content\/uploads\/2022\/09\/Ironman-Eiben-2022-2-1.jpeg 1200w, https:\/\/max-emden.de\/wordpress\/wp-content\/uploads\/2022\/09\/Ironman-Eiben-2022-2-1-225x300.jpeg 225w, https:\/\/max-emden.de\/wordpress\/wp-content\/uploads\/2022\/09\/Ironman-Eiben-2022-2-1-768x1023.jpeg 768w, https:\/\/max-emden.de\/wordpress\/wp-content\/uploads\/2022\/09\/Ironman-Eiben-2022-2-1-1153x1536.jpeg 1153w\" sizes=\"(max-width: 1200px) 100vw, 1200px\" \/><\/a><figcaption id=\"caption-attachment-14625\" class=\"wp-caption-text\"><em>Das Rad ist schon verstaut!<\/em><\/figcaption><\/figure>\n<p><em>Nun geht es morgen in den Flieger und dann hoffentlich gesund auf die Insel. F\u00fcr Freunde der Zahlen und Sportler, die gerne wissen m\u00f6chten, was sich hinter dem Training der letzten Wochen an Fakten verbirgt (ich wurde das oft gefragt): Im Schnitt trainierte ich etwa 20 Stunden die Woche. Davon in der Regel neun bis zehn Stunden auf dem Rad, vier bis f\u00fcnf beim Laufen, drei bis vier im Schwimmbad und etwas Kraft- und Stabilit\u00e4tstraining nebenbei. Meistens gab es je eine etwas intensivere Einheit im Radfahren und im Laufen pro Woche, dazu eine l\u00e4ngere Einheit im Koppelmodus \u2013 also Radfahren und Laufen direkt hintereinander. Diese Koppeltrainings k\u00f6nnen dann auch schon mal bis zu f\u00fcnf Stunden lang werden. Der Rest war meistens eher langsameres Training drumherum, im Idealfall auch noch mit einer l\u00e4ngeren Rad- oder Laufeinheit dabei.<\/em><\/p>\n<p><em>So weit zur Vorgeschichte. Ich hoffe auf eine stressfreie Anreise morgen und melde mich dann hoffentlich gesund und munter aus Kona auf Big Island in Hawaii, auf der es in der Woche vor dem Wettkampf noch einiges zu tun gibt. In diesem Sinne: Aloha!<\/em><\/p>\n","protected":false},"excerpt":{"rendered":"<p>Das gab es bislang noch nicht am Max: Unser Sportlehrer Reinke Eiben startet in diesem Jahr beim Ironman-Triathlon auf Hawaii! Ein besonderes Erlebnis, \u00fcber das<a class=\"moretag\" href=\"https:\/\/max-emden.de\/wordpress\/aloha-reinke-eiben-startet-beim-ironman-auf-hawaii\/\"> [&#8230;]<\/a><\/p>\n","protected":false},"author":3,"featured_media":14623,"comment_status":"closed","ping_status":"closed","sticky":false,"template":"","format":"standard","meta":{"footnotes":""},"categories":[2],"tags":[96],"class_list":["post-14620","post","type-post","status-publish","format-standard","has-post-thumbnail","hentry","category-allgemein","tag-aktuell"],"_links":{"self":[{"href":"https:\/\/max-emden.de\/wordpress\/wp-json\/wp\/v2\/posts\/14620","targetHints":{"allow":["GET"]}}],"collection":[{"href":"https:\/\/max-emden.de\/wordpress\/wp-json\/wp\/v2\/posts"}],"about":[{"href":"https:\/\/max-emden.de\/wordpress\/wp-json\/wp\/v2\/types\/post"}],"author":[{"embeddable":true,"href":"https:\/\/max-emden.de\/wordpress\/wp-json\/wp\/v2\/users\/3"}],"replies":[{"embeddable":true,"href":"https:\/\/max-emden.de\/wordpress\/wp-json\/wp\/v2\/comments?post=14620"}],"version-history":[{"count":2,"href":"https:\/\/max-emden.de\/wordpress\/wp-json\/wp\/v2\/posts\/14620\/revisions"}],"predecessor-version":[{"id":14626,"href":"https:\/\/max-emden.de\/wordpress\/wp-json\/wp\/v2\/posts\/14620\/revisions\/14626"}],"wp:featuredmedia":[{"embeddable":true,"href":"https:\/\/max-emden.de\/wordpress\/wp-json\/wp\/v2\/media\/14623"}],"wp:attachment":[{"href":"https:\/\/max-emden.de\/wordpress\/wp-json\/wp\/v2\/media?parent=14620"}],"wp:term":[{"taxonomy":"category","embeddable":true,"href":"https:\/\/max-emden.de\/wordpress\/wp-json\/wp\/v2\/categories?post=14620"},{"taxonomy":"post_tag","embeddable":true,"href":"https:\/\/max-emden.de\/wordpress\/wp-json\/wp\/v2\/tags?post=14620"}],"curies":[{"name":"wp","href":"https:\/\/api.w.org\/{rel}","templated":true}]}}