{"id":14678,"date":"2022-10-06T10:59:43","date_gmt":"2022-10-06T08:59:43","guid":{"rendered":"https:\/\/max-emden.de\/wordpress\/?p=14678"},"modified":"2022-10-31T14:35:13","modified_gmt":"2022-10-31T13:35:13","slug":"noch-ein-paar-tage-bis-zum-start-reinke-eiben-berichtet-von-hawaii","status":"publish","type":"post","link":"https:\/\/max-emden.de\/wordpress\/noch-ein-paar-tage-bis-zum-start-reinke-eiben-berichtet-von-hawaii\/","title":{"rendered":"Noch ein paar Tage bis zum Start &#8211; Reinke Eiben berichtet von Hawaii"},"content":{"rendered":"<p>&#8222;Aloha,<\/p>\n<p>es ist hier gerade Mittwochmittag (ihr liegt alle sch\u00f6n im Bett) und ich habe endlich mal etwas Luft zum Schreiben. F\u00fcnf Tage auf Big Island sind schon rum. Sehr erlebnisreiche und vielf\u00e4ltige Tage. Die lange Anreise konnte ich eigentlich ganz gut verkraften, der Jetlag sorgte aber die ersten Tage daf\u00fcr, dass man p\u00fcnktlich um 3:30 Uhr wach wurde. Das ist aber gar nicht so schlimm, denn tats\u00e4chlich beginnt Kona (der Ort des Geschehens hier an der Westk\u00fcste) ab vier bis f\u00fcnf Uhr zu brodeln. Dann machen sich etliche Triathleten, aber auch Einheimische, auf der Flucht vor Hitze und Verkehr auf zum Laufen oder auf\u2019s Rad. Wenn gegen sechs Uhr die Sonne aufgeht, wird auch das Meer rund um den Pier mit etlichen Schwimmern bev\u00f6lkert. Sobald die Sonne ab sieben Uhr \u00fcber die Berge strahlt, wird es schlagartig hei\u00df. So hei\u00df, dass man es in der Sonne und ohne Wind eigentlich kaum aush\u00e4lt.<\/p>\n<figure id=\"attachment_14679\" aria-describedby=\"caption-attachment-14679\" style=\"width: 1200px\" class=\"wp-caption alignnone\"><a href=\"https:\/\/max-emden.de\/wordpress\/wp-content\/uploads\/2022\/10\/IMG-20221005-WA0000.jpg\"><img fetchpriority=\"high\" decoding=\"async\" class=\"wp-image-14679 size-full\" src=\"https:\/\/max-emden.de\/wordpress\/wp-content\/uploads\/2022\/10\/IMG-20221005-WA0000.jpg\" alt=\"\" width=\"1200\" height=\"1600\" srcset=\"https:\/\/max-emden.de\/wordpress\/wp-content\/uploads\/2022\/10\/IMG-20221005-WA0000.jpg 1200w, https:\/\/max-emden.de\/wordpress\/wp-content\/uploads\/2022\/10\/IMG-20221005-WA0000-225x300.jpg 225w, https:\/\/max-emden.de\/wordpress\/wp-content\/uploads\/2022\/10\/IMG-20221005-WA0000-768x1024.jpg 768w, https:\/\/max-emden.de\/wordpress\/wp-content\/uploads\/2022\/10\/IMG-20221005-WA0000-1152x1536.jpg 1152w\" sizes=\"(max-width: 1200px) 100vw, 1200px\" \/><\/a><figcaption id=\"caption-attachment-14679\" class=\"wp-caption-text\"><em>Hat seinen Namen unter den Startern gefunden: Reinke Eiben<\/em><\/figcaption><\/figure>\n<p>In den letzten Tagen standen neben der Akklimatisierung, des Trainings und den formalen Pflichten (Registrierung, Race-Briefing, Check-In usw&#8230;) auch viele kulturelle Punkte auf dem Plan. Wenn man (h\u00f6chstwahrscheinlich) nur einmal im Leben hier ist, will man nat\u00fcrlich auch das Maximum an Erlebnissen rausholen. Auf einer zw\u00f6lfst\u00fcndigen Inselrundfahrt (die Insel ist tats\u00e4chlich \u00fcberraschend gro\u00df) konnten wir viel \u00fcber Vulkanismus, besondere Pflanzenarten und hawaiianische Mythologie sowie die Geschichten um die Fahrten des James Cook hierher erfahren. Die Insel ist einzigartig vielf\u00e4ltig: Neben mondartigen Lavafeldern und schwarzen Sandstr\u00e4nden gibt es auch dichten Dschungel und \u2013 wenn man die \u00fcber 4000m hohen Vulkane der Insel befahren sollte \u2013 sogar Minusgrade und Schnee. Diese Vielfalt macht Big Island wahrscheinlich weltweit einzigartig. Zum Surfen ist es hier weniger geeignet, da bietet sich die Nachbarinsel Maui mit ihren Monsterwellen besser an.<\/p>\n<figure id=\"attachment_14682\" aria-describedby=\"caption-attachment-14682\" style=\"width: 1599px\" class=\"wp-caption alignnone\"><a href=\"https:\/\/max-emden.de\/wordpress\/wp-content\/uploads\/2022\/10\/IMG-20221005-WA0003.jpg\"><img decoding=\"async\" class=\"wp-image-14682 size-full\" src=\"https:\/\/max-emden.de\/wordpress\/wp-content\/uploads\/2022\/10\/IMG-20221005-WA0003.jpg\" alt=\"\" width=\"1599\" height=\"1200\" srcset=\"https:\/\/max-emden.de\/wordpress\/wp-content\/uploads\/2022\/10\/IMG-20221005-WA0003.jpg 1599w, https:\/\/max-emden.de\/wordpress\/wp-content\/uploads\/2022\/10\/IMG-20221005-WA0003-300x225.jpg 300w, https:\/\/max-emden.de\/wordpress\/wp-content\/uploads\/2022\/10\/IMG-20221005-WA0003-1024x768.jpg 1024w, https:\/\/max-emden.de\/wordpress\/wp-content\/uploads\/2022\/10\/IMG-20221005-WA0003-768x576.jpg 768w, https:\/\/max-emden.de\/wordpress\/wp-content\/uploads\/2022\/10\/IMG-20221005-WA0003-1536x1153.jpg 1536w\" sizes=\"(max-width: 1599px) 100vw, 1599px\" \/><\/a><figcaption id=\"caption-attachment-14682\" class=\"wp-caption-text\"><em>Sightseeing im Schulbus<\/em><\/figcaption><\/figure>\n<p>Ganz eingelullt in die Hitze und die vielf\u00e4ltigen exotischen Ger\u00fcche dieser Insel ist das Training wirklich besonders. Nicht nur kommt man sich vor, als w\u00fcrde man in einer Sauna fahren und laufen, auch die Winde sind recht stark und phasenweise unberechenbar und machen das Radfahren damit mitunter zur wackligen Angelegenheit. Das Schwimmen im 27 Grad warmen Meer ist ein bisschen so, als w\u00fcrde man in einem Aquarium schwimmen \u2013 manchmal mit Schildkr\u00f6ten- und Delfinbegleitung (auch wenn ich sie bisher nur aus der Ferne sehen konnte).<\/p>\n<p>Die Insel pulsiert im Triathlonrhythmus \u2013 so viele Triathleten und Sportler auf einem kleinen Fleck hat man sicherlich nirgends sonst. Alle hier sind so fit und austrainiert (und zeigen das auch sehr gerne), dass man sich manchmal fragt, warum man sich \u00fcberhaupt an die Startlinie stellen soll. Der (manchmal zu stark ausgepr\u00e4gte) Selbstdarstellungswahn unter Triathleten ist hier wohl ebenfalls auf seinem H\u00f6hepunkt.<\/p>\n<figure id=\"attachment_14683\" aria-describedby=\"caption-attachment-14683\" style=\"width: 1599px\" class=\"wp-caption alignnone\"><a href=\"https:\/\/max-emden.de\/wordpress\/wp-content\/uploads\/2022\/10\/IMG-20221005-WA0004.jpg\"><img decoding=\"async\" class=\"wp-image-14683 size-full\" src=\"https:\/\/max-emden.de\/wordpress\/wp-content\/uploads\/2022\/10\/IMG-20221005-WA0004.jpg\" alt=\"\" width=\"1599\" height=\"1200\" srcset=\"https:\/\/max-emden.de\/wordpress\/wp-content\/uploads\/2022\/10\/IMG-20221005-WA0004.jpg 1599w, https:\/\/max-emden.de\/wordpress\/wp-content\/uploads\/2022\/10\/IMG-20221005-WA0004-300x225.jpg 300w, https:\/\/max-emden.de\/wordpress\/wp-content\/uploads\/2022\/10\/IMG-20221005-WA0004-1024x768.jpg 1024w, https:\/\/max-emden.de\/wordpress\/wp-content\/uploads\/2022\/10\/IMG-20221005-WA0004-768x576.jpg 768w, https:\/\/max-emden.de\/wordpress\/wp-content\/uploads\/2022\/10\/IMG-20221005-WA0004-1536x1153.jpg 1536w\" sizes=\"(max-width: 1599px) 100vw, 1599px\" \/><\/a><figcaption id=\"caption-attachment-14683\" class=\"wp-caption-text\"><em>Demn\u00e4chst kocht das Wasser, wenn die Athleten das Meer durchpfl\u00fcgen<\/em><\/figcaption><\/figure>\n<p>W\u00e4hrend ich das hier gerade schreiben, kreisen bereits die ersten Hubschrauber am Himmel und machen die ersten Aufnahmen f\u00fcr dir morgige \u00dcbertragung, bei der alle Frauen sowie einige m\u00e4nnliche Agegrouper (Nicht-Profis) an den Start gehen. Mit einer irren Logistik wird im Ort gerade alles pr\u00e4pariert. Ich selbst starte am Samstag zusammen mit den anderen Athleten meiner Altersklasse und 15 Minuten nach den Profis. Auch wenn es bei mir angesichts der schwierigen Vorbereitung nur ums Ankommen geht, werde ich angesichts der krassen Bedingungen hier jetzt schon etwas nerv\u00f6s.<\/p>\n<figure id=\"attachment_14681\" aria-describedby=\"caption-attachment-14681\" style=\"width: 1599px\" class=\"wp-caption alignnone\"><a href=\"https:\/\/max-emden.de\/wordpress\/wp-content\/uploads\/2022\/10\/IMG-20221005-WA0002.jpg\"><img loading=\"lazy\" decoding=\"async\" class=\"wp-image-14681 size-full\" src=\"https:\/\/max-emden.de\/wordpress\/wp-content\/uploads\/2022\/10\/IMG-20221005-WA0002.jpg\" alt=\"\" width=\"1599\" height=\"1200\" srcset=\"https:\/\/max-emden.de\/wordpress\/wp-content\/uploads\/2022\/10\/IMG-20221005-WA0002.jpg 1599w, https:\/\/max-emden.de\/wordpress\/wp-content\/uploads\/2022\/10\/IMG-20221005-WA0002-300x225.jpg 300w, https:\/\/max-emden.de\/wordpress\/wp-content\/uploads\/2022\/10\/IMG-20221005-WA0002-1024x768.jpg 1024w, https:\/\/max-emden.de\/wordpress\/wp-content\/uploads\/2022\/10\/IMG-20221005-WA0002-768x576.jpg 768w, https:\/\/max-emden.de\/wordpress\/wp-content\/uploads\/2022\/10\/IMG-20221005-WA0002-1536x1153.jpg 1536w\" sizes=\"(max-width: 1599px) 100vw, 1599px\" \/><\/a><figcaption id=\"caption-attachment-14681\" class=\"wp-caption-text\"><em>Lavainseln mitteln im Ozean<\/em><\/figcaption><\/figure>\n<p>Da der sportliche Drops allerdings bereits gelutscht ist, geht es in diesen Tagen nur darum, den K\u00f6rper zu regenerieren, ausreichend zu verpflegen und mit kurzen Einheiten auf Betriebstemperatur zu halten. Ich gehe daf\u00fcr i.d.R. zweimal t\u00e4glich f\u00fcr 30-90 Minuten raus und belaste mich locker mit ein paar kurzen Intensit\u00e4ten. Training hier ist auch nicht wirklich sch\u00f6n, da es meistens auf dem Seitenstreifen neben dem vielbefahrenen Highway stattfindet \u2013 gef\u00e4hrlich und stressig.<\/p>\n<figure id=\"attachment_14680\" aria-describedby=\"caption-attachment-14680\" style=\"width: 1200px\" class=\"wp-caption alignnone\"><a href=\"https:\/\/max-emden.de\/wordpress\/wp-content\/uploads\/2022\/10\/IMG-20221005-WA0001.jpg\"><img loading=\"lazy\" decoding=\"async\" class=\"wp-image-14680 size-full\" src=\"https:\/\/max-emden.de\/wordpress\/wp-content\/uploads\/2022\/10\/IMG-20221005-WA0001.jpg\" alt=\"\" width=\"1200\" height=\"1599\" srcset=\"https:\/\/max-emden.de\/wordpress\/wp-content\/uploads\/2022\/10\/IMG-20221005-WA0001.jpg 1200w, https:\/\/max-emden.de\/wordpress\/wp-content\/uploads\/2022\/10\/IMG-20221005-WA0001-225x300.jpg 225w, https:\/\/max-emden.de\/wordpress\/wp-content\/uploads\/2022\/10\/IMG-20221005-WA0001-768x1023.jpg 768w, https:\/\/max-emden.de\/wordpress\/wp-content\/uploads\/2022\/10\/IMG-20221005-WA0001-1153x1536.jpg 1153w\" sizes=\"(max-width: 1200px) 100vw, 1200px\" \/><\/a><figcaption id=\"caption-attachment-14680\" class=\"wp-caption-text\"><em>Aloha &#8211; Gr\u00fc\u00dfe aus Hawaii<\/em><\/figcaption><\/figure>\n<p>Ich versuche, mich nochmal ausf\u00fchrlicher zu melden und verbleibe bis dahin mit einem hawaiianischen Aloha! (Hallo und Tsch\u00fcss) aus Kona auf Big Island, Hawaii!&#8220;<\/p>\n<p>&nbsp;<\/p>\n","protected":false},"excerpt":{"rendered":"<p>&#8222;Aloha, es ist hier gerade Mittwochmittag (ihr liegt alle sch\u00f6n im Bett) und ich habe endlich mal etwas Luft zum Schreiben. F\u00fcnf Tage auf Big<a class=\"moretag\" href=\"https:\/\/max-emden.de\/wordpress\/noch-ein-paar-tage-bis-zum-start-reinke-eiben-berichtet-von-hawaii\/\"> [&#8230;]<\/a><\/p>\n","protected":false},"author":3,"featured_media":14680,"comment_status":"closed","ping_status":"closed","sticky":false,"template":"","format":"standard","meta":{"footnotes":""},"categories":[2],"tags":[96],"class_list":["post-14678","post","type-post","status-publish","format-standard","has-post-thumbnail","hentry","category-allgemein","tag-aktuell"],"_links":{"self":[{"href":"https:\/\/max-emden.de\/wordpress\/wp-json\/wp\/v2\/posts\/14678","targetHints":{"allow":["GET"]}}],"collection":[{"href":"https:\/\/max-emden.de\/wordpress\/wp-json\/wp\/v2\/posts"}],"about":[{"href":"https:\/\/max-emden.de\/wordpress\/wp-json\/wp\/v2\/types\/post"}],"author":[{"embeddable":true,"href":"https:\/\/max-emden.de\/wordpress\/wp-json\/wp\/v2\/users\/3"}],"replies":[{"embeddable":true,"href":"https:\/\/max-emden.de\/wordpress\/wp-json\/wp\/v2\/comments?post=14678"}],"version-history":[{"count":2,"href":"https:\/\/max-emden.de\/wordpress\/wp-json\/wp\/v2\/posts\/14678\/revisions"}],"predecessor-version":[{"id":14685,"href":"https:\/\/max-emden.de\/wordpress\/wp-json\/wp\/v2\/posts\/14678\/revisions\/14685"}],"wp:featuredmedia":[{"embeddable":true,"href":"https:\/\/max-emden.de\/wordpress\/wp-json\/wp\/v2\/media\/14680"}],"wp:attachment":[{"href":"https:\/\/max-emden.de\/wordpress\/wp-json\/wp\/v2\/media?parent=14678"}],"wp:term":[{"taxonomy":"category","embeddable":true,"href":"https:\/\/max-emden.de\/wordpress\/wp-json\/wp\/v2\/categories?post=14678"},{"taxonomy":"post_tag","embeddable":true,"href":"https:\/\/max-emden.de\/wordpress\/wp-json\/wp\/v2\/tags?post=14678"}],"curies":[{"name":"wp","href":"https:\/\/api.w.org\/{rel}","templated":true}]}}