{"id":14759,"date":"2022-11-06T20:21:43","date_gmt":"2022-11-06T19:21:43","guid":{"rendered":"https:\/\/max-emden.de\/wordpress\/?p=14759"},"modified":"2022-11-22T16:41:28","modified_gmt":"2022-11-22T15:41:28","slug":"besuch-der-martin-luther-kirche-des-sechsten-jahrgangs","status":"publish","type":"post","link":"https:\/\/max-emden.de\/wordpress\/besuch-der-martin-luther-kirche-des-sechsten-jahrgangs\/","title":{"rendered":"Besuch der Martin Luther Kirche des sechsten Jahrgangs"},"content":{"rendered":"<p style=\"font-weight: 400;\"><span style=\"font-weight: 400;\">Unterrichtsinhalte sind nicht nur zum Lernen, sondern auch zum Erleben da. Deshalb haben die Religionskurse des sechsten Jahrgangs im Rahmen der Unterrichtseinheit \u201etypisch evangelisch \u2013 typisch katholisch\u201c den Kirchenraum der Martin Luther Kirche erkundet. Religion zum Anfassen und nicht nur zum Lesen! Gemeinsam bestaunten die Sch\u00fclerinnen und Sch\u00fcler mit ihren Lehrkr\u00e4ften, Frau Frers, Frau Colmsee und Frau Schenkel, den imposanten Kirchenraum. Durch eine Rallye konnten dieser und die einzelnen Gegenst\u00e4nde der evangelischen Kirche n\u00e4her kennengelernt werden.<\/span><\/p>\n<p>&nbsp;<\/p>\n<p><a href=\"https:\/\/max-emden.de\/wordpress\/wp-content\/uploads\/2022\/11\/PHOTO-2022-11-04-15-07-31.jpg\"><img fetchpriority=\"high\" decoding=\"async\" class=\"size-medium wp-image-14762 alignleft\" src=\"https:\/\/max-emden.de\/wordpress\/wp-content\/uploads\/2022\/11\/PHOTO-2022-11-04-15-07-31-300x225.jpg\" alt=\"\" width=\"300\" height=\"225\" srcset=\"https:\/\/max-emden.de\/wordpress\/wp-content\/uploads\/2022\/11\/PHOTO-2022-11-04-15-07-31-300x225.jpg 300w, https:\/\/max-emden.de\/wordpress\/wp-content\/uploads\/2022\/11\/PHOTO-2022-11-04-15-07-31-1024x768.jpg 1024w, https:\/\/max-emden.de\/wordpress\/wp-content\/uploads\/2022\/11\/PHOTO-2022-11-04-15-07-31-768x576.jpg 768w, https:\/\/max-emden.de\/wordpress\/wp-content\/uploads\/2022\/11\/PHOTO-2022-11-04-15-07-31-1536x1152.jpg 1536w, https:\/\/max-emden.de\/wordpress\/wp-content\/uploads\/2022\/11\/PHOTO-2022-11-04-15-07-31.jpg 2048w\" sizes=\"(max-width: 300px) 100vw, 300px\" \/><\/a><a href=\"https:\/\/max-emden.de\/wordpress\/wp-content\/uploads\/2022\/11\/PHOTO-2022-11-04-15-07-32-2.jpg\"><img decoding=\"async\" class=\"size-medium wp-image-14760 alignleft\" src=\"https:\/\/max-emden.de\/wordpress\/wp-content\/uploads\/2022\/11\/PHOTO-2022-11-04-15-07-32-2-300x225.jpg\" alt=\"\" width=\"300\" height=\"225\" srcset=\"https:\/\/max-emden.de\/wordpress\/wp-content\/uploads\/2022\/11\/PHOTO-2022-11-04-15-07-32-2-300x225.jpg 300w, https:\/\/max-emden.de\/wordpress\/wp-content\/uploads\/2022\/11\/PHOTO-2022-11-04-15-07-32-2-1024x768.jpg 1024w, https:\/\/max-emden.de\/wordpress\/wp-content\/uploads\/2022\/11\/PHOTO-2022-11-04-15-07-32-2-768x576.jpg 768w, https:\/\/max-emden.de\/wordpress\/wp-content\/uploads\/2022\/11\/PHOTO-2022-11-04-15-07-32-2-1536x1152.jpg 1536w, https:\/\/max-emden.de\/wordpress\/wp-content\/uploads\/2022\/11\/PHOTO-2022-11-04-15-07-32-2.jpg 2048w\" sizes=\"(max-width: 300px) 100vw, 300px\" \/><\/a><\/p>\n<p>&nbsp;<\/p>\n","protected":false},"excerpt":{"rendered":"<p>Unterrichtsinhalte sind nicht nur zum Lernen, sondern auch zum Erleben da. Deshalb haben die Religionskurse des sechsten Jahrgangs im Rahmen der Unterrichtseinheit \u201etypisch evangelisch \u2013<a class=\"moretag\" href=\"https:\/\/max-emden.de\/wordpress\/besuch-der-martin-luther-kirche-des-sechsten-jahrgangs\/\"> [&#8230;]<\/a><\/p>\n","protected":false},"author":1,"featured_media":14761,"comment_status":"closed","ping_status":"closed","sticky":false,"template":"","format":"standard","meta":{"footnotes":""},"categories":[48],"tags":[],"class_list":["post-14759","post","type-post","status-publish","format-standard","has-post-thumbnail","hentry","category-religion"],"_links":{"self":[{"href":"https:\/\/max-emden.de\/wordpress\/wp-json\/wp\/v2\/posts\/14759","targetHints":{"allow":["GET"]}}],"collection":[{"href":"https:\/\/max-emden.de\/wordpress\/wp-json\/wp\/v2\/posts"}],"about":[{"href":"https:\/\/max-emden.de\/wordpress\/wp-json\/wp\/v2\/types\/post"}],"author":[{"embeddable":true,"href":"https:\/\/max-emden.de\/wordpress\/wp-json\/wp\/v2\/users\/1"}],"replies":[{"embeddable":true,"href":"https:\/\/max-emden.de\/wordpress\/wp-json\/wp\/v2\/comments?post=14759"}],"version-history":[{"count":1,"href":"https:\/\/max-emden.de\/wordpress\/wp-json\/wp\/v2\/posts\/14759\/revisions"}],"predecessor-version":[{"id":14763,"href":"https:\/\/max-emden.de\/wordpress\/wp-json\/wp\/v2\/posts\/14759\/revisions\/14763"}],"wp:featuredmedia":[{"embeddable":true,"href":"https:\/\/max-emden.de\/wordpress\/wp-json\/wp\/v2\/media\/14761"}],"wp:attachment":[{"href":"https:\/\/max-emden.de\/wordpress\/wp-json\/wp\/v2\/media?parent=14759"}],"wp:term":[{"taxonomy":"category","embeddable":true,"href":"https:\/\/max-emden.de\/wordpress\/wp-json\/wp\/v2\/categories?post=14759"},{"taxonomy":"post_tag","embeddable":true,"href":"https:\/\/max-emden.de\/wordpress\/wp-json\/wp\/v2\/tags?post=14759"}],"curies":[{"name":"wp","href":"https:\/\/api.w.org\/{rel}","templated":true}]}}