{"id":14917,"date":"2022-12-18T20:19:24","date_gmt":"2022-12-18T19:19:24","guid":{"rendered":"https:\/\/max-emden.de\/wordpress\/?p=14917"},"modified":"2022-12-22T07:26:37","modified_gmt":"2022-12-22T06:26:37","slug":"unterrichtsausfall-am-19-12-2022","status":"publish","type":"post","link":"https:\/\/max-emden.de\/wordpress\/unterrichtsausfall-am-19-12-2022\/","title":{"rendered":"Unterrichtsausfall am 19.12.2022!"},"content":{"rendered":"<div dir=\"ltr\">Liebe Sch\u00fclerinnen und Sch\u00fcler, sehr geehrte Eltern,<\/div>\n<div dir=\"ltr\"><\/div>\n<div dir=\"ltr\">der Unterricht f\u00e4llt morgen, Montag, 19.12.2022, witterungsbedingt aus.<\/div>\n<div dir=\"ltr\">F\u00fcr Sch\u00fcler\/innen und Sch\u00fcler der 5. und 6. Klassen, die trotz der Witterungsverh\u00e4ltnisse in die Schule kommen, wird eine Notbetreuung angeboten.<\/div>\n<div dir=\"ltr\"><\/div>\n<div dir=\"ltr\">Bitte beachten Sie die Nachrichten auf dem Vertretungsplan und im Rundfunk bzw. auf der Website www.emden.de.<\/div>\n<div dir=\"ltr\"><\/div>\n<div dir=\"ltr\">Mit freundlichen Gr\u00fc\u00dfen<\/div>\n<div dir=\"ltr\"><\/div>\n<div dir=\"ltr\">Frank Tapper<\/div>\n<div dir=\"ltr\">Schulleiter<\/div>\n<div dir=\"ltr\"><\/div>\n","protected":false},"excerpt":{"rendered":"<p>Liebe Sch\u00fclerinnen und Sch\u00fcler, sehr geehrte Eltern, der Unterricht f\u00e4llt morgen, Montag, 19.12.2022, witterungsbedingt aus. F\u00fcr Sch\u00fcler\/innen und Sch\u00fcler der 5. und 6. Klassen, die<a class=\"moretag\" href=\"https:\/\/max-emden.de\/wordpress\/unterrichtsausfall-am-19-12-2022\/\"> [&#8230;]<\/a><\/p>\n","protected":false},"author":3,"featured_media":14919,"comment_status":"closed","ping_status":"closed","sticky":false,"template":"","format":"standard","meta":{"footnotes":""},"categories":[2],"tags":[96],"class_list":["post-14917","post","type-post","status-publish","format-standard","has-post-thumbnail","hentry","category-allgemein","tag-aktuell"],"_links":{"self":[{"href":"https:\/\/max-emden.de\/wordpress\/wp-json\/wp\/v2\/posts\/14917","targetHints":{"allow":["GET"]}}],"collection":[{"href":"https:\/\/max-emden.de\/wordpress\/wp-json\/wp\/v2\/posts"}],"about":[{"href":"https:\/\/max-emden.de\/wordpress\/wp-json\/wp\/v2\/types\/post"}],"author":[{"embeddable":true,"href":"https:\/\/max-emden.de\/wordpress\/wp-json\/wp\/v2\/users\/3"}],"replies":[{"embeddable":true,"href":"https:\/\/max-emden.de\/wordpress\/wp-json\/wp\/v2\/comments?post=14917"}],"version-history":[{"count":1,"href":"https:\/\/max-emden.de\/wordpress\/wp-json\/wp\/v2\/posts\/14917\/revisions"}],"predecessor-version":[{"id":14920,"href":"https:\/\/max-emden.de\/wordpress\/wp-json\/wp\/v2\/posts\/14917\/revisions\/14920"}],"wp:featuredmedia":[{"embeddable":true,"href":"https:\/\/max-emden.de\/wordpress\/wp-json\/wp\/v2\/media\/14919"}],"wp:attachment":[{"href":"https:\/\/max-emden.de\/wordpress\/wp-json\/wp\/v2\/media?parent=14917"}],"wp:term":[{"taxonomy":"category","embeddable":true,"href":"https:\/\/max-emden.de\/wordpress\/wp-json\/wp\/v2\/categories?post=14917"},{"taxonomy":"post_tag","embeddable":true,"href":"https:\/\/max-emden.de\/wordpress\/wp-json\/wp\/v2\/tags?post=14917"}],"curies":[{"name":"wp","href":"https:\/\/api.w.org\/{rel}","templated":true}]}}