{"id":15087,"date":"2023-02-01T17:33:26","date_gmt":"2023-02-01T16:33:26","guid":{"rendered":"https:\/\/max-emden.de\/wordpress\/?p=15087"},"modified":"2025-01-13T17:34:05","modified_gmt":"2025-01-13T16:34:05","slug":"spannung-beim-max-lesewettbewerb-spanisch","status":"publish","type":"post","link":"https:\/\/max-emden.de\/wordpress\/spannung-beim-max-lesewettbewerb-spanisch\/","title":{"rendered":"Spannung beim Max-Lesewettbewerb Spanisch!"},"content":{"rendered":"<div dir=\"ltr\">Auch in diesem Jahr trafen sich am 26. Januar 2023 wieder die besten Vorleser und Vorleserinnen der Spanischkurse der Jahrg\u00e4nge 6\/7, um in der Max-Bibliothek ihr K\u00f6nnen unter Beweis zu stellen. Alle Vorleser:innen mussten jeweils einen bekannten sowie einen unbekannten spanischen Text der fachkundigen Jury vorlesen, die aus Emre Alslan (9b) als Sch\u00fclervertreter, Frau Henkelmann als Muttersprachlerin und Frau van Hove als Fachobfrau bestand.<\/div>\n<div dir=\"ltr\"><\/div>\n<div dir=\"ltr\">\n<figure id=\"attachment_15088\" aria-describedby=\"caption-attachment-15088\" style=\"width: 1614px\" class=\"wp-caption alignnone\"><a href=\"https:\/\/max-emden.de\/wordpress\/wp-content\/uploads\/2023\/02\/Franz-Vorlesewettbewerb-2023-LR.jpg\"><img fetchpriority=\"high\" decoding=\"async\" class=\"wp-image-15088 size-full\" src=\"https:\/\/max-emden.de\/wordpress\/wp-content\/uploads\/2023\/02\/Franz-Vorlesewettbewerb-2023-LR-e1675269063670.jpg\" alt=\"\" width=\"1614\" height=\"1065\" srcset=\"https:\/\/max-emden.de\/wordpress\/wp-content\/uploads\/2023\/02\/Franz-Vorlesewettbewerb-2023-LR-e1675269063670.jpg 1614w, https:\/\/max-emden.de\/wordpress\/wp-content\/uploads\/2023\/02\/Franz-Vorlesewettbewerb-2023-LR-e1675269063670-300x198.jpg 300w, https:\/\/max-emden.de\/wordpress\/wp-content\/uploads\/2023\/02\/Franz-Vorlesewettbewerb-2023-LR-e1675269063670-1024x676.jpg 1024w, https:\/\/max-emden.de\/wordpress\/wp-content\/uploads\/2023\/02\/Franz-Vorlesewettbewerb-2023-LR-e1675269063670-768x507.jpg 768w, https:\/\/max-emden.de\/wordpress\/wp-content\/uploads\/2023\/02\/Franz-Vorlesewettbewerb-2023-LR-e1675269063670-1536x1014.jpg 1536w\" sizes=\"(max-width: 1614px) 100vw, 1614px\" \/><\/a><figcaption id=\"caption-attachment-15088\" class=\"wp-caption-text\"><em>Die erfolgreichen Teilnehmer am Vorlesewettbewerb Spanisch!<\/em><\/figcaption><\/figure>\n<\/div>\n<div dir=\"ltr\">Aus Frau Herfurths Spanischkurs konnte sich Leif Grotl\u00fcschen (6a) im Unterricht zun\u00e4chst gegen Kaloyan Dobrev (6c) durchsetzen, um dann im Finale gegen Malek Bardawi (6d) anzutreten, der zuvor gegen Enna Janssen (6b) aus Frau Eggerts Spanischkurs gewonnen hatte. Auch der 7. Jahrgang zeigte sich vorlesebegeistert, doch konnten sich Amelie Ble\u00df (7b) und Freyja H\u00fcsing (7b) im Vorentscheid souver\u00e4n gegen Nalin Aldemir (7a) und Ida Schelzel (7b) behaupten.<\/div>\n<div dir=\"ltr\"><\/div>\n<div dir=\"ltr\">Nach einem spannenden Kopf-an-Kopf-Rennen konnte Leif Grotl\u00fcschen (6a) schlie\u00dflich als bester Vorleser f\u00fcr den Jahrgang 6 ausgemacht werden, im Jahrgang 7 setzte sich dahingegen\u00a0 Amelie Ble\u00df durch. Alle Teilnehmer:innen erhielten f\u00fcr ihre \u00fcberzeugende Leseleistung sch\u00f6ne Preise, die Gewinner bekamen zudem einen Premio Cervantes &#8211; \u00a1 felicidades!<\/div>\n<div dir=\"ltr\"><\/div>\n<div dir=\"ltr\" style=\"text-align: right;\"><em>Susanne van Hove<\/em><\/div>\n","protected":false},"excerpt":{"rendered":"<p>Auch in diesem Jahr trafen sich am 26. Januar 2023 wieder die besten Vorleser und Vorleserinnen der Spanischkurse der Jahrg\u00e4nge 6\/7, um in der Max-Bibliothek<a class=\"moretag\" href=\"https:\/\/max-emden.de\/wordpress\/spannung-beim-max-lesewettbewerb-spanisch\/\"> [&#8230;]<\/a><\/p>\n","protected":false},"author":3,"featured_media":15088,"comment_status":"closed","ping_status":"closed","sticky":false,"template":"","format":"standard","meta":{"footnotes":""},"categories":[51,100],"tags":[96],"class_list":["post-15087","post","type-post","status-publish","format-standard","has-post-thumbnail","hentry","category-spanisch","category-aufgabenfeld-a","tag-aktuell"],"_links":{"self":[{"href":"https:\/\/max-emden.de\/wordpress\/wp-json\/wp\/v2\/posts\/15087","targetHints":{"allow":["GET"]}}],"collection":[{"href":"https:\/\/max-emden.de\/wordpress\/wp-json\/wp\/v2\/posts"}],"about":[{"href":"https:\/\/max-emden.de\/wordpress\/wp-json\/wp\/v2\/types\/post"}],"author":[{"embeddable":true,"href":"https:\/\/max-emden.de\/wordpress\/wp-json\/wp\/v2\/users\/3"}],"replies":[{"embeddable":true,"href":"https:\/\/max-emden.de\/wordpress\/wp-json\/wp\/v2\/comments?post=15087"}],"version-history":[{"count":1,"href":"https:\/\/max-emden.de\/wordpress\/wp-json\/wp\/v2\/posts\/15087\/revisions"}],"predecessor-version":[{"id":15089,"href":"https:\/\/max-emden.de\/wordpress\/wp-json\/wp\/v2\/posts\/15087\/revisions\/15089"}],"wp:featuredmedia":[{"embeddable":true,"href":"https:\/\/max-emden.de\/wordpress\/wp-json\/wp\/v2\/media\/15088"}],"wp:attachment":[{"href":"https:\/\/max-emden.de\/wordpress\/wp-json\/wp\/v2\/media?parent=15087"}],"wp:term":[{"taxonomy":"category","embeddable":true,"href":"https:\/\/max-emden.de\/wordpress\/wp-json\/wp\/v2\/categories?post=15087"},{"taxonomy":"post_tag","embeddable":true,"href":"https:\/\/max-emden.de\/wordpress\/wp-json\/wp\/v2\/tags?post=15087"}],"curies":[{"name":"wp","href":"https:\/\/api.w.org\/{rel}","templated":true}]}}