{"id":15181,"date":"2023-02-14T17:27:55","date_gmt":"2023-02-14T16:27:55","guid":{"rendered":"https:\/\/max-emden.de\/wordpress\/?p=15181"},"modified":"2023-02-21T10:50:05","modified_gmt":"2023-02-21T09:50:05","slug":"lasst-kein-unrecht-zu-zeitzeuge-ivar-buterfas-frankenthal-zu-gast-in-emden","status":"publish","type":"post","link":"https:\/\/max-emden.de\/wordpress\/lasst-kein-unrecht-zu-zeitzeuge-ivar-buterfas-frankenthal-zu-gast-in-emden\/","title":{"rendered":"\u201eLasst kein Unrecht zu!\u201c &#8211; Zeitzeuge Ivar Buterfas-Frankenthal zu Gast in Emden"},"content":{"rendered":"<figure id=\"attachment_15183\" aria-describedby=\"caption-attachment-15183\" style=\"width: 1813px\" class=\"wp-caption alignnone\"><a href=\"https:\/\/max-emden.de\/wordpress\/wp-content\/uploads\/2023\/02\/20230214_100114.jpg\"><img fetchpriority=\"high\" decoding=\"async\" class=\"wp-image-15183 size-full\" src=\"https:\/\/max-emden.de\/wordpress\/wp-content\/uploads\/2023\/02\/20230214_100114.jpg\" alt=\"\" width=\"1813\" height=\"1360\" srcset=\"https:\/\/max-emden.de\/wordpress\/wp-content\/uploads\/2023\/02\/20230214_100114.jpg 1813w, https:\/\/max-emden.de\/wordpress\/wp-content\/uploads\/2023\/02\/20230214_100114-300x225.jpg 300w, https:\/\/max-emden.de\/wordpress\/wp-content\/uploads\/2023\/02\/20230214_100114-1024x768.jpg 1024w, https:\/\/max-emden.de\/wordpress\/wp-content\/uploads\/2023\/02\/20230214_100114-768x576.jpg 768w, https:\/\/max-emden.de\/wordpress\/wp-content\/uploads\/2023\/02\/20230214_100114-1536x1152.jpg 1536w\" sizes=\"(max-width: 1813px) 100vw, 1813px\" \/><\/a><figcaption id=\"caption-attachment-15183\" class=\"wp-caption-text\"><em>Dagmar und Ivar Buterfas-Frankenthal berichteten aus ihrem Leben.<\/em><\/figcaption><\/figure>\n<p>\u201eLasst kein Unrecht zu! Seht hin, wenn andere wegsehen!\u201c Eindringlich appellierte Ivar Buterfas-Frankenthal immer wieder an seine Zuh\u00f6rer im Forum der VHS, die einen beeindruckenden Vormittag erlebten: Gemeinsam mit seiner Frau Dagmar \u2013 67 Jahre sind die beiden verheiratet! &#8211; berichtete der Holocaust-\u00dcberlebende Ivar Buterfas-Frankenthal heute vor Sch\u00fcler:innen des Max-Windm\u00fcller-Gymnasiums, des JAG, der BBS I und II und der IGS \u00a0im Forum der VHS aus seinem Leben. Trotz seiner inzwischen 90 Jahre ist er unerm\u00fcdlich unterwegs: \u00dcber 1500 Male hat der Sohn einer christlichen Mutter und eines j\u00fcdischen Vaters schon vor Publikum seine \u00dcberlebensgeschichte erz\u00e4hlt &#8211; um damit f\u00fcr die Demokratie zu k\u00e4mpfen! Mit deutlichen Worten warnte er vor deren Gegnern \u2013 ebenso wie Johann Saathoff, der in seinem Gru\u00dfwort sagte: \u201eNicht jeder, der in den Bundestag gew\u00e4hlt wird, ist ein Demokrat.\u201c<\/p>\n<figure id=\"attachment_15182\" aria-describedby=\"caption-attachment-15182\" style=\"width: 1132px\" class=\"wp-caption alignnone\"><a href=\"https:\/\/max-emden.de\/wordpress\/wp-content\/uploads\/2023\/02\/IMG-20230214-WA0005.jpg\"><img decoding=\"async\" class=\"wp-image-15182 size-full\" src=\"https:\/\/max-emden.de\/wordpress\/wp-content\/uploads\/2023\/02\/IMG-20230214-WA0005.jpg\" alt=\"\" width=\"1132\" height=\"849\" srcset=\"https:\/\/max-emden.de\/wordpress\/wp-content\/uploads\/2023\/02\/IMG-20230214-WA0005.jpg 1132w, https:\/\/max-emden.de\/wordpress\/wp-content\/uploads\/2023\/02\/IMG-20230214-WA0005-300x225.jpg 300w, https:\/\/max-emden.de\/wordpress\/wp-content\/uploads\/2023\/02\/IMG-20230214-WA0005-1024x768.jpg 1024w, https:\/\/max-emden.de\/wordpress\/wp-content\/uploads\/2023\/02\/IMG-20230214-WA0005-768x576.jpg 768w\" sizes=\"(max-width: 1132px) 100vw, 1132px\" \/><\/a><figcaption id=\"caption-attachment-15182\" class=\"wp-caption-text\"><em>Kommt aus dem Ort, in dem Buterfas Unterschlupf fand: Max-Sch\u00fclerin Monika Stoltmann bei der Signierstunde.<\/em><\/figcaption><\/figure>\n<p>Wie Gero Conring von der Max-Windm\u00fcller-Gesellschaft hob auch Oberb\u00fcrgermeister Tim Kruithoff die Bedeutung des Besuches von Zeitzeugen hervor: \u201eWir m\u00fcssen \u00fcber den Holocaust sprechen \u2013 gerade weil es die dunkelste Epoche unserer Geschichte ist.\u201c<\/p>\n<p>Herzlichen Dank an die Max-Windm\u00fcller-Gesellschaft und die VHS Emden f\u00fcr die Einladung zu dieser Veranstaltung! Ebenso Dank f\u00fcr die F\u00f6rderung an die Dr. Heinz E. &amp; Edith Samson Familienstiftung, den Landkreis Leer und die Stadt Emden!<\/p>\n","protected":false},"excerpt":{"rendered":"<p>\u201eLasst kein Unrecht zu! Seht hin, wenn andere wegsehen!\u201c Eindringlich appellierte Ivar Buterfas-Frankenthal immer wieder an seine Zuh\u00f6rer im Forum der VHS, die einen beeindruckenden<a class=\"moretag\" href=\"https:\/\/max-emden.de\/wordpress\/lasst-kein-unrecht-zu-zeitzeuge-ivar-buterfas-frankenthal-zu-gast-in-emden\/\"> [&#8230;]<\/a><\/p>\n","protected":false},"author":3,"featured_media":15183,"comment_status":"closed","ping_status":"closed","sticky":false,"template":"","format":"standard","meta":{"footnotes":""},"categories":[9],"tags":[96],"class_list":["post-15181","post","type-post","status-publish","format-standard","has-post-thumbnail","hentry","category-max-windmueller","tag-aktuell"],"_links":{"self":[{"href":"https:\/\/max-emden.de\/wordpress\/wp-json\/wp\/v2\/posts\/15181","targetHints":{"allow":["GET"]}}],"collection":[{"href":"https:\/\/max-emden.de\/wordpress\/wp-json\/wp\/v2\/posts"}],"about":[{"href":"https:\/\/max-emden.de\/wordpress\/wp-json\/wp\/v2\/types\/post"}],"author":[{"embeddable":true,"href":"https:\/\/max-emden.de\/wordpress\/wp-json\/wp\/v2\/users\/3"}],"replies":[{"embeddable":true,"href":"https:\/\/max-emden.de\/wordpress\/wp-json\/wp\/v2\/comments?post=15181"}],"version-history":[{"count":1,"href":"https:\/\/max-emden.de\/wordpress\/wp-json\/wp\/v2\/posts\/15181\/revisions"}],"predecessor-version":[{"id":15184,"href":"https:\/\/max-emden.de\/wordpress\/wp-json\/wp\/v2\/posts\/15181\/revisions\/15184"}],"wp:featuredmedia":[{"embeddable":true,"href":"https:\/\/max-emden.de\/wordpress\/wp-json\/wp\/v2\/media\/15183"}],"wp:attachment":[{"href":"https:\/\/max-emden.de\/wordpress\/wp-json\/wp\/v2\/media?parent=15181"}],"wp:term":[{"taxonomy":"category","embeddable":true,"href":"https:\/\/max-emden.de\/wordpress\/wp-json\/wp\/v2\/categories?post=15181"},{"taxonomy":"post_tag","embeddable":true,"href":"https:\/\/max-emden.de\/wordpress\/wp-json\/wp\/v2\/tags?post=15181"}],"curies":[{"name":"wp","href":"https:\/\/api.w.org\/{rel}","templated":true}]}}